{"id":185,"date":"2018-09-30T10:00:06","date_gmt":"2018-09-30T10:00:06","guid":{"rendered":"http:\/\/semmelweis.hu\/kavicsmentorprogram\/?p=185"},"modified":"2019-09-23T07:12:40","modified_gmt":"2019-09-23T07:12:40","slug":"mi-leszel-ha-nagy-leszel-szakestek-az-etk-n","status":"publish","type":"post","link":"https:\/\/semmelweis.hu\/etkfejlesztoiroda\/2018\/09\/30\/mi-leszel-ha-nagy-leszel-szakestek-az-etk-n\/","title":{"rendered":"Mi leszel, ha nagy leszel? &#8211; Szakestek az ETK-n"},"content":{"rendered":"<p>Nagy \u00e9rdekl\u0151d\u00e9sre val\u00f3 tekintettel a 2018\/2019-es tan\u00e9vben \u00fajra elind\u00edtottuk a Szakest Sorozatunkat. A sorozatunk sor\u00e1n igyeksz\u00fcnk bemutatni minden az Eg\u00e9szs\u00e9gtudom\u00e1nyi Karon hallgathat\u00f3 szakot, k\u00fcl\u00f6n\u00f6s tekintettel a nappali tagozaton tanulhat\u00f3 szakokra. Szakestjeinken t\u00f6reksz\u00fcnk arra, hogy egy-egy a szakir\u00e1nyhoz kapcsol\u00f3d\u00f3, de k\u00fcl\u00f6nb\u00f6z\u0151 ter\u00fcleten dolgoz\u00f3 szakembereket invit\u00e1ljunk meg, akik els\u0151 k\u00e9zb\u0151l tudnak mes\u00e9lni arr\u00f3l, hogyan alakult az \u0151 p\u00e1lyafut\u00e1suk, milyen pozit\u00edv \u00e9s negat\u00edv \u00e9lm\u00e9nyek \u00e9rt\u00e9k \u0151ket. Tapasztalatokat \u00e9s perspekt\u00edv\u00e1kat mutatnak be, azzal a c\u00e9llal, hogy min\u00e9l t\u00f6bb oldalr\u00f3l megismerhess\u00e9k a hallgat\u00f3k a v\u00e1lasztott szakm\u00e1jukat. El tudjanak k\u00f6telez\u0151dni, vagy m\u00e9g id\u0151ben megt\u00f6r\u00e9njen a p\u00e1lyakorrekci\u00f3.<\/p>\n<p>Vend\u00e9geink k\u00f6z\u00f6tt szerepelnek frissen v\u00e9gzettek, akik a p\u00e1lyakezd\u0151 munkakeres\u00e9sr\u0151l tudnak mes\u00e9lni, vagy a mesterk\u00e9pz\u00e9sekr\u0151l. Milyen is az \u00e9let friss diplom\u00e1val? Milyen neh\u00e9zs\u00e9gekkel kell szemben\u00e9zni kezd\u0151k\u00e9nt. Ugyanakkor olyanokat is megh\u00edvunk, akik m\u00e1r r\u00e9g\u00f3ta a szakm\u00e1jukban dolgoznak \u00e9s kiemelked\u0151 tev\u00e9kenys\u00e9get v\u00e9geznek, szeretik a hivat\u00e1sukat, elk\u00f6telezettek \u00e9s boldogan, mosollyal az arcukon tudnak mes\u00e9lni arr\u00f3l, hogy hogyan is ker\u00fcltek oda, ahol \u00e9pp vannak.<\/p>\n<p>Fontosnak tartjuk, hogy a hallgat\u00f3knak legyen lehet\u0151s\u00e9g\u00fck k\u00e9rdezni, \u00edgy minden szakestek biztos\u00edtunk legal\u00e1bb f\u00e9l \u00f3r\u00e1t, ahol minden r\u00e9sztvev\u0151nek felteheti a k\u00e9rd\u00e9seit az est v\u00e9g\u00e9n. A szakemberek pedig \u0151szint\u00e9n, tapasztalataik alapj\u00e1n, legjobb tud\u00e1suk szerint v\u00e1laszolnak a felmer\u00fcl\u0151 k\u00e9rd\u00e9sekre.<\/p>\n<p>Az \u0151szi f\u00e9l\u00e9vben a dietetikus \u00e9s gy\u00f3gytorn\u00e1sz szakir\u00e1ny mellett a ment\u0151tisztek estj\u00e9re ker\u00fcl sor. A tavaszi f\u00e9l\u00e9v sor\u00e1n pedig a v\u00e9d\u0151n\u0151, n\u00e9peg\u00e9szs\u00e9g\u00fcgyi ellen\u0151r, sz\u00fcl\u00e9szn\u0151 \u00e9s \u00e1pol\u00f3 szakesteket vessz\u00fck gorcs\u0151 al\u00e1.<\/p>\n<p>Mindenkit szeretettel v\u00e1runk Szakest Sorozatunk b\u00e1rmelyik esem\u00e9ny\u00e9re!<\/p>\n<p><span style=\"font-size: 12pt\">A r\u00e9szleteket minden est el\u0151tt a Facebook oldalunkon tessz\u00fck k\u00f6zz\u00e9, \u00e9rdemes teh\u00e1t figyelemmel k\u00f6vetni!<\/span><\/p>\n","protected":false},"excerpt":{"rendered":"<p>Nagy \u00e9rdekl\u0151d\u00e9sre val\u00f3 tekintettel a 2018\/2019-es tan\u00e9vben \u00fajra elind\u00edtottuk a Szakest Sorozatunkat. A sorozatunk sor\u00e1n igyeksz\u00fcnk bemutatni minden az Eg\u00e9szs\u00e9gtudom\u00e1nyi Karon hallgathat\u00f3 szakot, k\u00fcl\u00f6n\u00f6s tekintettel a nappali tagozaton tanulhat\u00f3 szakokra. Szakestjeinken t\u00f6reksz\u00fcnk arra, hogy egy-egy a szakir\u00e1nyhoz kapcsol\u00f3d\u00f3, de k\u00fcl\u00f6nb\u00f6z\u0151 ter\u00fcleten dolgoz\u00f3 szakembereket invit\u00e1ljunk meg, akik els\u0151 k\u00e9zb\u0151l tudnak mes\u00e9lni arr\u00f3l, hogyan alakult az \u0151 &hellip;<\/p>\n","protected":false},"author":101524,"featured_media":301,"comment_status":"closed","ping_status":"closed","sticky":false,"template":"","format":"standard","meta":{"_acf_changed":false,"footnotes":""},"categories":[7],"tags":[10],"class_list":["post-185","post","type-post","status-publish","format-standard","has-post-thumbnail","hentry","category-szakestek","tag-szakestek"],"acf":[],"_links":{"self":[{"href":"https:\/\/semmelweis.hu\/etkfejlesztoiroda\/wp-json\/wp\/v2\/posts\/185","targetHints":{"allow":["GET"]}}],"collection":[{"href":"https:\/\/semmelweis.hu\/etkfejlesztoiroda\/wp-json\/wp\/v2\/posts"}],"about":[{"href":"https:\/\/semmelweis.hu\/etkfejlesztoiroda\/wp-json\/wp\/v2\/types\/post"}],"author":[{"embeddable":true,"href":"https:\/\/semmelweis.hu\/etkfejlesztoiroda\/wp-json\/wp\/v2\/users\/101524"}],"replies":[{"embeddable":true,"href":"https:\/\/semmelweis.hu\/etkfejlesztoiroda\/wp-json\/wp\/v2\/comments?post=185"}],"version-history":[{"count":2,"href":"https:\/\/semmelweis.hu\/etkfejlesztoiroda\/wp-json\/wp\/v2\/posts\/185\/revisions"}],"predecessor-version":[{"id":293,"href":"https:\/\/semmelweis.hu\/etkfejlesztoiroda\/wp-json\/wp\/v2\/posts\/185\/revisions\/293"}],"wp:featuredmedia":[{"embeddable":true,"href":"https:\/\/semmelweis.hu\/etkfejlesztoiroda\/wp-json\/wp\/v2\/media\/301"}],"wp:attachment":[{"href":"https:\/\/semmelweis.hu\/etkfejlesztoiroda\/wp-json\/wp\/v2\/media?parent=185"}],"wp:term":[{"taxonomy":"category","embeddable":true,"href":"https:\/\/semmelweis.hu\/etkfejlesztoiroda\/wp-json\/wp\/v2\/categories?post=185"},{"taxonomy":"post_tag","embeddable":true,"href":"https:\/\/semmelweis.hu\/etkfejlesztoiroda\/wp-json\/wp\/v2\/tags?post=185"}],"curies":[{"name":"wp","href":"https:\/\/api.w.org\/{rel}","templated":true}]}}