{"id":150,"date":"2018-12-07T10:15:58","date_gmt":"2018-12-07T10:15:58","guid":{"rendered":"http:\/\/semmelweis.hu\/kavicsmentorprogram\/?p=150"},"modified":"2019-09-23T07:12:15","modified_gmt":"2019-09-23T07:12:15","slug":"mentotiszt-szakirany","status":"publish","type":"post","link":"https:\/\/semmelweis.hu\/etkfejlesztoiroda\/2018\/12\/07\/mentotiszt-szakirany\/","title":{"rendered":"Ment\u0151tiszt Szakest"},"content":{"rendered":"<p>A ment\u0151tiszt szakest 2018. december 6.-\u00e1n ker\u00fclt megrendez\u00e9sre a Semmelweis Egyetem Eg\u00e9szs\u00e9gtudom\u00e1nyi Kar\u00e1n. Els\u0151dleges c\u00e9lja volt a szakir\u00e1ny hallgat\u00f3i sz\u00e1m\u00e1ra bemutatni a szakemberk\u00e9nt el\u00e9rhet\u0151 lehet\u0151s\u00e9geket, de m\u00e1s szakir\u00e1nyr\u00f3l \u00e9rkez\u0151ket vagy csup\u00e1n a ment\u0151tiszt szakma ir\u00e1nt \u00e9rdekl\u0151d\u0151ket is t\u00e1rt karokkal fogadtuk. A szakesten r\u00e9sztvev\u0151k bel\u00e9p\u00e9skor egy bros\u00far\u00e1t \u00e9s egy \u00fagynevezett k\u00e9rdez\u0151 cetlit kaptak. Ezek seg\u00edts\u00e9g\u00e9vel t\u00e1j\u00e9koz\u00f3dhattak a szakest menet\u00e9r\u0151l, r\u00e1l\u00e1t\u00e1st kaphattak az el\u0151ad\u00f3kr\u00f3l, \u00e9s az el\u0151ad\u00e1sok k\u00f6zben feljegyezhett\u00e9k k\u00e9rd\u00e9s\u00fcket.<\/p>\n<p>\nAz est folyam\u00e1n m\u00e1r v\u00e9gzett ment\u0151tisztek mes\u00e9ltek szem\u00e9lyes tapasztalataikr\u00f3l, \u00e9s igyekeztek ez\u00e1ltal \u00fatmutat\u00e1st adni a leend\u0151 szakembereknek. A szakestre 3 el\u0151ad\u00f3t k\u00e9rt\u00fcnk fel fejenk\u00e9nt 15 perces el\u0151ad\u00e1sok megtart\u00e1s\u00e1ra, amelyek sor\u00e1n bemutatt\u00e1k az eddigi p\u00e1ly\u00e1juk fontosabb \u00e1llom\u00e1sait, szakmai fejl\u0151d\u00e9s\u00fcket, a hivat\u00e1suk sz\u00e9ps\u00e9geit, kih\u00edv\u00e1sait, neh\u00e9zs\u00e9geit, kit\u00e9rtek a tov\u00e1bbtanul\u00e1si lehet\u0151s\u00e9gekre, \u00e9s igyekeztek olyan gondolatokat \u00e1tadni, amelyek seg\u00edti, \u00f6szt\u00f6nzi a hallgat\u00f3s\u00e1got.<\/p>\n<p>Els\u0151 el\u0151ad\u00f3nk N\u00e9ninger Tibor ment\u0151tiszt volt, aki els\u0151sorban az \u00fajonnan indult \u201eKiterjesztett hat\u00e1sk\u00f6r\u0171 \u00e1pol\u00f3\u201d mesterk\u00e9pz\u00e9sr\u0151l besz\u00e9lt, tov\u00e1bb\u00e1 elmes\u00e9lte szakmai fejl\u0151d\u00e9s\u00e9nek fontosabb l\u00e9pcs\u0151fokait, \u00e9s hasznos tan\u00e1csokkal l\u00e1tta el a n\u00e9z\u0151k\u00f6z\u00f6ns\u00e9get. M\u00e1sodik el\u0151ad\u00f3nk Kov\u00e1cs Kamilla hadnagy volt, aki ment\u0151tisztk\u00e9nt a Magyar Honv\u00e9ds\u00e9g EK Eg\u00e9szs\u00e9g\u00fcgyi Felk\u00e9sz\u00edt\u0151 \u00e9s Kik\u00e9pz\u0151 Int\u00e9zetn\u00e9l dolgozik.\u00a0El\u0151ad\u00e1sa sor\u00e1n els\u0151sorban a Honv\u00e9ds\u00e9gn\u00e9l el\u00e9rhet\u0151 lehet\u0151s\u00e9geket \u00e9s tev\u00e9kenys\u00e9geket mutatta be. Az est utols\u00f3 el\u0151ad\u00f3ja Kelemen P\u00e9ter ment\u0151tiszt volt, aki igen sz\u00e9lesk\u00f6r\u0171en mutatta be a ment\u0151tisztk\u00e9nt el\u00e9rhet\u0151 alternat\u00edv\u00e1kat. R\u00e1l\u00e1t\u00e1st kaptunk \u00e1ltala a k\u00fcl\u00f6nb\u00f6z\u0151<br \/>\nment\u0151szolg\u00e1latokr\u00f3l, a k\u00f3rh\u00e1zi oszt\u00e1lyok adta lehet\u0151s\u00e9gekr\u0151l, de sz\u00f3ba j\u00f6tt alternat\u00edvak\u00e9nt az oktat\u00e1s illetve egy\u00e9b eg\u00e9szs\u00e9g\u00fcgyi ter\u00fclet is. Tov\u00e1bb\u00e1 mindh\u00e1rom el\u0151ad\u00f3 nagy hangs\u00falyt fektetett \u00f6nmaguk folyamatos fejleszt\u00e9s\u00e9re, k\u00e9pz\u00e9s\u00e9re.<\/p>\n<p>\nAz el\u0151ad\u00e1sokat egy 10 perces technikai sz\u00fcnet k\u00f6vette, amely sor\u00e1n a hallgat\u00f3k az eddig fel\u00edrt k\u00e9rd\u00e9s\u00fcket leadt\u00e1k, illetve a kihelyezett pog\u00e1cs\u00e1kb\u00f3l tudtak fogyasztani. A sz\u00fcnet ut\u00e1n a kerekasztal besz\u00e9lget\u00e9s k\u00f6vetkezett, ahol a k\u00e9rd\u00e9sek megv\u00e1laszol\u00e1s\u00e1n volt a hangs\u00faly. A k\u00e9rd\u00e9sek egy r\u00e9sze konkr\u00e9t munkahelyekre, poz\u00edci\u00f3kra val\u00f3 beker\u00fcl\u00e9si krit\u00e9riumokat \u00e9rintett, de t\u00f6bben k\u00edv\u00e1ncsiak voltak szem\u00e9lyes \u00e9lm\u00e9nyekre, illetve tov\u00e1bbtanul\u00e1si lehet\u0151s\u00e9gekre. A kerekasztali k\u00f6tetlen besz\u00e9lget\u00e9ssel z\u00e1rult le az est, de el\u0151ad\u00f3ink k\u00e9szs\u00e9ggel v\u00e1laszoltak szem\u00e9lyesen is az \u0151ket felkeres\u0151 hallgat\u00f3knak.<\/p>\n<p><strong>Szab\u00f3 Kriszti<\/strong>, ment\u0151tiszt hallgat\u00f3<\/p>\n","protected":false},"excerpt":{"rendered":"<p>Szakestjeinken egy-egy szakir\u00e1nyhoz kapcsol\u00f3d\u00f3, de k\u00fcl\u00f6nb\u00f6z\u0151 ter\u00fcleten dolgoz\u00f3 szakembereket invit\u00e1lunk meg, hogy mes\u00e9ljenek arr\u00f3l, hogyan alakult az \u0151 p\u00e1lyafut\u00e1suk, milyen pozit\u00edv \u00e9s negat\u00edv \u00e9lm\u00e9nyek \u00e9rt\u00e9k \u0151ket. <\/p>\n","protected":false},"author":101608,"featured_media":152,"comment_status":"closed","ping_status":"closed","sticky":false,"template":"","format":"standard","meta":{"_acf_changed":false,"footnotes":""},"categories":[7],"tags":[10],"class_list":["post-150","post","type-post","status-publish","format-standard","has-post-thumbnail","hentry","category-szakestek","tag-szakestek"],"acf":[],"_links":{"self":[{"href":"https:\/\/semmelweis.hu\/etkfejlesztoiroda\/wp-json\/wp\/v2\/posts\/150","targetHints":{"allow":["GET"]}}],"collection":[{"href":"https:\/\/semmelweis.hu\/etkfejlesztoiroda\/wp-json\/wp\/v2\/posts"}],"about":[{"href":"https:\/\/semmelweis.hu\/etkfejlesztoiroda\/wp-json\/wp\/v2\/types\/post"}],"author":[{"embeddable":true,"href":"https:\/\/semmelweis.hu\/etkfejlesztoiroda\/wp-json\/wp\/v2\/users\/101608"}],"replies":[{"embeddable":true,"href":"https:\/\/semmelweis.hu\/etkfejlesztoiroda\/wp-json\/wp\/v2\/comments?post=150"}],"version-history":[{"count":7,"href":"https:\/\/semmelweis.hu\/etkfejlesztoiroda\/wp-json\/wp\/v2\/posts\/150\/revisions"}],"predecessor-version":[{"id":197,"href":"https:\/\/semmelweis.hu\/etkfejlesztoiroda\/wp-json\/wp\/v2\/posts\/150\/revisions\/197"}],"wp:featuredmedia":[{"embeddable":true,"href":"https:\/\/semmelweis.hu\/etkfejlesztoiroda\/wp-json\/wp\/v2\/media\/152"}],"wp:attachment":[{"href":"https:\/\/semmelweis.hu\/etkfejlesztoiroda\/wp-json\/wp\/v2\/media?parent=150"}],"wp:term":[{"taxonomy":"category","embeddable":true,"href":"https:\/\/semmelweis.hu\/etkfejlesztoiroda\/wp-json\/wp\/v2\/categories?post=150"},{"taxonomy":"post_tag","embeddable":true,"href":"https:\/\/semmelweis.hu\/etkfejlesztoiroda\/wp-json\/wp\/v2\/tags?post=150"}],"curies":[{"name":"wp","href":"https:\/\/api.w.org\/{rel}","templated":true}]}}