{"id":1143,"date":"2023-09-12T12:33:57","date_gmt":"2023-09-12T12:33:57","guid":{"rendered":"https:\/\/semmelweis.hu\/etkfejlesztoiroda\/?p=1143"},"modified":"2023-09-12T12:39:38","modified_gmt":"2023-09-12T12:39:38","slug":"mentorokat-keres-a-kavics-mentorprogram","status":"publish","type":"post","link":"https:\/\/semmelweis.hu\/etkfejlesztoiroda\/2023\/09\/12\/mentorokat-keres-a-kavics-mentorprogram\/","title":{"rendered":"Mentorokat keres a #Kavics Mentorprogram!"},"content":{"rendered":"<p style=\"text-align: center\"><em><img loading=\"lazy\" decoding=\"async\" class=\"wp-image-1148 alignright\" src=\"https:\/\/semmelweis.hu\/etkfejlesztoiroda\/files\/2023\/09\/Kavics-Mentorprogram-plakat-honlapra-225x400.png\" alt=\"\" width=\"292\" height=\"519\" srcset=\"https:\/\/semmelweis.hu\/etkfejlesztoiroda\/files\/2023\/09\/Kavics-Mentorprogram-plakat-honlapra-225x400.png 225w, https:\/\/semmelweis.hu\/etkfejlesztoiroda\/files\/2023\/09\/Kavics-Mentorprogram-plakat-honlapra-576x1024.png 576w, https:\/\/semmelweis.hu\/etkfejlesztoiroda\/files\/2023\/09\/Kavics-Mentorprogram-plakat-honlapra-768x1365.png 768w, https:\/\/semmelweis.hu\/etkfejlesztoiroda\/files\/2023\/09\/Kavics-Mentorprogram-plakat-honlapra-864x1536.png 864w, https:\/\/semmelweis.hu\/etkfejlesztoiroda\/files\/2023\/09\/Kavics-Mentorprogram-plakat-honlapra-753x1339.png 753w, https:\/\/semmelweis.hu\/etkfejlesztoiroda\/files\/2023\/09\/Kavics-Mentorprogram-plakat-honlapra.png 1080w\" sizes=\"auto, (max-width: 292px) 100vw, 292px\" \/>Szeretn\u00e9l akt\u00edv tagja lenni az egyetemi \u00e9letnek? Kipr\u00f3b\u00e1ln\u00e1d magad \u00faj dolgokban? <\/em><\/p>\n<p style=\"text-align: center\"><em>\u2026Vagy szimpl\u00e1n csak szeretn\u00e9l seg\u00edteni?<\/em><\/p>\n<p style=\"text-align: center\">\n<strong>Akkor n\u00e1lunk a helyed! Mentorokat keres a #Kavics Mentorprogram!<\/strong> <br \/>\nA #Kavics Mentorprogram egy olyan hallgat\u00f3i k\u00f6z\u00f6ss\u00e9g, aminek c\u00e9lja egym\u00e1s t\u00e1mogat\u00e1sa, seg\u00edt\u00e9se.<\/p>\n<p style=\"text-align: center\"><strong>Egy hely<\/strong>, ahol lehet\u0151s\u00e9geid t\u00fall\u00e9phetik az iskola falait.<br \/>\n<strong>Egy k\u00f6z\u00f6ss\u00e9g<\/strong>, amely megbecs\u00fcli a m\u00e1sik munk\u00e1j\u00e1t. <br \/>\n<strong>Egy csapat<\/strong>, akik k\u00edv\u00e1ncsiak az innovat\u00edv \u00f6tleteidre.<\/p>\n<p>&nbsp;<\/p>\n<p><strong>Mit csin\u00e1lunk?<\/strong> <br \/>\n\u2026 Seg\u00edtj\u00fck a t\u00e1rsainkat \u00e9s a napi egyetemi \u00e9letet<br \/>\n\u2026 \u00c1tadjuk a lelkesed\u00e9st szakm\u00e1ink ir\u00e1nt<br \/>\n\u2026 Csapatot \u00e9s kapcsolatokat \u00e9p\u00edt\u00fcnk<br \/>\n\u2026 Izgalmas esem\u00e9nyeket \u00e9s tr\u00e9ningeket szervez\u00fcnk <br \/>\n\u2026 \u00c9s mindemellett l\u00e9trehozunk egy vid\u00e1m \u00e9s t\u00e1mogat\u00f3 k\u00f6z\u00f6ss\u00e9get<\/p>\n<p><strong>Milyen lehet\u0151s\u00e9geid vannak?<\/strong> <br \/>\n\u2026 G\u00f3ly\u00e1k vagy k\u00f6z\u00e9piskol\u00e1sok mentor\u00e1l\u00e1sa, seg\u00edt\u00e9se, t\u00e1mogat\u00e1sa <br \/>\n\u2026 K\u00f6z\u00e9piskol\u00e1sok p\u00e1lyaorient\u00e1ci\u00f3ja <br \/>\n\u2026 Eg\u00e9szs\u00e9gnapokon val\u00f3 r\u00e9szv\u00e9tel seg\u00edt\u0151k\u00e9nt, el\u0151ad\u00f3k\u00e9nt <br \/>\n\u2026 Szakmai esem\u00e9nyek szervez\u00e9se<br \/>\n\u2026 Tr\u00e9ningeken \u00e9s a szakmai rendezv\u00e9nyeken val\u00f3 r\u00e9szv\u00e9tel (egy\u00e9ni k\u00e9szs\u00e9gfejleszt\u00e9s) <br \/>\n\u2026 Kreat\u00edv feladatok (pl. cikk\u00edr\u00e1s) <br \/>\n\u2026 \u00c9lni tehets\u00e9geddel, k\u00e9pess\u00e9geiddel<\/p>\n<p>Ha a fentiek k\u00f6z\u00fcl b\u00e1rmelyik megtetszett, jelentkezz hozz\u00e1nk mentornak az etk.fejlesztoiroda@semmelweis.hu e-mail c\u00edmen.<\/p>\n<p>Ahol el\u00e9rhetsz minket: <br \/>\nEg\u00e9szs\u00e9gtudom\u00e1nyi Programkoordin\u00e1ci\u00f3s \u00e9s Fejleszt\u00e9si Iroda <br \/>\nTelefon: (1) 486 \u2013 5816 <br \/>\nSzem\u00e9lyesen: H \u2013 P: 9.00 \u2013 14.00<br \/>\nE-mail: etk.fejlesztoiroda@semmelweis.hu<\/p>\n","protected":false},"excerpt":{"rendered":"<p>Szeretn\u00e9l akt\u00edv tagja lenni az egyetemi \u00e9letnek? Kipr\u00f3b\u00e1ln\u00e1d magad \u00faj dolgokban? \u2026Vagy szimpl\u00e1n csak szeretn\u00e9l seg\u00edteni? Akkor n\u00e1lunk a helyed! Mentorokat keres a #Kavics Mentorprogram! A #Kavics Mentorprogram egy olyan hallgat\u00f3i k\u00f6z\u00f6ss\u00e9g, aminek c\u00e9lja egym\u00e1s t\u00e1mogat\u00e1sa, seg\u00edt\u00e9se. Egy hely, ahol lehet\u0151s\u00e9geid t\u00fall\u00e9phetik az iskola falait. Egy k\u00f6z\u00f6ss\u00e9g, amely megbecs\u00fcli a m\u00e1sik munk\u00e1j\u00e1t. Egy csapat, akik &hellip;<\/p>\n","protected":false},"author":102263,"featured_media":1148,"comment_status":"closed","ping_status":"closed","sticky":false,"template":"","format":"standard","meta":{"_acf_changed":false,"footnotes":""},"categories":[18,7],"tags":[],"class_list":["post-1143","post","type-post","status-publish","format-standard","has-post-thumbnail","hentry","category-kavics","category-szakestek"],"acf":[],"_links":{"self":[{"href":"https:\/\/semmelweis.hu\/etkfejlesztoiroda\/wp-json\/wp\/v2\/posts\/1143","targetHints":{"allow":["GET"]}}],"collection":[{"href":"https:\/\/semmelweis.hu\/etkfejlesztoiroda\/wp-json\/wp\/v2\/posts"}],"about":[{"href":"https:\/\/semmelweis.hu\/etkfejlesztoiroda\/wp-json\/wp\/v2\/types\/post"}],"author":[{"embeddable":true,"href":"https:\/\/semmelweis.hu\/etkfejlesztoiroda\/wp-json\/wp\/v2\/users\/102263"}],"replies":[{"embeddable":true,"href":"https:\/\/semmelweis.hu\/etkfejlesztoiroda\/wp-json\/wp\/v2\/comments?post=1143"}],"version-history":[{"count":11,"href":"https:\/\/semmelweis.hu\/etkfejlesztoiroda\/wp-json\/wp\/v2\/posts\/1143\/revisions"}],"predecessor-version":[{"id":1167,"href":"https:\/\/semmelweis.hu\/etkfejlesztoiroda\/wp-json\/wp\/v2\/posts\/1143\/revisions\/1167"}],"wp:featuredmedia":[{"embeddable":true,"href":"https:\/\/semmelweis.hu\/etkfejlesztoiroda\/wp-json\/wp\/v2\/media\/1148"}],"wp:attachment":[{"href":"https:\/\/semmelweis.hu\/etkfejlesztoiroda\/wp-json\/wp\/v2\/media?parent=1143"}],"wp:term":[{"taxonomy":"category","embeddable":true,"href":"https:\/\/semmelweis.hu\/etkfejlesztoiroda\/wp-json\/wp\/v2\/categories?post=1143"},{"taxonomy":"post_tag","embeddable":true,"href":"https:\/\/semmelweis.hu\/etkfejlesztoiroda\/wp-json\/wp\/v2\/tags?post=1143"}],"curies":[{"name":"wp","href":"https:\/\/api.w.org\/{rel}","templated":true}]}}