{"id":20467,"date":"2026-08-31T15:03:40","date_gmt":"2026-08-31T13:03:40","guid":{"rendered":"https:\/\/semmelweis.hu\/etk\/?p=20467"},"modified":"2026-08-31T15:06:10","modified_gmt":"2026-08-31T13:06:10","slug":"korhazsuli-szabadon-valaszthato-targy","status":"publish","type":"post","link":"https:\/\/semmelweis.hu\/etk\/2026\/08\/31\/korhazsuli-szabadon-valaszthato-targy\/","title":{"rendered":"K\u00f3rh\u00e1zSuli szabadon v\u00e1laszthat\u00f3 t\u00e1rgy"},"content":{"rendered":"<p style=\"text-align: center\"><strong>A Semmelweis Egyetemen tanulsz? V\u00e1ltoztass egy gyerek \u00e9let\u00e9n heti 1\u20132 \u00f3r\u00e1val a K\u00f3rh\u00e1zSulin\u00e1l!<\/strong><\/p>\n<p style=\"text-align: justify\">A Semmelweis Egyetem hallgat\u00f3jak\u00e9nt olyan tud\u00e1s van a kezedben, amellyel egy beteg gyermeknek seg\u00edthetsz visszatal\u00e1lni az iskol\u00e1ba \u2013 \u00e9s a h\u00e9tk\u00f6znapokba.<br \/>\n<strong>A K\u00f3rh\u00e1zSuli olyan \u00f6nk\u00e9nteseket keres a SE-r\u0151l, akik sz\u00edvesen v\u00e1llaln\u00e1k, hogy egy f\u00e9l\u00e9ven \u00e1t heti 1\u20132 \u00f3r\u00e1ban tanulnak egy tart\u00f3san beteg fels\u0151 tagozatos vagy k\u00f6z\u00e9piskol\u00e1s di\u00e1kkal.<\/strong><br \/>\nNem kell pedag\u00f3gusnak k\u00e9sz\u00fcln\u00f6d! Ha m\u00e9g nem t\u00f6lt\u00f6tted be a 28. \u00e9let\u00e9vedet, b\u00e1rmelyik SE-karr\u00f3l jelentkezhetsz.<\/p>\n<p style=\"text-align: justify\"><strong>Mi\u00e9rt \u00e9ri meg csatlakozni?<\/strong><br \/>\n&#8211; Val\u00f3di szakmai \u00e9s emberi tapasztalatot szerezhetsz.<br \/>\n&#8211; Olyan \u00f6nk\u00e9ntes munk\u00e1t v\u00e9gezhetsz, aminek k\u00e9zzelfoghat\u00f3 hat\u00e1sa van. <strong>Szavakkal kifejezve ez valahogy \u00edgy hangzana: <a href=\"https:\/\/youtube.com\/shorts\/ot1CZ829nbY\">https:\/\/youtube.com\/shorts\/ot1CZ829nbY<\/a><\/strong> <br \/>\n&#8211; Igazol\u00e1st kapsz az \u00f6nk\u00e9ntes tev\u00e9kenys\u00e9gedr\u0151l.<br \/>\n&#8211; Egy t\u00e1mogat\u00f3, orsz\u00e1gos k\u00f6z\u00f6ss\u00e9g tagja leszel.<br \/>\n&#8211; A feladat j\u00f3l tervezhet\u0151: heti 1\u20132 \u00f3ra, online vagy szem\u00e9lyesen, egy f\u00e9l\u00e9ven kereszt\u00fcl a di\u00e1kod tan\u00e9v\u00e9hez igazodva. <br \/>\n&#8211; Olyan \u00e9lm\u00e9nyekkel \u00e9s tapasztalatokkal gazdagodsz, amelyek messze t\u00falmutatnak az egyetemi \u00e9veken. V\u00e1rj, ezt meg is mutatjuk! <a href=\"https:\/\/youtube.com\/shorts\/ecmZGvK_-l8\">https:\/\/youtube.com\/shorts\/ecmZGvK_-l8<\/a><\/p>\n<p style=\"text-align: justify\"><strong>Mit v\u00e1runk t\u0151led?<\/strong><br \/>\n&#8211; <strong>Jelentkezz a K\u00f3rh\u00e1zSuli fel\u00fclet\u00e9n is: <a href=\"https:\/\/korhazsuli.hu\/onkenteseknek\/\">https:\/\/korhazsuli.hu\/onkenteseknek\/<\/a>, \u00e9s t\u00f6ltsd ki a visszaigazol\u00f3 e-mailben kapott jelentkez\u00e9si \u0171rlapot. (Az egyetemi kurzus felv\u00e9tele \u00f6nmag\u00e1ban nem elegend\u0151.)<\/strong><br \/>\n&#8211; Vegy\u00e9l r\u00e9szt a 12 \u00f3r\u00e1s felk\u00e9sz\u00edt\u0151 k\u00e9pz\u00e9sen. <br \/>\n&#8211; V\u00e1llalj heti 1\u20132 \u00f3ra tan\u00edt\u00e1st online vagy szem\u00e9lyesen.<br \/>\n&#8211; Vezesd az e-napl\u00f3t a foglalkoz\u00e1sokr\u00f3l.<br \/>\n&#8211; F\u00e9l\u00e9vente egyszer vegy\u00e9l r\u00e9szt egy k\u00f6telez\u0151 esetmegbesz\u00e9l\u0151n.<\/p>\n<p style=\"text-align: justify\"><strong>Az al\u00e1bbi k\u00e9pz\u00e9si id\u0151pontokkal v\u00e1runk \u0151sszel:<\/strong><br \/>\n&#8211; <strong>2026. szeptember 4-5.<\/strong> (p\u00e9ntek 15:00- 19:00 \u00c9S szombat 9:00-17:00) Helysz\u00edn: Pontis Media Services Kft., 1116 Budapest, \u00c9p\u00edt\u00e9sz utca 26. <span style=\"color: #ff0000\">VAGY<\/span><br \/>\n&#8211; <strong>2026. szeptember 18-19.<\/strong> (p\u00e9ntek 15:00- 19:00 \u00c9S szombat 9:00-17:00) Helysz\u00edn: Pontis Media Services Kft., 1116 Budapest, \u00c9p\u00edt\u00e9sz utca 26. <span style=\"color: #ff0000\">VAGY<\/span><br \/>\n&#8211; <strong>2026. szeptember 25-26.<\/strong> (p\u00e9ntek 15:00- 19:00 \u00c9S szombat 9:00-17:00) Helysz\u00edn: Pontis Media Services Kft., 1116 Budapest, \u00c9p\u00edt\u00e9sz utca 26. <span style=\"color: #ff0000\">VAGY<\/span><br \/>\n&#8211; <strong>2026. okt\u00f3ber 2\u20133.<\/strong> (p\u00e9ntek 15:00- 19:00 \u00c9S szombat 9:00-17:00) Helysz\u00edn: Online zoom-on kereszt\u00fcl<\/p>\n<p style=\"text-align: justify\"><strong>A k\u00f6z\u00f6s munk\u00e1hoz mindk\u00e9t k\u00e9pz\u00e9si napon r\u00e9szt kell, hogy vegy\u00e9l. A k\u00e9pz\u00e9sek akt\u00edv jelenl\u00e9tet ig\u00e9nyelnek!<\/strong><\/p>\n<p style=\"text-align: justify\"><strong>A te heti 1\u20132 \u00f3r\u00e1d di\u00e1kodnak sokkal t\u00f6bbet jelent. Egy beteg gyermek sz\u00e1m\u00e1ra nemcsak a tananyag sz\u00e1m\u00edt, hanem az is, hogy legyen valaki, aki hisz benne, biztatja \u00e9s mellette \u00e1ll.<\/strong><\/p>\n<p style=\"text-align: justify\">L\u00e9gy te ez a biztos pont!<\/p>\n<p style=\"text-align: center\">V\u00e1runk szeretettel a K\u00f3rh\u00e1zSuli \u00f6nk\u00e9ntesei k\u00f6z\u00f6tt!<\/p>\n","protected":false},"excerpt":{"rendered":"<p>A Semmelweis Egyetemen tanulsz? V\u00e1ltoztass egy gyerek \u00e9let\u00e9n heti 1\u20132 \u00f3r\u00e1val a K\u00f3rh\u00e1zSulin\u00e1l! A Semmelweis Egyetem hallgat\u00f3jak\u00e9nt olyan tud\u00e1s van a kezedben, amellyel egy beteg gyermeknek seg\u00edthetsz visszatal\u00e1lni az iskol\u00e1ba \u2013 \u00e9s a h\u00e9tk\u00f6znapokba. A K\u00f3rh\u00e1zSuli olyan \u00f6nk\u00e9nteseket keres a SE-r\u0151l, akik sz\u00edvesen v\u00e1llaln\u00e1k, hogy egy f\u00e9l\u00e9ven \u00e1t heti 1\u20132 \u00f3r\u00e1ban tanulnak egy tart\u00f3san beteg &hellip;<\/p>\n","protected":false},"author":101796,"featured_media":20469,"comment_status":"closed","ping_status":"closed","sticky":false,"template":"","format":"standard","meta":{"_acf_changed":false,"footnotes":""},"categories":[1],"tags":[],"class_list":["post-20467","post","type-post","status-publish","format-standard","has-post-thumbnail","hentry","category-hrek"],"acf":[],"_links":{"self":[{"href":"https:\/\/semmelweis.hu\/etk\/wp-json\/wp\/v2\/posts\/20467","targetHints":{"allow":["GET"]}}],"collection":[{"href":"https:\/\/semmelweis.hu\/etk\/wp-json\/wp\/v2\/posts"}],"about":[{"href":"https:\/\/semmelweis.hu\/etk\/wp-json\/wp\/v2\/types\/post"}],"author":[{"embeddable":true,"href":"https:\/\/semmelweis.hu\/etk\/wp-json\/wp\/v2\/users\/101796"}],"replies":[{"embeddable":true,"href":"https:\/\/semmelweis.hu\/etk\/wp-json\/wp\/v2\/comments?post=20467"}],"version-history":[{"count":2,"href":"https:\/\/semmelweis.hu\/etk\/wp-json\/wp\/v2\/posts\/20467\/revisions"}],"predecessor-version":[{"id":20470,"href":"https:\/\/semmelweis.hu\/etk\/wp-json\/wp\/v2\/posts\/20467\/revisions\/20470"}],"wp:featuredmedia":[{"embeddable":true,"href":"https:\/\/semmelweis.hu\/etk\/wp-json\/wp\/v2\/media\/20469"}],"wp:attachment":[{"href":"https:\/\/semmelweis.hu\/etk\/wp-json\/wp\/v2\/media?parent=20467"}],"wp:term":[{"taxonomy":"category","embeddable":true,"href":"https:\/\/semmelweis.hu\/etk\/wp-json\/wp\/v2\/categories?post=20467"},{"taxonomy":"post_tag","embeddable":true,"href":"https:\/\/semmelweis.hu\/etk\/wp-json\/wp\/v2\/tags?post=20467"}],"curies":[{"name":"wp","href":"https:\/\/api.w.org\/{rel}","templated":true}]}}