{"id":824,"date":"2023-12-11T14:32:44","date_gmt":"2023-12-11T13:32:44","guid":{"rendered":"https:\/\/semmelweis.hu\/esk\/?p=824"},"modified":"2025-03-17T10:21:58","modified_gmt":"2025-03-17T09:21:58","slug":"jarvanyok-9-nemzetkozi-konferenciaja-a-fertozo-betegsegek-dinamikajarol","status":"publish","type":"post","link":"https:\/\/semmelweis.hu\/esk\/2023\/12\/11\/jarvanyok-9-nemzetkozi-konferenciaja-a-fertozo-betegsegek-dinamikajarol\/","title":{"rendered":"J\u00e1rv\u00e1nyok: 9. nemzetk\u00f6zi konferenci\u00e1ja a fert\u0151z\u0151 betegs\u00e9gek dinamik\u00e1j\u00e1r\u00f3l"},"content":{"rendered":"<h3 style=\"text-align: justify\">2023-ban Bologn\u00e1ban rendezt\u00e9k meg J\u00e1rv\u00e1nyok: 9. nemzetk\u00f6zi konferenci\u00e1j\u00e1t a fert\u0151z\u0151 betegs\u00e9gek dinamik\u00e1j\u00e1r\u00f3l.\u00a0<\/h3>\n<p style=\"text-align: justify\">A konferencia f\u00f3kusz\u00e1ban a fert\u0151z\u0151 betegs\u00e9gek terjed\u00e9se, annak k\u00f6vetkezm\u00e9nyei \u00e9s a j\u00e1rv\u00e1nyok popul\u00e1ci\u00f3dinamik\u00e1ja \u00e1llt. A SARS-CoV-2 pand\u00e9mi\u00e1nak k\u00f6sz\u00f6nhet\u0151en a figyelem k\u00f6z\u00e9ppontj\u00e1ba ker\u00fclt a n\u00e9peg\u00e9szs\u00e9g\u00fcgy, valamint a j\u00e1rv\u00e1nyfel\u00fcgyelet \u00e9s a megel\u0151z\u00e9s sz\u00e1mos szakpolitikai vonatkoz\u00e1sa. A r\u00e9sztvev\u0151k megvitatt\u00e1k tov\u00e1bb\u00e1 az emberi viselked\u00e9s megv\u00e1ltoztat\u00e1s\u00e1ra ir\u00e1nyul\u00f3 int\u00e9zked\u00e9sek eredm\u00e9nyess\u00e9g\u00e9r\u0151l \u00e9s hat\u00e9konys\u00e1g\u00e1<span style=\"font-size: 1rem\">r\u00f3l rendelkez\u00e9sre \u00e1ll\u00f3 tudom\u00e1nyos bizony\u00edt\u00e9kokat.\u00a0\u00a0<\/span><\/p>\n<p>Sz\u00e1mos \u00faj tudom\u00e1nyos eredm\u00e9nyt mutattak be az egy\u00e9ni szint\u0171 terjed\u00e9sdinamik\u00e1r\u00f3l; a k\u00f6rnyezettel val\u00f3 k\u00f6lcs\u00f6nhat\u00e1sr\u00f3l, a fert\u0151z\u0151 betegs\u00e9gek mint\u00e1zatainak megv\u00e1ltoz\u00e1s\u00e1r\u00f3l \u00e9s a fert\u0151z\u0151 k\u00f3rokoz\u00f3k popul\u00e1ci\u00f3genetik\u00e1ja \u00e9s molekul\u00e1ris evol\u00faci\u00f3j\u00e1r\u00f3l.<\/p>\n<div class=\"keretes\">\n<p style=\"text-align: justify\">\n<span style=\"background-color: #f0f3f6;font-size: 1rem\">A Semmelweis Egyetem <strong>Epidemiol\u00f3giai \u00e9s Surveillance K\u00f6zpont<\/strong>j\u00e1b\u00f3l <strong>dr. Oroszi Beatrix<\/strong> vett r\u00e9szt a konferenci\u00e1n, melyen az Eg\u00e9szs\u00e9gbiztons\u00e1g Nemzeti Laborat\u00f3rium projekt keret\u00e9ben <strong>a l\u00e9g\u00fati k\u00f3rokoz\u00f3k epidemiol\u00f3giai vizsg\u00e1lat\u00e1ra fel\u00e1ll\u00edtott \u00faj kutat\u00e1si h\u00e1l\u00f3zat eredm\u00e9nyeit mutatta be<\/strong>.\u00a0\u00a0<\/span><\/p>\n<\/div>\n<p style=\"text-align: justify\"><img loading=\"lazy\" decoding=\"async\" class=\"alignleft wp-image-827 \" src=\"https:\/\/semmelweis.hu\/esk\/files\/2023\/12\/Leguti-korokozok-epidemiologiai-vizsgalatara-felallitott-uj-kutatasi-halozat-eredmenyeit-bemutato-poszter_Dr.-Oroszi-Beatrix-263x400.jpg\" alt=\"\" width=\"357\" height=\"543\" srcset=\"https:\/\/semmelweis.hu\/esk\/files\/2023\/12\/Leguti-korokozok-epidemiologiai-vizsgalatara-felallitott-uj-kutatasi-halozat-eredmenyeit-bemutato-poszter_Dr.-Oroszi-Beatrix-263x400.jpg 263w, https:\/\/semmelweis.hu\/esk\/files\/2023\/12\/Leguti-korokozok-epidemiologiai-vizsgalatara-felallitott-uj-kutatasi-halozat-eredmenyeit-bemutato-poszter_Dr.-Oroszi-Beatrix.jpg 537w\" sizes=\"auto, (max-width: 357px) 100vw, 357px\" \/><\/p>\n<p>&nbsp;<\/p>\n<p>&nbsp;<\/p>\n<p>&nbsp;<\/p>\n<p>&nbsp;<\/p>\n<p>&nbsp;<\/p>\n<p>&nbsp;<\/p>\n<p>&nbsp;<\/p>\n<p style=\"text-align: justify\">A <a href=\"https:\/\/semmelweis.hu\/esk\/files\/2023\/12\/B.-Oroszi_Covid-19-Vaccine-Effectiveness-in-Hungary-During-the-2022-23-Respiratory-Season.pdf\" target=\"_blank\" rel=\"noopener\">POSZTER elt\u00f6lthet\u0151<\/a>, absztrakt pedig itt el\u00e9rhet\u0151: <a href=\"https:\/\/papers.ssrn.com\/sol3\/papers.cfm?abstract_id=4655049\">Covid-19 Vaccine Effectiveness in Hungary During the 2022-23 Respiratory Season by Beatrix Oroszi, Gerg\u0151 T\u00fari, J. Krisztina Horv\u00e1th :: SSRN<\/a><\/p>\n<p>&nbsp;<\/p>\n<p>A konferencia linkje: <u><a href=\"https:\/\/www.ssrn.com\/link\/ICIDD-2023.html\">https:\/\/www.ssrn.com\/link\/ICIDD-2023.html<\/a><\/u><\/p>\n<p>&nbsp;<\/p>\n<p>&nbsp;<\/p>\n","protected":false},"excerpt":{"rendered":"<p>2023-ban Bologn\u00e1ban rendezt\u00e9k meg J\u00e1rv\u00e1nyok: 9. nemzetk\u00f6zi konferenci\u00e1j\u00e1t a fert\u0151z\u0151 betegs\u00e9gek dinamik\u00e1j\u00e1r\u00f3l.\u00a0 A konferencia f\u00f3kusz\u00e1ban a fert\u0151z\u0151 betegs\u00e9gek terjed\u00e9se, annak k\u00f6vetkezm\u00e9nyei \u00e9s a j\u00e1rv\u00e1nyok popul\u00e1ci\u00f3dinamik\u00e1ja \u00e1llt. A SARS-CoV-2 pand\u00e9mi\u00e1nak k\u00f6sz\u00f6nhet\u0151en a figyelem k\u00f6z\u00e9ppontj\u00e1ba ker\u00fclt a n\u00e9peg\u00e9szs\u00e9g\u00fcgy, valamint a j\u00e1rv\u00e1nyfel\u00fcgyelet \u00e9s a megel\u0151z\u00e9s sz\u00e1mos szakpolitikai vonatkoz\u00e1sa. A r\u00e9sztvev\u0151k megvitatt\u00e1k tov\u00e1bb\u00e1 az emberi viselked\u00e9s megv\u00e1ltoztat\u00e1s\u00e1ra ir\u00e1nyul\u00f3 int\u00e9zked\u00e9sek &hellip;<\/p>\n","protected":false},"author":102284,"featured_media":0,"comment_status":"closed","ping_status":"closed","sticky":false,"template":"","format":"standard","meta":{"_acf_changed":false,"footnotes":""},"categories":[8],"tags":[],"class_list":["post-824","post","type-post","status-publish","format-standard","hentry","category-beszamolok"],"acf":[],"_links":{"self":[{"href":"https:\/\/semmelweis.hu\/esk\/wp-json\/wp\/v2\/posts\/824","targetHints":{"allow":["GET"]}}],"collection":[{"href":"https:\/\/semmelweis.hu\/esk\/wp-json\/wp\/v2\/posts"}],"about":[{"href":"https:\/\/semmelweis.hu\/esk\/wp-json\/wp\/v2\/types\/post"}],"author":[{"embeddable":true,"href":"https:\/\/semmelweis.hu\/esk\/wp-json\/wp\/v2\/users\/102284"}],"replies":[{"embeddable":true,"href":"https:\/\/semmelweis.hu\/esk\/wp-json\/wp\/v2\/comments?post=824"}],"version-history":[{"count":10,"href":"https:\/\/semmelweis.hu\/esk\/wp-json\/wp\/v2\/posts\/824\/revisions"}],"predecessor-version":[{"id":850,"href":"https:\/\/semmelweis.hu\/esk\/wp-json\/wp\/v2\/posts\/824\/revisions\/850"}],"wp:attachment":[{"href":"https:\/\/semmelweis.hu\/esk\/wp-json\/wp\/v2\/media?parent=824"}],"wp:term":[{"taxonomy":"category","embeddable":true,"href":"https:\/\/semmelweis.hu\/esk\/wp-json\/wp\/v2\/categories?post=824"},{"taxonomy":"post_tag","embeddable":true,"href":"https:\/\/semmelweis.hu\/esk\/wp-json\/wp\/v2\/tags?post=824"}],"curies":[{"name":"wp","href":"https:\/\/api.w.org\/{rel}","templated":true}]}}