{"id":1945,"date":"2025-03-11T09:32:22","date_gmt":"2025-03-11T08:32:22","guid":{"rendered":"https:\/\/semmelweis.hu\/esk\/?p=1945"},"modified":"2025-03-11T15:16:09","modified_gmt":"2025-03-11T14:16:09","slug":"eloszor-haladta-meg-az-influenzajarvany-csucsa-a-covid19-jarvany-csucsat","status":"publish","type":"post","link":"https:\/\/semmelweis.hu\/esk\/2025\/03\/11\/eloszor-haladta-meg-az-influenzajarvany-csucsa-a-covid19-jarvany-csucsat\/","title":{"rendered":"El\u0151sz\u00f6r haladta meg az influenzaj\u00e1rv\u00e1ny cs\u00facsa a COVID19-j\u00e1rv\u00e1ny cs\u00facs\u00e1t"},"content":{"rendered":"<h3 style=\"text-align: center\"><span style=\"color: #808080\"><strong>Az influenza \u00e9s a COVID19 j\u00e1rv\u00e1ny\u00fcgyi helyzete Magyarorsz\u00e1gon, <br \/>\n<\/strong><strong>2024 augusztus \u00e9s 2025 febru\u00e1r k\u00f6z\u00f6tt<\/strong><\/span><\/h3>\n<p style=\"text-align: justify\"><strong><em>A SARS-CoV-2 megjelen\u00e9se \u00f3ta (2020 febru\u00e1r) ez volt az els\u0151 l\u00e9g\u00fati szezon, amikor az influenza okozta j\u00e1rv\u00e1nyhull\u00e1m megbeteged\u00e9si cs\u00facs\u00e9rt\u00e9kei Magyarorsz\u00e1gon meghaladt\u00e1k a COVID19-j\u00e1rv\u00e1nyhull\u00e1m\u00e9t. Sajnos, mindkett\u0151 jelent\u0151s t\u00f6bblethal\u00e1loz\u00e1st is okozott. A COVID19 2024 v\u00e9g\u00e9n 5\u00a0h\u00e9ten kereszt\u00fcl okozott 6-8%-os t\u00f6bblethal\u00e1loz\u00e1st az id\u0151sek k\u00f6r\u00e9ben. Az influenza okozta t\u00f6bblethal\u00e1loz\u00e1sr\u00f3l 2025 m\u00e1rcius elej\u00e9n m\u00e9g csak el\u0151zetes adatokkal rendelkez\u00fcnk, de az m\u00e1r l\u00e1that\u00f3, hogy 2024 utols\u00f3 het\u00e9ben \u00e9s janu\u00e1r els\u0151 k\u00e9t het\u00e9ben 8-8%-os t\u00f6bblethal\u00e1loz\u00e1s azonos\u00edthat\u00f3 szint\u00e9n az id\u0151sek (65+) k\u00f6r\u00e9ben. A hal\u00e1loz\u00e1si t\u00f6bblet az adatok feldolgozotts\u00e1g\u00e1nak el\u0151rehalad\u00e1s\u00e1val v\u00e9lhet\u0151en el fogja \u00e9rni a COVID19 j\u00e1rv\u00e1ny idej\u00e9n azonos\u00edtott szintet, de elk\u00e9pzelhet\u0151, hogy meg is haladja azt. A 2024\/25. l\u00e9g\u00fati szezonban zajl\u00f3 influenzaj\u00e1rv\u00e1ny s\u00falyosabb volt, mint a megel\u0151z\u0151 \u00e9vekben. Mindebb\u0151l azonban nem k\u00f6vetkezik az, hogy a COVID19 \u201emegszel\u00edd\u00fclt\u201d volna, vagy hogy az influenza a k\u00f6vetkez\u0151 szezonban is nagyobb j\u00e1rv\u00e1nyt fog el\u0151id\u00e9zni, mint a SARS-CoV-2. <\/em><\/strong><strong><em>Figyelemre m\u00e9lt\u00f3 t\u00e9ny m\u00e9g, hogy a l\u00e9g\u00fati szezonban t\u00f6bb h\u00e9ten \u00e1t jelentkez\u0151 t\u00f6bblethal\u00e1loz\u00e1s a ny\u00e1ri h\u0151hull\u00e1m okozta, szint\u00e9n t\u00f6bb h\u00e9ten kereszt\u00fcl mutatkoz\u00f3 szignifik\u00e1ns t\u00f6bblethal\u00e1loz\u00e1st k\u00f6vet\u0151en alakult ki. <\/em><\/strong><\/p>\n<p style=\"text-align: justify\"><strong>El\u0151zm\u00e9nyek<\/strong><\/p>\n<p style=\"text-align: justify\">A COVID19-vil\u00e1gj\u00e1rv\u00e1ny kapcs\u00e1n sz\u00e9les k\u00f6rben felismert\u00e9k a j\u00e1rv\u00e1nyfel\u00fcgyeleti (surveillance) rendszerek fejleszt\u00e9s\u00e9nek sz\u00fcks\u00e9gess\u00e9g\u00e9t. A <strong><em>c\u00e9l integr\u00e1lt, sz\u00e9lesk\u00f6r\u0171 egy\u00fcttm\u0171k\u00f6d\u00e9seken alapul\u00f3, m\u00f3dszertanilag megalapozott, multidiszciplin\u00e1ris megk\u00f6zel\u00edt\u00e9s\u0171 surveillance-ok l\u00e9trehoz\u00e1sa, bele\u00e9rtve a megbeteged\u00e9seket okoz\u00f3 v\u00edrusvari\u00e1nsok monitoroz\u00e1s\u00e1t is.<\/em><\/strong> Ezeknek a rendszereknek a feladata az adatok elemz\u00e9se, az eredm\u00e9nyek megoszt\u00e1sa \u00e9s k\u00f6z\u00e9rthet\u0151 kommunik\u00e1ci\u00f3ja. Fontos szempont a betegell\u00e1t\u00e1sban dolgoz\u00f3k adatszolg\u00e1ltat\u00e1si terheinek a m\u00e9rs\u00e9kl\u00e9se, f\u0151leg j\u00e1rv\u00e1nyok idej\u00e9n, ez\u00e9rt a <strong>kisebb, de r\u00e9szletes \u00e9s j\u00f3 min\u0151s\u00e9g\u0171 adatokat szolg\u00e1ltat\u00f3 jelent\u00e9si h\u00e1l\u00f3zatok<\/strong> fejleszt\u00e9se kapott az elm\u00falt id\u0151szakban <strong>priorit\u00e1s<\/strong>t. Fontos elv\u00e1r\u00e1s ezekkel a rendszerekkel szemben az <strong>egys\u00e9gess\u00e9g, a j\u00f3l dokument\u00e1lt folyamat<\/strong> \u00e9s az eredm\u00e9nyek <strong>ellen\u0151rizhet\u0151s\u00e9g<\/strong>\u00e9nek biztos\u00edt\u00e1sa, amelyek r\u00e9v\u00e9n ezek a h\u00e1l\u00f3zatok tudom\u00e1nyos kutat\u00e1sok v\u00e9gz\u00e9s\u00e9re is alkalmass\u00e1 v\u00e1lhatnak.<\/p>\n<p>A Semmelweis Egyetem Epidemiol\u00f3giai \u00e9s Surveillance K\u00f6zpontja (SE ESK), az Eg\u00e9szs\u00e9gbiztons\u00e1g Nemzeti Laborat\u00f3rium projekt (RRF-2.3.1-21-2022-00006) keret\u00e9ben \u00faj t\u00edpus\u00fa, innovat\u00edv surveillance-rendszerek fel\u00e1ll\u00edt\u00e1s\u00e1t \u00e9s m\u0171k\u00f6dtet\u00e9s\u00e9t v\u00e9gzi 2022 \u00f3ta, egy nemzetk\u00f6zi kutat\u00e1si h\u00e1l\u00f3zat r\u00e9szek\u00e9nt (1). Ennek eredm\u00e9nyek\u00e9nt m\u0171k\u00f6dik ma Magyarorsz\u00e1gon is egy \u00faj t\u00edpus\u00fa l\u00e9g\u00fati megfigyel\u0151 rendszer, amelyben jelenleg <strong>110 h\u00e1ziorvos<\/strong> gy\u0171jt egys\u00e9ges m\u00f3dszertant k\u00f6vetve r\u00e9szletes adatokat az akut l\u00e9g\u00fati megbeteged\u00e9sekr\u0151l, melyet az EU ARI (Acut Respiratory Infection \u2013 akut l\u00e9g\u00fati megbeteged\u00e9s) esetdefin\u00edci\u00f3 hat\u00e1roz meg.<\/p>\n<div class=\"keretes w-100\">\n<p style=\"text-align: justify\"><strong>EU ARI-esetdefin\u00edci\u00f3 <\/strong>(2)<strong>:<\/strong> A t\u00fcnetek hirtelen kezd\u0151dnek \u00e9s az al\u00e1bbi n\u00e9gy <em>l\u00e9g\u00fati t\u00fcnet<\/em> k\u00f6z\u00fcl legal\u00e1bb egy fenn\u00e1ll: k\u00f6h\u00f6g\u00e9s, torokf\u00e1j\u00e1s, l\u00e9gszomj, n\u00e1tha, tov\u00e1bb\u00e1 az orvos meg\u00edt\u00e9l\u00e9se szerint a t\u00fcnetek oka fert\u0151z\u00e9s.<\/p>\n<\/div>\n<p style=\"text-align: justify\">A Magyarorsz\u00e1gon m\u0171k\u00f6d\u0151, l\u00e9g\u00fati megbeteged\u00e9sek monitoroz\u00e1s\u00e1ra alkalmas \u00faj t\u00edpus\u00fa \u00e9s hagyom\u00e1nyos surveillance-rendszerek \u00f6sszehasonl\u00edt\u00e1s\u00e1r\u00f3l <a href=\"https:\/\/semmelweis.hu\/esk\/2025\/03\/11\/miben-kulonbozik-az-esk-uj-tipusu-surveillance-rendszer-a-hagyomanyos-leguti-figyeloszolgalattol\/\" target=\"_blank\" rel=\"noopener\">ide kattintva <\/a>olvashat<em>.<\/em><\/p>\n<p style=\"text-align: justify\"><strong>Mi jellemezte az akut l\u00e9g\u00fati megbeteged\u00e9sek (ARI) el\u0151fordul\u00e1s\u00e1t a 2024\/25. \u00e9vi l\u00e9g\u00fati szezonban?<\/strong><\/p>\n<p style=\"text-align: justify\">A SE ESK adatai alapj\u00e1n az ARI gyakoris\u00e1ga (fekete vonal) 2024. 33. hete ut\u00e1n (2024. augusztus 20. k\u00f6r\u00fcl) kezdett n\u00f6vekedi, a 39-42. h\u00e9t k\u00f6z\u00f6tt \u00e9rte el a maximum\u00e1t, majd \u2013 a 43-44. heti munkasz\u00fcneti napok (okt\u00f3ber 23. \u00e9s november 1.) miatt visszaszorul\u00f3 orvoshoz-fordul\u00e1s okozta megt\u00f6r\u00e9st k\u00f6vet\u0151en \u2013 az 51.\u00a0h\u00e9tig cs\u00f6kkent. Ezt k\u00f6vet\u0151en ism\u00e9t n\u00f6veked\u00e9snek indult, amely eg\u00e9sz janu\u00e1rban folytat\u00f3dott. 2025\u00a0janu\u00e1r v\u00e9g\u00e9re az ARI-gyakoris\u00e1g meghaladta a 2024 szeptember v\u00e9g\u00e9n \u00e9s okt\u00f3ber elej\u00e9n tapasztalt ARI-j\u00e1rv\u00e1nyhull\u00e1m cs\u00facs\u00e1t.<\/p>\n<p style=\"text-align: justify\">Az SE ESK adatait (fekete vonal) \u00f6sszevetve a hagyom\u00e1nyos surveillance heti l\u00e9g\u00fati adataival (sz\u00fcrke vonal) az l\u00e1tszik, hogy a k\u00e9t g\u00f6rbe hasonl\u00f3 trendet mutat. N\u00e9h\u00e1ny k\u00fcl\u00f6nbs\u00e9g is l\u00e1that\u00f3: egyr\u00e9szt a hagyom\u00e1nyos h\u00e1ziorvosi figyel\u0151szolg\u00e1lat csak a 40. h\u00e9ten indult el, ez\u00e9rt az els\u0151 ARI-j\u00e1rv\u00e1nyhull\u00e1m nagy r\u00e9sz\u00e9t nem tudta detekt\u00e1lni. M\u00e1sr\u00e9szt a heti ARI-gyakoris\u00e1g \u00e9rt\u00e9kei sokkal magasabbak a hagyom\u00e1nyos figyel\u0151szolg\u00e1lat\u00e1ban (amely aggreg\u00e1lt adatokat szolg\u00e1ltat), mint az ESK h\u00e1l\u00f3zat\u00e1ban (amely r\u00e9szletes adatokat gy\u0171jt) (1. \u00e1bra). Ennek sz\u00e1mos oka lehet, pl. hogy a hagyom\u00e1nyos sentinel rendszer orvosai m\u00e1sk\u00e9nt, sz\u00e9lesebben \u00e9rtelmezik az esetdefin\u00edci\u00f3t, de mivel itt csak aggreg\u00e1lt, \u00f6sszevont adatok gy\u0171jt\u00e9se t\u00f6rt\u00e9nik, ez\u00e9rt nem lehet ut\u00f3lag ellen\u0151rizni, hogy a bevont esetek val\u00f3ban megfelelnek-e az esetdefin\u00edci\u00f3nak. A SE ESK orvosai ezzel szemben val\u00f3sz\u00edn\u0171leg aluljelentik az el\u0151fordul\u00f3 ARI-eseteket, mert lehet, hogy nem mindig van kapacit\u00e1suk az esetekr\u0151l a megadott r\u00e9szletess\u00e9g\u0171 adatokat begy\u0171jteni. Mivel azonban a trend nagyon hasonl\u00f3 a k\u00e9t, egym\u00e1st\u00f3l f\u00fcggetlen\u00fcl m\u0171k\u00f6d\u0151 \u00e9s m\u00e1s m\u00f3dszertant haszn\u00e1l\u00f3 surveillance-rendszerben, ez\u00e9rt a j\u00e1rv\u00e1ny\u00fcgyi folyamatokr\u00f3l nagy biztons\u00e1ggal val\u00f3s k\u00e9pet lehet alkotni a k\u00e9t g\u00f6rbe seg\u00edts\u00e9g\u00e9vel.<\/p>\n<p><img loading=\"lazy\" decoding=\"async\" class=\"aligncenter wp-image-1946 \" src=\"https:\/\/semmelweis.hu\/esk\/files\/2025\/03\/1.-kep-1.png\" alt=\"\" width=\"723\" height=\"425\" srcset=\"https:\/\/semmelweis.hu\/esk\/files\/2025\/03\/1.-kep-1.png 587w, https:\/\/semmelweis.hu\/esk\/files\/2025\/03\/1.-kep-1-400x235.png 400w\" sizes=\"auto, (max-width: 723px) 100vw, 723px\" \/><\/p>\n<p style=\"text-align: center\"><span style=\"font-size: 12pt\"><strong><em>1<\/em><\/strong><strong><em>. \u00e1bra<\/em><\/strong><strong><em>: A heti ARI-gyakoris\u00e1g (%ooo) mozg\u00f3\u00e1tlaga az ESK \u00e9s az NNGyK \u0151rszem-h\u00e1ziorvosai \u00e1ltal gy\u0171jt\u00f6tt adatok alapj\u00e1n, hetente, 2024. 27. h\u00e9tt\u0151l 2025. 7. h\u00e9tig, Magyarorsz\u00e1g<br \/>\n<\/em><\/strong><em>(<\/em><em>Adatok forr\u00e1sa: SE ESK valamint NNGyK jelent\u00e9sek, adatok feldolgoz\u00e1sa: SE ESK)<\/em><\/span><\/p>\n<p><strong>COVID19-j\u00e1rv\u00e1nyhull\u00e1m<\/strong><\/p>\n<p style=\"text-align: justify\">Az <strong>SE ESK h\u00e1ziorvosi megfigyel\u00e9s<\/strong>i adatai alapj\u00e1n a <strong>COVID19-j\u00e1rv\u00e1ny<\/strong> 2024. II. f\u00e9l\u00e9v\u00e9ben <strong>augusztus elej\u00e9n <\/strong>(31. h\u00e9t)<strong> indult el <\/strong>(a SARS-CoV-2 pozitivit\u00e1si ar\u00e1nya \u2265 10%)<strong>, augusztus utols\u00f3 hete \u00e9s szeptember v\u00e9ge k\u00f6z\u00f6tt <\/strong>(35-39. h\u00e9t)<strong> volt a legintenz\u00edvebb, \u00e9s november v\u00e9g\u00e9n <\/strong>(48. h\u00e9t)<strong> z\u00e1rult le <\/strong>(SARS-CoV-2-pozitivit\u00e1si ar\u00e1ny &lt; 10%)<strong>.<\/strong> [Az SE ESK a\u00a0h\u00e1ziorvosi kutat\u00e1s\u00e1nak r\u00e9szletesebb SARS-CoV-2 eredm\u00e9nyeit a 2025. febru\u00e1ri h\u00e1ziorvosi k\u00f6rlev\u00e9lben <a href=\"https:\/\/semmelweis.hu\/esk\/files\/2025\/02\/Haziorvosi-Hirlevel_2025.-februar.pdf\" target=\"_blank\" rel=\"noopener\">publik\u00e1lta<\/a> (3) ]<\/p>\n<p style=\"text-align: justify\">A SARS-CoV-2-pozitivit\u00e1s (piros vonal) gyors felfut\u00e1st k\u00f6vet\u0151en a 36. h\u00e9ten (szeptember 2-8 k\u00f6z\u00f6tt) \u00e9rte el a maximum\u00e1t 56%-os \u00e9rt\u00e9kkel, majd lass\u00fa, elh\u00faz\u00f3d\u00f3 cs\u00f6kken\u00e9sbe kezdett. A SARS-CoV-2-pozitivit\u00e1si ar\u00e1ny v\u00e1ltoz\u00e1s\u00e1t (ami teh\u00e1t a leghamarabb mutatja a trendv\u00e1ltoz\u00e1st) kis k\u00e9s\u00e9ssel k\u00f6vette az ARI-gyakoris\u00e1g v\u00e1ltoz\u00e1sa (2. \u00e1bra fekete vonal). <strong>Az ARI j\u00e1rv\u00e1nyhull\u00e1m h\u00e1tter\u00e9ben teh\u00e1t eg\u00e9szen az 51. h\u00e9tig a SARS-CoV-2 okozta fert\u0151z\u00e9sek voltak a meghat\u00e1roz\u00f3k. <\/strong><\/p>\n<p style=\"text-align: justify\">Az NNGyK hagyom\u00e1nyos figyel\u0151szolg\u00e1lata csak a 40. h\u00e9tt\u0151l indult, \u00e9s a 42. h\u00e9tt\u0151l m\u00e1r az ebb\u0151l sz\u00e1m\u00edtott SARS-CoV-2-pozitivit\u00e1si ar\u00e1nyok is mutatt\u00e1k a lassan csillapod\u00f3 j\u00e1rv\u00e1nyt (2. \u00e1bra r\u00f3zsasz\u00edn vonal), de az adatgy\u0171jt\u00e9s k\u00e9s\u0151i indul\u00e1sa miatt a COVID19-j\u00e1rv\u00e1nyhull\u00e1mmal kapcsolatos j\u00e1rv\u00e1ny\u00fcgyi esem\u00e9nyeknek m\u00e1r csak a v\u00e9g\u00e9t tudt\u00e1k \u00e9szlelni.<\/p>\n<p><img loading=\"lazy\" decoding=\"async\" class=\"aligncenter wp-image-1948 \" src=\"https:\/\/semmelweis.hu\/esk\/files\/2025\/03\/2.-kep.png\" alt=\"\" width=\"746\" height=\"376\" srcset=\"https:\/\/semmelweis.hu\/esk\/files\/2025\/03\/2.-kep.png 605w, https:\/\/semmelweis.hu\/esk\/files\/2025\/03\/2.-kep-400x202.png 400w\" sizes=\"auto, (max-width: 746px) 100vw, 746px\" \/><\/p>\n<p style=\"text-align: center\"><span style=\"font-size: 12pt\"><strong>2<\/strong><strong>. \u00e1bra<\/strong><strong>: Az ARI-gyakoris\u00e1g (%ooo) \u00e9s SARS-CoV-2 pozitivit\u00e1si ar\u00e1ny mozg\u00f3\u00e1tlaga az ESK \u00e9s az NNGyK \u0151rszem-h\u00e1ziorvosai \u00e1ltal gy\u0171jt\u00f6tt adatok alapj\u00e1n, hetente, 2024. 27-2025. 7. h\u00e9t<\/strong><strong>, <\/strong><strong>Magyarorsz\u00e1g<br \/>\n<\/strong><em>(<\/em><em>Adatok forr\u00e1sa: SE ESK valamint NNGyK jelent\u00e9sek, adatok feldolgoz\u00e1sa: SE ESK)<\/em><\/span><\/p>\n<p><strong>A 2024 \u0151szi COVID19-j\u00e1rv\u00e1nyhull\u00e1m domin\u00e1ns vari\u00e1nsa<\/strong><\/p>\n<p style=\"text-align: justify\">Magyarorsz\u00e1gon a <strong>2024 \u0151szi COVID19-<\/strong>j\u00e1rv\u00e1nyhull\u00e1m sor\u00e1n m\u00e9g <strong>a KP.3 v\u00edrusv\u00e1ltozat volt a domin\u00e1ns<\/strong>, b\u00e1r a vil\u00e1g sz\u00e1mos orsz\u00e1g\u00e1ban ez id\u0151 alatt m\u00e1r az XEC alvari\u00e1ns v\u00e1lt meghat\u00e1roz\u00f3v\u00e1. Az adatok azt mutatj\u00e1k, hogy <strong>az \u00e9v v\u00e9ge k\u00f6zeledt\u00e9vel az XEC<\/strong> vari\u00e1ns r\u00e9szar\u00e1nya is <strong>n\u00f6vekedni kezdett <\/strong>Magyarorsz\u00e1gon, de m\u00e9g nem v\u00e1ltotta le a KP.3 vari\u00e1nst. 2025-ben v\u00e1rhat\u00f3an Magyarorsz\u00e1gon is \u00e1tveszi az XEC a domin\u00e1ns szerepet, \u00e9s ezzel v\u00e9lhet\u0151leg egy \u00fajabb j\u00e1rv\u00e1nyhull\u00e1mot is k\u00e9pes lesz elind\u00edtani. B\u0151vebben err\u0151l <a href=\"https:\/\/semmelweis.hu\/esk\/2025\/02\/10\/sars-cov-2-virusok-monitorozasa-magyarorszagon-2024-oszen\/\" target=\"_blank\" rel=\"noopener\">ide kattintva<\/a> olvashat.<\/p>\n<p style=\"text-align: justify\"><strong>T\u00f6bblethal\u00e1loz\u00e1s a 2024 \u0151szi COVID19-j\u00e1rv\u00e1nyhull\u00e1m idej\u00e9n<\/strong><\/p>\n<p style=\"text-align: justify\">Az id\u0151sek k\u00f6r\u00e9ben a 38-40. h\u00e9ten (2024. szeptember 18 &#8211; okt\u00f3ber 06.) 8%-os, a 43. h\u00e9ten (okt\u00f3ber 21-27.) 6%-os, \u00e9s a 46. h\u00e9ten (november 11-17.) pedig 8%-os, szignifik\u00e1ns t\u00f6bblethal\u00e1loz\u00e1s volt azonos\u00edthat\u00f3. B\u0151vebben err\u0151l <a href=\"https:\/\/semmelweis.hu\/esk\/files\/2025\/02\/Altalanos-tobblethalalozas-monitorozasa-Frissitve_2025.02.13.pdf\" target=\"_blank\" rel=\"noopener\">ide kattintva<\/a> olvashat.<\/p>\n<p><strong>Influenza-j\u00e1rv\u00e1nyhull\u00e1m<\/strong><\/p>\n<p><img loading=\"lazy\" decoding=\"async\" class=\"aligncenter wp-image-1949 size-full\" src=\"https:\/\/semmelweis.hu\/esk\/files\/2025\/03\/3.-kep.png\" alt=\"\" width=\"945\" height=\"470\" srcset=\"https:\/\/semmelweis.hu\/esk\/files\/2025\/03\/3.-kep.png 945w, https:\/\/semmelweis.hu\/esk\/files\/2025\/03\/3.-kep-400x199.png 400w, https:\/\/semmelweis.hu\/esk\/files\/2025\/03\/3.-kep-768x382.png 768w, https:\/\/semmelweis.hu\/esk\/files\/2025\/03\/3.-kep-753x375.png 753w\" sizes=\"auto, (max-width: 945px) 100vw, 945px\" \/><\/p>\n<p style=\"text-align: center\"><span style=\"font-size: 12pt\"><strong>3<\/strong><strong>. \u00e1bra<\/strong><strong>: Az ARI-gyakoris\u00e1g (%ooo), az influenza-pozitivit\u00e1si ar\u00e1ny mozg\u00f3\u00e1tlaga az ESK \u00e9s az NNGyK \u0151rszem-h\u00e1ziorvosai \u00e1ltal gy\u0171jt\u00f6tt adatok alapj\u00e1n, hetente, 2024. 27. h\u00e9t \u00e9s 2025. 7. h\u00e9t k\u00f6z\u00f6tt<br \/>\n<\/strong><em>(<\/em><em>Adatok forr\u00e1sa: SE ESK valamint NNGyK jelent\u00e9sek, adatok feldolgoz\u00e1sa: SE ESK)<\/em><\/span><\/p>\n<p style=\"text-align: justify\">Az akut l\u00e9g\u00fati megbeteged\u00e9sek miatt h\u00e1ziorvoshoz fordul\u00f3 betegek sz\u00e1ma az 51. h\u00e9tt\u0151l \u00fajra emelkedni kezdett. A 48-49. h\u00e9tt\u0151l az ESK \u00e9s az NNGyK influenza-pozitivit\u00e1si adatsora egyar\u00e1nt n\u00f6veked\u00e9snek indult, jelezve a szezon\u00e1lis influenzaj\u00e1rv\u00e1ny kezdet\u00e9t (\u2265 10%). A j\u00e1rv\u00e1ny\u00fcgyi helyzet v\u00e1ltoz\u00e1s\u00e1t \u00e9s a 2025 janu\u00e1rj\u00e1ban \u00e9s febru\u00e1rj\u00e1ban nagy sz\u00e1mban jelentkez\u0151 heveny l\u00e9g\u00fati megbeteged\u00e9sek legnagyobb r\u00e9sz\u00e9t teh\u00e1t ekkor m\u00e1r nem a SARS-CoV-2, hanem az influenzav\u00edrus terjed\u00e9se okozta. Az ESK adatai alapj\u00e1n a 3. hetet k\u00f6vet\u0151en, az NNGyK adatai alapj\u00e1n az 5-6. h\u00e9ten, azaz janu\u00e1r v\u00e9g\u00e9n, febru\u00e1r elej\u00e9n a j\u00e1rv\u00e1ny el\u00e9rte a cs\u00facspontj\u00e1t, de m\u00e9g febru\u00e1r k\u00f6zep\u00e9n is magasabb maradt a l\u00e9g\u00fati megbeteged\u00e9sek gyakoris\u00e1ga (80%ooo), mint az \u0151szi COVID19-j\u00e1rv\u00e1nyhull\u00e1m cs\u00facs\u00e1n (68%ooo) (3. \u00e1bra).<\/p>\n<p style=\"text-align: justify\">Influenza eset\u00e9n mindig sz\u00e1m\u00edtani kell az els\u0151 j\u00e1rv\u00e1nycs\u00facs ut\u00e1n ism\u00e9telt emelked\u00e9sre. Ez az\u00e9rt lehets\u00e9ges, mert p\u00e9ld\u00e1ul a v\u00edrus terjed\u00e9se az egyik korcsoportban vagy f\u00f6ldrajzi ter\u00fcleten \u00e9ppen visszaszorul, m\u00edg a m\u00e1sikban er\u0151sen terjedni kezd, illetve gyakran el\u0151fordul az is, hogy az egyi v\u00edrust\u00f6rzs (pl. influenza A) visszaszorul, m\u00edg egy m\u00e1sik (pl. influenza B) \u00e1tveszik az uralmat. Val\u00f3j\u00e1ban sok influenzaszezon kezd\u0151dik az A t\u00edpus\u00fa influenza okozta sok megbeteged\u00e9ssel, amelyet a k\u00e9s\u0151 t\u00e9len vagy kora tavasszal egy kisebb, enyh\u00e9bb, B t\u00edpus\u00fa influenza okozta megbeteged\u00e9si hull\u00e1m k\u00f6vet.<\/p>\n<p style=\"text-align: justify\">Az ERVISS adatai alapj\u00e1n Magyarorsz\u00e1gon a 6. h\u00e9ten m\u00e9g a tesztek 58%-a volt influenza pozit\u00edv, a 8. h\u00e9ten m\u00e1r csak 43%, ami arra utal, hogy az akut l\u00e9g\u00fati megbeteged\u00e9sek j\u00e1rv\u00e1nyhull\u00e1m\u00e1nak magas szintj\u00e9hez a 6. napt\u00e1ri h\u00e9t ut\u00e1n m\u00e1r nagy val\u00f3sz\u00edn\u0171s\u00e9ggel a cs\u00f6kken\u0151 influenza mellett egy\u00e9b l\u00e9g\u00fati k\u00f3rokoz\u00f3k terjed\u00e9se is jelent\u0151sen hozz\u00e1j\u00e1rult.<\/p>\n<p><strong>T\u00f6bblethal\u00e1loz\u00e1s az influenza-j\u00e1rv\u00e1nyhull\u00e1m idej\u00e9n<\/strong><\/p>\n<p style=\"text-align: justify\">A hal\u00e1loz\u00e1si adatok 2025 febru\u00e1r v\u00e9gi feldolgozotts\u00e1gi szintje mellett meg\u00e1llap\u00edthat\u00f3, hogy 2024 utols\u00f3 het\u00e9t\u0151l 2025 janu\u00e1r els\u0151 fel\u00e9ig az id\u0151sek k\u00f6r\u00e9ben szignifik\u00e1ns hal\u00e1loz\u00e1si t\u00f6bblet volt detekt\u00e1lhat\u00f3, szemben az el\u0151z\u0151 \u00e9v hasonl\u00f3 id\u0151szak\u00e1val, amikor t\u00f6bblethal\u00e1loz\u00e1s nem jelentkezett. A 4. \u00e1br\u00e1n l\u00e1that\u00f3, hogy 2024. \u00e9v 52. het\u00e9ben \u00e9s a 2025. 1-2. het\u00e9ben \u00f6sszess\u00e9g\u00e9ben 8%-os hal\u00e1loz\u00e1si t\u00f6bblet azonos\u00edthat\u00f3 az id\u0151sek k\u00f6r\u00e9ben. A janu\u00e1r m\u00e1sodik fel\u00e9ben esetlegesen el\u0151fordul\u00f3 t\u00f6bblethal\u00e1loz\u00e1sr\u00f3l a hal\u00e1loz\u00e1si adatok magasabb feldolgozotts\u00e1gi szintj\u00e9t k\u00f6vet\u0151en lehet majd \u00e9rt\u00e9kel\u00e9st adni. Felt\u00e9telezhet\u0151, hogy a 2024\/25. l\u00e9g\u00fati szezonban az influenza miatt jelentkez\u0151 hal\u00e1loz\u00e1si t\u00f6bblet el fogja \u00e9rni legal\u00e1bb a megel\u0151z\u0151 COVID19-j\u00e1rv\u00e1nyhoz k\u00f6thet\u0151 t\u00f6bblethal\u00e1loz\u00e1s szintj\u00e9t, vagy ak\u00e1r meg is fogja haladni azt.<br \/>\n<img loading=\"lazy\" decoding=\"async\" class=\"size-medium wp-image-1951 alignright\" src=\"https:\/\/semmelweis.hu\/esk\/files\/2025\/03\/4_1.kep_-400x45.png\" alt=\"\" width=\"400\" height=\"45\" srcset=\"https:\/\/semmelweis.hu\/esk\/files\/2025\/03\/4_1.kep_-400x45.png 400w, https:\/\/semmelweis.hu\/esk\/files\/2025\/03\/4_1.kep_-753x84.png 753w, https:\/\/semmelweis.hu\/esk\/files\/2025\/03\/4_1.kep_.png 764w\" sizes=\"auto, (max-width: 400px) 100vw, 400px\" \/><img loading=\"lazy\" decoding=\"async\" class=\"aligncenter wp-image-1950 size-large\" src=\"https:\/\/semmelweis.hu\/esk\/files\/2025\/03\/4.-kep-1024x603.png\" alt=\"\" width=\"753\" height=\"443\" srcset=\"https:\/\/semmelweis.hu\/esk\/files\/2025\/03\/4.-kep-1024x603.png 1024w, https:\/\/semmelweis.hu\/esk\/files\/2025\/03\/4.-kep-400x235.png 400w, https:\/\/semmelweis.hu\/esk\/files\/2025\/03\/4.-kep-768x452.png 768w, https:\/\/semmelweis.hu\/esk\/files\/2025\/03\/4.-kep-1536x904.png 1536w, https:\/\/semmelweis.hu\/esk\/files\/2025\/03\/4.-kep-2048x1206.png 2048w, https:\/\/semmelweis.hu\/esk\/files\/2025\/03\/4.-kep-753x443.png 753w\" sizes=\"auto, (max-width: 753px) 100vw, 753px\" \/><\/p>\n<p style=\"text-align: center\"><span style=\"font-size: 12pt\"><strong>4<\/strong><strong>. \u00e1bra<\/strong><strong>: A heti id\u0151skori (65-x \u00e9ves) relat\u00edv hal\u00e1loz\u00e1s a 2024. 31. h\u00e9tt\u0151l a 2025. 04. h\u00e9tig (2025. jan. 20- 26.), a 2014-2019 \u00e9vek azonos id\u0151szak\u00e1nak heti hal\u00e1loz\u00e1s\u00e1hoz viszony\u00edtva (korra, nemre standardiz\u00e1lva), Magyarorsz\u00e1gon (2025. febru\u00e1r 23-i feldolgozotts\u00e1g alapj\u00e1n)<br \/>\n<\/strong><em>(<\/em><em>Adatok forr\u00e1sa: KSH, adatok feldolgoz\u00e1sa: SE ESK)<\/em><\/span><\/p>\n<p style=\"text-align: justify\"><strong>Milyen l\u00e9g\u00fati t\u00fcnetek jellemezt\u00e9k a 2024-25. \u00e9vi l\u00e9g\u00fati szezonban az ESK h\u00e1l\u00f3zat\u00e1ban r\u00e9sztvev\u0151 h\u00e1ziorvosokhoz fordul\u00f3 betegeket? <\/strong><\/p>\n<p style=\"text-align: justify\">R\u00e9g\u00f3ta foglalkoztatja az embereket az a k\u00e9rd\u00e9s, hogy puszt\u00e1n klinikai t\u00fcnetek alapj\u00e1n el lehet-e k\u00fcl\u00f6n\u00edteni az influenz\u00e1t \u00e9s a COVID-19-et. A v\u00e1lasz erre az, hogy ez a k\u00e9t betegs\u00e9g kiz\u00e1r\u00f3lag a t\u00fcnetek alapj\u00e1n nagy biztons\u00e1ggal nem k\u00fcl\u00f6nb\u00f6ztethet\u0151 meg egym\u00e1st\u00f3l, csak laborat\u00f3riumi vizsg\u00e1lattal. Vannak azonban k\u00fcl\u00f6nbs\u00e9gek a k\u00e9t betegs\u00e9g k\u00f6z\u00f6tt az el\u0151fordul\u00f3 t\u00fcnetek gyakoris\u00e1g\u00e1t tekintve, amik <em>val\u00f3sz\u00edn\u0171s\u00edthetik<\/em> az egyik vagy a m\u00e1sik betegs\u00e9get.<\/p>\n<p style=\"text-align: justify\">A SE ESK kutat\u00e1s\u00e1ban alkalmazott m\u00f3dszer lehet\u0151v\u00e9 teszi az egy\u00e9ni t\u00fcnetek felt\u00e9rk\u00e9pez\u00e9s\u00e9t az orvoshoz fordul\u00f3k k\u00f6r\u00e9ben. Eszerint meghat\u00e1rozhat\u00f3ak a SARS-CoV-2-, valamint az influenzav\u00edrussal fert\u0151z\u00f6ttek jellemz\u0151 t\u00fcnetei, \u00e9s felt\u00e9rk\u00e9pezhet\u0151k a k\u00fcl\u00f6nbs\u00e9gek. (1. t\u00e1bl\u00e1zat)<\/p>\n<p style=\"text-align: center\"><strong style=\"font-size: 12pt;text-align: center\"><img loading=\"lazy\" decoding=\"async\" class=\"aligncenter wp-image-1961 size-full\" src=\"https:\/\/semmelweis.hu\/esk\/files\/2025\/03\/tunetek-002.png\" alt=\"\" width=\"502\" height=\"503\" srcset=\"https:\/\/semmelweis.hu\/esk\/files\/2025\/03\/tunetek-002.png 502w, https:\/\/semmelweis.hu\/esk\/files\/2025\/03\/tunetek-002-400x400.png 400w, https:\/\/semmelweis.hu\/esk\/files\/2025\/03\/tunetek-002-150x150.png 150w\" sizes=\"auto, (max-width: 502px) 100vw, 502px\" \/><br \/>\n1.t\u00e1bl\u00e1zat<\/strong><strong style=\"font-size: 12pt;text-align: center\">: SARS-CoV-2- \u00e9s influenza-pozit\u00edv betegek ARI-t\u00fcnetei (VEBIS h\u00e1ziorvosi kutat\u00e1s, Magyarorsz\u00e1g 2024. szeptember &#8211; 2025. janu\u00e1r)<br \/>\n<\/strong><em style=\"font-size: 12pt\">(Adatok forr\u00e1sa \u00e9s feldolgoz\u00e1sa: SE ESK)<\/em><\/p>\n<p style=\"text-align: justify\">Az eredm\u00e9nyek alapj\u00e1n mindk\u00e9t betegs\u00e9g eset\u00e9n hasonl\u00f3 klinikai t\u00fcnetekkel fordulnak h\u00e1ziorvoshoz a p\u00e1ciensek. A n\u00e1tha \u00e9s rossz k\u00f6z\u00e9rzet p\u00e9ld\u00e1ul mindk\u00e9t betegs\u00e9gben gyakori t\u00fcnet. A k\u00f6h\u00f6g\u00e9s influenza-fert\u0151z\u00f6ttekn\u00e9l gyakoribb (93%), mint SARS-CoV-2-fert\u0151z\u00f6ttekn\u00e9l (83%). A SARS-CoV-2-fert\u0151z\u00e9ssel orvoshoz fordul\u00f3k leggyakoribb t\u00fcnetei k\u00f6z\u00f6tt van a n\u00e1th\u00e1n (90%) k\u00edv\u00fcl a torokf\u00e1j\u00e1s (87%) \u00e9s a k\u00f6h\u00f6g\u00e9s is (83%), de ritk\u00e1bb a l\u00e1z (65%). Ezzel szemben a laborat\u00f3riumi vizsg\u00e1lattal meger\u0151s\u00edtetten influenz\u00e1ban szenved\u0151kn\u00e9l a rossz k\u00f6z\u00e9rzet (92%) mellett a l\u00e1z (91%) a leggyakoribb t\u00fcnet. Az egyik legfontosabb k\u00fcl\u00f6nbs\u00e9g, hogy a l\u00e1z el\u0151fordul\u00e1sa az influenz\u00e1s betegekn\u00e9l igen magas (91%), azonban a SARS-CoV-2-fert\u0151z\u00f6ttekn\u00e9l ez a t\u00fcnet ritk\u00e1bban fordul el\u0151 (65%), a m\u00e1sik jellegzetess\u00e9g, hogy az izomf\u00e1jdalom influenza eset\u00e9n 82%-ban, m\u00edg SARS-CoV-2-fert\u0151z\u00f6tt betegekn\u00e9l csup\u00e1n 63%-ban fordul el\u0151.<\/p>\n<p style=\"text-align: justify\"><strong>\u00d6sszefoglal\u00e1s, megbesz\u00e9l\u00e9s \u00e9s aj\u00e1nl\u00e1sok<\/strong><\/p>\n<p style=\"text-align: justify\">A COVID19-vil\u00e1gj\u00e1rv\u00e1ny tapasztalataira \u00e9p\u00edtve a Semmelweis Egyetem Epidemiol\u00f3giai \u00e9s Surveillance K\u00f6zpontja \u00faj t\u00edpus\u00fa, innovat\u00edv surveillance-rendszert m\u0171k\u00f6dtet a l\u00e9g\u00fati fert\u0151z\u0151 betegs\u00e9gek kutat\u00e1s\u00e1ra. Az eredm\u00e9nyek azt mutatj\u00e1k, hogy az akut l\u00e9g\u00fati megbeteged\u00e9sek j\u00e1rv\u00e1nyos terjed\u00e9se a 2024\/25. \u00e9vi l\u00e9g\u00fati szezonban is a COVID19-cel indult el, m\u00e9ghozz\u00e1 nagyon kor\u00e1n, 2024 augusztus elej\u00e9n. A\u00a0COVID19-j\u00e1rv\u00e1nyhull\u00e1m szeptemberben volt a legintenz\u00edvebb, majd november v\u00e9g\u00e9re t\u00faljutottunk rajta. Az akut l\u00e9g\u00fati megbeteged\u00e9sek sz\u00e1m\u00e1nak \u00e9vv\u00e9gi \u00fajabb emelked\u00e9se m\u00e1r az influenzaj\u00e1rv\u00e1ny kezdet\u00e9t jelezte, ami a tavalyin\u00e1l 2-3 h\u00e9ttel kor\u00e1bban robbant be. 2025 els\u0151 heteiben az influenza-megbeteged\u00e9sek el\u0151fordul\u00e1sa meredeken emelkedett, a j\u00e1rv\u00e1nyhull\u00e1m janu\u00e1r legv\u00e9g\u00e9n, febru\u00e1r elej\u00e9n el\u00e9rte a cs\u00facs\u00e1t, \u00e9s m\u00e9g febru\u00e1r m\u00e1sodik fel\u00e9ben is magas volt az aktivit\u00e1s, de m\u00e1r cs\u00f6kken\u0151 tesztpozitivit\u00e1si ar\u00e1ny mellett.<\/p>\n<p style=\"text-align: justify\"><strong>Ez volt az els\u0151 l\u00e9g\u00fati szezon a SARS-CoV-2 megjelen\u00e9se \u00f3ta, amikor az influenza okozta j\u00e1rv\u00e1nyhull\u00e1m megbeteged\u00e9si cs\u00facs\u00e9rt\u00e9kei meghaladt\u00e1k a COVID19-j\u00e1rv\u00e1nyhull\u00e1m\u00e9t Magyarorsz\u00e1gon. Mindkett\u0151 jelent\u0151s t\u00f6bblethal\u00e1loz\u00e1st is okozott.<\/strong> A COVID19-j\u00e1rv\u00e1ny 2024 v\u00e9g\u00e9n 5 h\u00e9ten kereszt\u00fcl okozott 6-8 %-os t\u00f6bblethal\u00e1loz\u00e1st az id\u0151sek k\u00f6r\u00e9ben. Az influenza okozta t\u00f6bblethal\u00e1loz\u00e1sr\u00f3l 2025 m\u00e1rcius elej\u00e9n m\u00e9g csak el\u0151zetes adatokkal rendelkez\u00fcnk, de az m\u00e1r l\u00e1that\u00f3, hogy 2024 52. het\u00e9ben \u00e9s janu\u00e1r els\u0151 k\u00e9t het\u00e9ben 8-8%-os t\u00f6bblethal\u00e1loz\u00e1s volt azonos\u00edthat\u00f3 az id\u0151sek k\u00f6r\u00e9ben. Ez a hal\u00e1loz\u00e1si t\u00f6bblet az adatok feldolgozotts\u00e1g\u00e1nak el\u0151rehalad\u00e1s\u00e1val val\u00f3sz\u00edn\u0171leg el fogja \u00e9rni a COVID19 j\u00e1rv\u00e1ny idej\u00e9n azonos\u00edtott szintet, de elk\u00e9pzelhet\u0151, hogy meg is haladja azt. <strong>A 2024\/25. \u00e9vi influenzaj\u00e1rv\u00e1nyt teh\u00e1t szignifik\u00e1ns t\u00f6bblethal\u00e1loz\u00e1s k\u00eds\u00e9rte az id\u0151sek k\u00f6r\u00e9ben, ami az\u00e9rt is jelent\u0151s esem\u00e9ny, mert a 2022\/23-, \u00e9s a 2023\/24-es l\u00e9g\u00fati szezon influenzaj\u00e1rv\u00e1nyai sem id\u00e9ztek el\u0151 t\u00f6bblethal\u00e1loz\u00e1st Magyarorsz\u00e1gon. <\/strong>Figyelemre m\u00e9lt\u00f3 az is, hogy <strong>a l\u00e9g\u00fati szezonban t\u00f6bb h\u00e9ten \u00e1t jelentkez\u0151 t\u00f6bblethal\u00e1loz\u00e1s a ny\u00e1ri h\u0151hull\u00e1m okozta, a 32-36. h\u00e9t k\u00f6z\u00f6tt mutatkoz\u00f3 szignifik\u00e1ns t\u00f6bblethal\u00e1loz\u00e1st k\u00f6vet\u0151en alakult ki. <\/strong><\/p>\n<p style=\"text-align: justify\">A 2024\/25. l\u00e9g\u00fati szezonban zajl\u00f3 influenzaj\u00e1rv\u00e1ny val\u00f3ban s\u00falyosabb volt a megel\u0151z\u0151 n\u00e9h\u00e1ny \u00e9v influenzaj\u00e1rv\u00e1nyain\u00e1l. Mindebb\u0151l azonban nem k\u00f6vetkezik az, hogy a COVID19 \u201emegszel\u00edd\u00fclt\u201d volna, vagy hogy az influenzav\u00edrus v\u00e1rhat\u00f3an a j\u00f6v\u0151 szezonban is nagyobb j\u00e1rv\u00e1nyt fog el\u0151id\u00e9zni, mint a SARS-CoV-2. A szezon\u00e1lis influenzaj\u00e1rv\u00e1nyokra vonatkoz\u00f3 \u00e1ltal\u00e1nos megfigyel\u00e9s, hogy 5-7 \u00e9vente egy-egy nagyobb j\u00e1rv\u00e1ny fordul el\u0151, ahogy ez most Magyarorsz\u00e1gon \u00e9s vil\u00e1gszerte is megfigyelhet\u0151 volt.<\/p>\n<p style=\"text-align: justify\">Az influenzaj\u00e1rv\u00e1nyok \u00e9s a COVID19-j\u00e1rv\u00e1nyok s\u00falyoss\u00e1ga \u00e9vr\u0151l \u00e9vre v\u00e1ltozik, mivel a v\u00edrusok is folyamatosan v\u00e1ltoznak, ennek eredm\u00e9nyek\u00e9nt \u00fajabb SARS-CoV-2- \u00e9s influenza-v\u00edrusv\u00e1ltozatok jelennek meg \u00e9s okoznak megbeteged\u00e9seket. Egy-egy szezonban a megbeteged\u00e9sek, a k\u00f3rh\u00e1zi kezel\u00e9sek \u00e9s a hal\u00e1loz\u00e1sok sz\u00e1ma nagym\u00e9rt\u00e9kben f\u00fcgg att\u00f3l, hogy:<\/p>\n<ul style=\"text-align: justify\">\n<li>mennyire t\u00e9r el az \u00faj v\u00edrusv\u00e1ltozat az el\u0151z\u0151 \u00e9vekben cirkul\u00e1ltakt\u00f3l;<\/li>\n<li>milyen az emberek \u00e1ltal\u00e1nos immunit\u00e1sa az el\u0151z\u0151 fert\u0151z\u00e9sek \u00e9s v\u00e9d\u0151olt\u00e1sok hat\u00e1s\u00e1ra;<\/li>\n<li>mennyire okoz s\u00falyos megbeteged\u00e9st a domin\u00e1ns v\u00edrust\u00f6rzs (p\u00e9ld\u00e1ul az influenza A t\u00edpus\u00fa t\u00f6rzsek okozta megbeteged\u00e9sek \u00e1ltal\u00e1ban s\u00falyosabbak, mint a B t\u00edpus\u00faak \u00e1ltal okozottak);<\/li>\n<li>mennyire illeszkedik a szezon\u00e1lis olt\u00f3anyag az adott \u00e9v v\u00edrust\u00f6rzseihez;<\/li>\n<li>mekkora az \u00e1toltotts\u00e1g ar\u00e1nya \u00e9s milyen koroszt\u00e1lyokat \u00e9rint;<\/li>\n<li>az adott k\u00f6z\u00f6ss\u00e9gben hoznak-e int\u00e9zked\u00e9seket a l\u00e9g\u00fati fert\u0151z\u00e9sek ellen, \u00e9s az egy\u00e9ni v\u00e9dekez\u00e9s lehet\u0151s\u00e9geit mennyire haszn\u00e1lj\u00e1k ki j\u00e1rv\u00e1nyos id\u0151szakban.<\/li>\n<\/ul>\n<p style=\"text-align: justify\">A val\u00f3s\u00e1gban teh\u00e1t az adott szezon j\u00e1rv\u00e1nyhull\u00e1mainak nagys\u00e1ga nagyon sok t\u00e9nyez\u0151t\u0151l f\u00fcgg, de legink\u00e1bb a k\u00f3rokoz\u00f3k v\u00e1ltoz\u00e9konys\u00e1g\u00e1t\u00f3l \u00e9s a k\u00f6z\u00f6ss\u00e9gek v\u00e9dekez\u00e9s\u00e9t\u0151l.<\/p>\n<p style=\"text-align: justify\">Mi lehetett az oka a szok\u00e1sosn\u00e1l nagyobb influenzaj\u00e1rv\u00e1nynak 2025 els\u0151 heteiben? Egyik ok lehetne a v\u00e9dekez\u00e9s hi\u00e1nya, bele\u00e9rtve az alacsony influenza elleni \u00e1toltotts\u00e1got. Az influenza elleni v\u00e9d\u0151olt\u00e1sban r\u00e9szes\u00fcl\u0151k ar\u00e1nya Magyarorsz\u00e1gon nagyon alacsony, \u00e9s a COVID19-vil\u00e1gj\u00e1rv\u00e1ny kezdete \u00f3ta m\u00e9g cs\u00f6kkent is, de nem olyan sokat. Magyarorsz\u00e1gon a pand\u00e9mi\u00e1s int\u00e9zked\u00e9sek kivezet\u00e9se \u00f3ta az elm\u00falt k\u00e9t l\u00e9g\u00fati szezonban a v\u00e9dekez\u00e9s gyenge maradt, l\u00e9nyeges v\u00e1ltoz\u00e1s ezen a t\u00e9ren nem t\u00f6rt\u00e9nt, ez\u00e9rt ez \u00f6nmag\u00e1ban nem magyar\u00e1zza az idei nagy j\u00e1rv\u00e1nyt az el\u0151z\u0151 k\u00e9t szezonhoz k\u00e9pest.<\/p>\n<p style=\"text-align: justify\">M\u00e1sik ok lehetne, hogy az emberek a 2024\/25-\u00f6s l\u00e9g\u00fati szezonban kev\u00e9sb\u00e9 voltak v\u00e9dettek az influenza ellen a COVID19-vil\u00e1gj\u00e1rv\u00e1nyhoz kapcsol\u00f3d\u00f3 t\u00f6bb\u00e9ves t\u00e1rsadalmi t\u00e1vols\u00e1gtart\u00e1s k\u00f6vetkezt\u00e9ben. Ezen int\u00e9zked\u00e9sek hat\u00e1s\u00e1ra ugyanis a COVID19-vil\u00e1gj\u00e1rv\u00e1ny els\u0151 k\u00e9t \u00e9v\u00e9ben (2020-2022 k\u00f6z\u00f6tt) az influenza szinte teljesen elt\u0171nt. A 2022\/23-as \u00e9s a 2023\/24-es l\u00e9g\u00fati szezonban a k\u00f6z\u00f6ss\u00e9gi t\u00e1vols\u00e1gtart\u00e1s \u00e9s maszkhaszn\u00e1lat szinte teljesen visszaszorult Magyarorsz\u00e1gon, az influenza pedig visszat\u00e9rt a kor\u00e1bbi j\u00e1rv\u00e1nymint\u00e1zathoz, de nem okozott szokatlan intenzit\u00e1s\u00fa j\u00e1rv\u00e1nyokat, annak ellen\u00e9re sem, hogy elm\u00e9letileg az emberek fog\u00e9konyabbak voltak r\u00e1. Nem val\u00f3sz\u00edn\u0171, hogy az immunad\u00f3ss\u00e1g \u00e9ppen a 2024\/25-\u00f6s szezonban mutatkozott volna meg, ez\u00e9rt a szok\u00e1sosn\u00e1l nagyobb j\u00e1rv\u00e1nyhull\u00e1mot \u00f6nmag\u00e1ban ez sem magyar\u00e1zza.<\/p>\n<p style=\"text-align: justify\">A legval\u00f3sz\u00edn\u0171bb magyar\u00e1zat, hogy az influenzav\u00edrusok k\u00f6r\u00e9ben bek\u00f6vetkez\u0151 mut\u00e1ci\u00f3k r\u00e9v\u00e9n gyorsabb \u00e9s k\u00f6nnyebb terjed\u00e9si k\u00e9pess\u00e9gre tettek szert ezek a v\u00edrusok, emiatt t\u00f6bben kapt\u00e1k el a fert\u0151z\u00e9st ebben a szezonban.<\/p>\n<p style=\"text-align: justify\">Nem tudhatjuk teh\u00e1t el\u0151re, hogy a k\u00f6vetkez\u0151 szezonban az influenza- vagy a COVID19-j\u00e1rv\u00e1ny lesz-e a nagyobb, de az meg\u00e1llap\u00edthat\u00f3, hogy <strong>\u00f6sszess\u00e9g\u00e9ben a l\u00e9g\u00fati j\u00e1rv\u00e1nyok a COVID19 megjelen\u00e9se \u00f3ta a kor\u00e1bbin\u00e1l k\u00e9t-h\u00e1romszor nagyobb terhet r\u00f3nak a t\u00e1rsadalomra (att\u00f3l f\u00fcgg\u0151en, hogy az adott \u00e9vben a szezon\u00e1lis influenzaj\u00e1rv\u00e1ny mellett h\u00e1ny COVID19-hull\u00e1m alakul ki), emiatt a j\u00f6v\u0151ben mind az influenza-, mind pedig a COVID19-j\u00e1rv\u00e1nyok megel\u0151z\u00e9s\u00e9re a kor\u00e1bbin\u00e1l nagyobb er\u0151fesz\u00edt\u00e9st \u00e9rdemes ford\u00edtani. <\/strong>Hangs\u00falyozni kell, hogy mindannyian sokat tehet\u00fcnk a l\u00e9g\u00fati fert\u0151z\u00e9sek \u00e9s j\u00e1rv\u00e1nyok megel\u0151z\u00e9s\u00e9\u00e9rt. Soha nem k\u00e9s\u0151 m\u00e9rlegelni a <strong>v\u00e9d\u0151olt\u00e1s<\/strong>okat \u00e9s megbesz\u00e9lni a h\u00e1ziorvossal azok id\u0151z\u00edt\u00e9s\u00e9t, hiszen az influenzaszezon jellemz\u0151en hossz\u00fara ny\u00falik, a SARS-CoV-2 pedig egy \u00e9ven bel\u00fcl t\u00f6bbsz\u00f6r is visszat\u00e9rhet \u00e9s j\u00e1rv\u00e1nyokat okozhat. J\u00e1rv\u00e1nyok idej\u00e9n a zs\u00fafolt k\u00f6z\u00f6ss\u00e9gi terekben a <strong>maszk <\/strong>haszn\u00e1lata, illetve a megfelel\u0151 <strong>l\u00e9gtechnika vagy rendszeres szell\u0151ztet\u00e9s<\/strong> seg\u00edt megel\u0151zni a l\u00e9g\u00fati v\u00edrusok terjed\u00e9s\u00e9t. Az influenza s\u00falyos lefoly\u00e1sa ellen v\u00e9delmet ny\u00fajtanak az <strong>antivir\u00e1lis szerek<\/strong>, amennyiben azokat a t\u00fcnetek kezdete ut\u00e1n 48 \u00f3r\u00e1n bel\u00fcl elkezdik szedni.<\/p>\n<p style=\"text-align: justify\">Fontos megjegyezni, hogy a COVID19-j\u00e1rv\u00e1nyhull\u00e1m a 2024\/25-\u00f6s l\u00e9g\u00fati szezonban j\u00f3val (mintegy 6\u00a0h\u00e9ttel) a 40. h\u00e9t el\u0151tt elkezd\u0151d\u00f6tt, ugyan\u00fagy, ahogy az a 2023\/24-es l\u00e9g\u00fati <a href=\"https:\/\/semmelweis.hu\/esk\/2024\/07\/26\/mi-jellemezte-a-2023-2024-evi-hazai-leguti-szezont-es-mit-tanulhatunk-belole\/\" target=\"_blank\" rel=\"noopener\">szezonban is t\u00f6rt\u00e9nt<\/a>. \u00a0Ennek a j\u00e1rv\u00e1ny\u00fcgyi inform\u00e1ci\u00f3nak meghat\u00e1roz\u00f3 szerepe van a l\u00e9g\u00fati szezonra t\u00f6rt\u00e9n\u0151 felk\u00e9sz\u00fcl\u00e9sben, a v\u00e9d\u0151olt\u00e1si programok id\u0151z\u00edt\u00e9s\u00e9ben \u00e9s a l\u00e9g\u00fati figyel\u0151szolg\u00e1lat elind\u00edt\u00e1s\u00e1ban.<\/p>\n<p style=\"text-align: justify\"><strong>Az ESK \u00faj t\u00edpus\u00fa surveillance-rendszer\u00e9ben a 2024-25. \u00e9vi szezon\u00e1lis influenzaj\u00e1rv\u00e1ny mellett a 2024.\u00a0\u00e9vi \u0151szi COVID19-j\u00e1rv\u00e1nyhull\u00e1mot is siker\u00fclt detekt\u00e1lni<\/strong>, <strong>mivel az adatgy\u0171jt\u00e9s m\u00e1r az eg\u00e9sz \u00e9vre kiterjedt<\/strong>. Ez \u00f6sszhangban van az <strong>Eg\u00e9szs\u00e9g\u00fcgyi Vil\u00e1gszervezet \u00e1ltal 2024 december\u00e9ben<\/strong> publik\u00e1lt \u00faj <strong>aj\u00e1nl\u00e1ssal<\/strong> (4) arr\u00f3l, hogyan javasolja \u00e1tszervezni a tag\u00e1llamok l\u00e9g\u00fati k\u00f3rokoz\u00f3kra vonatkoz\u00f3 integr\u00e1lt adatgy\u0171jt\u00e9s\u00e9t. Az aj\u00e1nl\u00e1s egyik f\u0151 \u00fajdons\u00e1ga, <strong>hogy a megfigyel\u00e9st az eg\u00e9sz \u00e9vre javasolj\u00e1k kiterjeszteni<\/strong>, nem csak az \u00e9v 40. het\u00e9t\u0151l a k\u00f6vetkez\u0151 \u00e9v 20. het\u00e9ig (az \u00e9szaki f\u00e9ltek\u00e9n), mivel a 2020. \u00e9vi COVID19-vil\u00e1gj\u00e1rv\u00e1ny azt mutatta, hogy a v\u00e1ltoz\u00e9kony <strong>SARS-CoV-2-<\/strong>v\u00edrus \u00fajabb mut\u00e1ci\u00f3i a hideg id\u0151szakt\u00f3l f\u00fcggetlen\u00fcl, ak\u00e1r ny\u00e1ron is elind\u00edthatnak \u00fajabb j\u00e1rv\u00e1nyhull\u00e1mokat. Az is megfigyelhet\u0151 volt a COVID19-vil\u00e1gj\u00e1rv\u00e1ny sor\u00e1n, hogy a t\u00e1vols\u00e1gtart\u00f3 int\u00e9zked\u00e9sek miatt kor\u00e1bban visszaszor\u00edtott RSv\u00edrus t\u0151le szokatlan id\u0151szakban, 2021 nyar\u00e1n robbant be \u00e9s ind\u00edtotta el az adott \u00e9ves hull\u00e1m\u00e1t (5). \u00a0<\/p>\n<p style=\"text-align: justify\">Emellett a <strong>zoonotikus (\u00e1llatr\u00f3l emberre terjed\u0151) influenzav\u00edrusok<\/strong> cirkul\u00e1ci\u00f3j\u00e1nak eg\u00e9sz \u00e9vi k\u00f6vet\u00e9se is fontos, mert az ezekb\u0151l esetlegesen kialakul\u00f3 \u00fajabb pand\u00e9mi\u00e1s potenci\u00e1l\u00fa v\u00edrusv\u00e1ltozatok is az \u00e9v b\u00e1rmely szak\u00e1ban j\u00e1rv\u00e1nyos terjed\u00e9snek indulhatnak, mint ahogy az a 2009 k\u00e9s\u0151 tavasz\u00e1n megkezd\u0151d\u00f6tt, \u00e9s ny\u00e1ron kibontakozott <strong>A\/H1N1 influenzapand\u00e9mi\u00e1<\/strong>ban is megfigyelhet\u0151 volt.<\/p>\n<p style=\"text-align: justify\">Ezeknek a j\u00e1rv\u00e1ny\u00fcgyi esem\u00e9nyeknek az el\u0151rejelz\u00e9s\u00e9hez \u00e9s detekt\u00e1l\u00e1s\u00e1hoz sz\u00fcks\u00e9ges a l\u00e9g\u00fati v\u00edrusok <strong>megfigyel\u00e9s\u00e9t az eg\u00e9sz \u00e9vre kiterjeszteni<\/strong>, melyet <strong>az EU\/EEA 24 tag\u00e1llam\u00e1nak j\u00e1rv\u00e1ny\u00fcgyi fel\u00fcgyeleti szervei k\u00f6z\u00fcl 2024-ben m\u00e1r 16 megval\u00f3s\u00edtott, de a magyar j\u00e1rv\u00e1ny\u00fcgyi fel\u00fcgyelet m\u00e9g nincs ezek k\u00f6z\u00f6tt <\/strong>(6).<\/p>\n<p style=\"text-align: justify\">\u00a0<\/p>\n<p style=\"text-align: justify\"><strong>Szakirodalom<\/strong>:<\/p>\n<ol>\n<li style=\"text-align: justify\">ECDC. Vaccine Effectiveness, Burden and Impact Studies (VEBIS) [Internet]. 2023 [id\u00e9zi 2025. febru\u00e1r 28.]. El\u00e9rhet\u0151: https:\/\/www.ecdc.europa.eu\/en\/infectious-disease-topics\/related-public-health-topics\/immunisation-and-vaccines\/vaccine-0<\/li>\n<li style=\"text-align: justify\">EUR\u00d3PAI BIZOTTS\u00c1G. A BIZOTTS\u00c1G (EU) 2018\/945 V\u00c9GREHAJT\u00c1SI HAT\u00c1ROZATA (2018. j\u00fanius 22.) a j\u00e1rv\u00e1ny\u00fcgyi fel\u00fcgyeleti rendszer hat\u00e1lya al\u00e1 vonand\u00f3 fert\u0151z\u0151 betegs\u00e9gekr\u0151l \u00e9s kapcsol\u00f3d\u00f3 k\u00fcl\u00f6n\u00f6s eg\u00e9szs\u00e9gi probl\u00e9m\u00e1kr\u00f3l, valamint a vonatkoz\u00f3 esetdefin\u00edci\u00f3kr\u00f3l [Internet]. Az Eur\u00f3pai Uni\u00f3 Hivatalos Lapja, L170. El\u00e9rhet\u0151: https:\/\/eur-lex.europa.eu\/legal-content\/HU\/TXT\/PDF\/?uri=CELEX:32018D0945<\/li>\n<li style=\"text-align: justify\">Epidemiol\u00f3giai \u00e9s Surveillance K\u00f6zpont. H\u00e1ziorvosi H\u00edrlev\u00e9l. \u201eA l\u00e9g\u00fati v\u00edrusok elleni v\u00e9d\u0151olt\u00e1sok eredm\u00e9nyess\u00e9g\u00e9nek meghat\u00e1roz\u00e1sa Magyarorsz\u00e1gon a 2021-2024. \u00e9vekben\u201d elnevez\u00e9s\u0171 epidemiol\u00f3giai vizsg\u00e1latban r\u00e9sztvev\u0151 h\u00e1ziorvosok r\u00e9sz\u00e9re [Internet]. Semmelweis Egyetem; 2025 [id\u00e9zi 2025. m\u00e1rcius 3.]. El\u00e9rhet\u0151: https:\/\/semmelweis.hu\/esk\/files\/2025\/02\/Haziorvosi-Hirlevel_2025.-februar.pdf<\/li>\n<li style=\"text-align: justify\">World Health Organization. Implementing the integrated sentinel surveillance of influenza and other respiratory viruses of epidemic and pandemic potential by the Global Influenza Surveillance and Response System: standards and operational guidance [Internet]. Geneva; Jogok: CC BY-NC-SA 3.0 IGO 2024. El\u00e9rhet\u0151: https:\/\/iris.who.int\/bitstream\/handle\/10665\/379678\/9789240101432-eng.pdf?sequence=1\u00a0\u00a0<\/li>\n<li style=\"text-align: justify\">World Health Organization. Global trends in infectious respiratory diseases [Internet]. WHO Member State Briefing; 2024 dec 19; USA. El\u00e9rhet\u0151: https:\/\/apps.who.int\/gb\/mspi\/pdf_files\/2024\/12\/Item1_19-12.pdf<\/li>\n<li style=\"text-align: justify\">Test positivity by country. The European Respiratory Virus Surveillance Summary (ERVISS) [Internet]. 2023 [id\u00e9zi 2025. m\u00e1rcius 4.]. El\u00e9rhet\u0151: https:\/\/www.ecdc.europa.eu\/en\/publications-data\/european-respiratory-virus-surveillance-summary-erviss<\/li>\n<\/ol>\n<p>&nbsp;<\/p>\n<p><span style=\"font-size: 12pt;color: #003366\"><em>A jelent\u00e9st k\u00e9sz\u00edtette az <img loading=\"lazy\" decoding=\"async\" class=\"alignnone  wp-image-1068\" src=\"https:\/\/semmelweis.hu\/esk\/files\/2024\/02\/se_esk_logo_fekvo_sotet-400x90.png\" alt=\"\" width=\"263\" height=\"59\" srcset=\"https:\/\/semmelweis.hu\/esk\/files\/2024\/02\/se_esk_logo_fekvo_sotet-400x90.png 400w, https:\/\/semmelweis.hu\/esk\/files\/2024\/02\/se_esk_logo_fekvo_sotet-768x172.png 768w, https:\/\/semmelweis.hu\/esk\/files\/2024\/02\/se_esk_logo_fekvo_sotet-753x169.png 753w, https:\/\/semmelweis.hu\/esk\/files\/2024\/02\/se_esk_logo_fekvo_sotet.png 900w\" sizes=\"auto, (max-width: 263px) 100vw, 263px\" \/>\u00a0<\/em><\/span><\/p>\n<p><span style=\"font-size: 12pt\"><em><img loading=\"lazy\" decoding=\"async\" class=\"alignnone  wp-image-1662\" src=\"https:\/\/semmelweis.hu\/esk\/files\/2024\/10\/Nemzeti_Labor__logo-400x167.jpg\" alt=\"\" width=\"165\" height=\"69\" srcset=\"https:\/\/semmelweis.hu\/esk\/files\/2024\/10\/Nemzeti_Labor__logo-400x167.jpg 400w, https:\/\/semmelweis.hu\/esk\/files\/2024\/10\/Nemzeti_Labor__logo.jpg 710w\" sizes=\"auto, (max-width: 165px) 100vw, 165px\" \/><\/em><span style=\"color: #003366\">RRF-2.3.1-21-2022-00006\u00a0<\/span><\/span><\/p>\n<p><b><img loading=\"lazy\" decoding=\"async\" class=\"alignnone wp-image-803 \" src=\"https:\/\/semmelweis.hu\/esk\/files\/2023\/11\/RRF-1024x118.jpg\" alt=\"\" width=\"788\" height=\"91\" srcset=\"https:\/\/semmelweis.hu\/esk\/files\/2023\/11\/RRF-1024x118.jpg 1024w, https:\/\/semmelweis.hu\/esk\/files\/2023\/11\/RRF-400x46.jpg 400w, https:\/\/semmelweis.hu\/esk\/files\/2023\/11\/RRF-768x88.jpg 768w, https:\/\/semmelweis.hu\/esk\/files\/2023\/11\/RRF-1536x177.jpg 1536w, https:\/\/semmelweis.hu\/esk\/files\/2023\/11\/RRF-2048x235.jpg 2048w, https:\/\/semmelweis.hu\/esk\/files\/2023\/11\/RRF-753x87.jpg 753w\" sizes=\"auto, (max-width: 788px) 100vw, 788px\" \/><\/b><\/p>\n","protected":false},"excerpt":{"rendered":"<p>Az influenza \u00e9s a COVID19 j\u00e1rv\u00e1ny\u00fcgyi helyzete Magyarorsz\u00e1gon, 2024 augusztus \u00e9s 2025 febru\u00e1r k\u00f6z\u00f6tt A SARS-CoV-2 megjelen\u00e9se \u00f3ta (2020 febru\u00e1r) ez volt az els\u0151 l\u00e9g\u00fati szezon, amikor az influenza okozta j\u00e1rv\u00e1nyhull\u00e1m megbeteged\u00e9si cs\u00facs\u00e9rt\u00e9kei Magyarorsz\u00e1gon meghaladt\u00e1k a COVID19-j\u00e1rv\u00e1nyhull\u00e1m\u00e9t. Sajnos, mindkett\u0151 jelent\u0151s t\u00f6bblethal\u00e1loz\u00e1st is okozott. A COVID19 2024 v\u00e9g\u00e9n 5\u00a0h\u00e9ten kereszt\u00fcl okozott 6-8%-os t\u00f6bblethal\u00e1loz\u00e1st az id\u0151sek k\u00f6r\u00e9ben. &hellip;<\/p>\n","protected":false},"author":102284,"featured_media":1949,"comment_status":"closed","ping_status":"closed","sticky":false,"template":"","format":"standard","meta":{"_acf_changed":false,"footnotes":""},"categories":[15],"tags":[],"class_list":["post-1945","post","type-post","status-publish","format-standard","has-post-thumbnail","hentry","category-elemzesek"],"acf":[],"_links":{"self":[{"href":"https:\/\/semmelweis.hu\/esk\/wp-json\/wp\/v2\/posts\/1945","targetHints":{"allow":["GET"]}}],"collection":[{"href":"https:\/\/semmelweis.hu\/esk\/wp-json\/wp\/v2\/posts"}],"about":[{"href":"https:\/\/semmelweis.hu\/esk\/wp-json\/wp\/v2\/types\/post"}],"author":[{"embeddable":true,"href":"https:\/\/semmelweis.hu\/esk\/wp-json\/wp\/v2\/users\/102284"}],"replies":[{"embeddable":true,"href":"https:\/\/semmelweis.hu\/esk\/wp-json\/wp\/v2\/comments?post=1945"}],"version-history":[{"count":6,"href":"https:\/\/semmelweis.hu\/esk\/wp-json\/wp\/v2\/posts\/1945\/revisions"}],"predecessor-version":[{"id":1966,"href":"https:\/\/semmelweis.hu\/esk\/wp-json\/wp\/v2\/posts\/1945\/revisions\/1966"}],"wp:featuredmedia":[{"embeddable":true,"href":"https:\/\/semmelweis.hu\/esk\/wp-json\/wp\/v2\/media\/1949"}],"wp:attachment":[{"href":"https:\/\/semmelweis.hu\/esk\/wp-json\/wp\/v2\/media?parent=1945"}],"wp:term":[{"taxonomy":"category","embeddable":true,"href":"https:\/\/semmelweis.hu\/esk\/wp-json\/wp\/v2\/categories?post=1945"},{"taxonomy":"post_tag","embeddable":true,"href":"https:\/\/semmelweis.hu\/esk\/wp-json\/wp\/v2\/tags?post=1945"}],"curies":[{"name":"wp","href":"https:\/\/api.w.org\/{rel}","templated":true}]}}