{"id":46878,"date":"2025-12-08T15:56:48","date_gmt":"2025-12-08T14:56:48","guid":{"rendered":"https:\/\/semmelweis.hu\/english\/?p=46878"},"modified":"2026-01-06T16:01:27","modified_gmt":"2026-01-06T15:01:27","slug":"semmelweis-athletes-at-the-european-and-world-university-championships","status":"publish","type":"post","link":"https:\/\/semmelweis.hu\/english\/2025\/12\/semmelweis-athletes-at-the-european-and-world-university-championships\/","title":{"rendered":"Semmelweis athletes at the European and world university championships"},"content":{"rendered":"<div class=\"lead\">With one silver and two bronze medals, fencing, orienteering, and taekwondo were the podium sports for Semmelweis University at this year\u2019s international university sports championships. Competitors in women\u2019s water polo, athletics, and table tennis contributed to the university\u2019s sporting life with valuable placings and international competition experience at the FISU World University Games and the EUSA European Universities Championships held in the summer and autumn.<\/div>\n<p>This year, the European Universities Combat Championships in taekwondo were held in the Polish capital, Warsaw, where participant Anna Somogyi from Semmelweis University &#8211; third-year student, Faculty of Medicine (\u00c1OK), first from the right in the photo &#8211; finished the competition series with a bronze medal (Kyorugi women\u2019s tournament +62 kg to 67 kg). She told our website that she had been participating in competitive sports for 12 years and that it was a great experience for her to represent the university at an international competition for the first time.<\/p>\n<p><a href=\"https:\/\/semmelweis.hu\/english\/files\/2025\/12\/IMG_6004-Somogyi-Anna-Taekwondo1-1.jpeg\"><img loading=\"lazy\" decoding=\"async\" class=\"aligncenter size-full wp-image-46880\" src=\"https:\/\/semmelweis.hu\/english\/files\/2025\/12\/IMG_6004-Somogyi-Anna-Taekwondo1-1.jpeg\" alt=\"\" width=\"2048\" height=\"1365\" srcset=\"https:\/\/semmelweis.hu\/english\/files\/2025\/12\/IMG_6004-Somogyi-Anna-Taekwondo1-1.jpeg 2048w, https:\/\/semmelweis.hu\/english\/files\/2025\/12\/IMG_6004-Somogyi-Anna-Taekwondo1-1-400x267.jpeg 400w, https:\/\/semmelweis.hu\/english\/files\/2025\/12\/IMG_6004-Somogyi-Anna-Taekwondo1-1-900x600.jpeg 900w, https:\/\/semmelweis.hu\/english\/files\/2025\/12\/IMG_6004-Somogyi-Anna-Taekwondo1-1-1536x1024.jpeg 1536w, https:\/\/semmelweis.hu\/english\/files\/2025\/12\/IMG_6004-Somogyi-Anna-Taekwondo1-1-753x502.jpeg 753w, https:\/\/semmelweis.hu\/english\/files\/2025\/12\/IMG_6004-Somogyi-Anna-Taekwondo1-1-203x135.jpeg 203w\" sizes=\"auto, (max-width: 2048px) 100vw, 2048px\" \/><\/a><\/p>\n<p>She said that the lively event was a great opportunity to meet her peers who also compete at a high level alongside their studies, which is no small challenge despite the sense of achievement that it gives them. \u201cAt the Faculty of Medicine, you have to spend a lot of time in practicals, so it\u2019s difficult to organize regular, concentrated training sessions twice a day,\u201d she said. This summer, however, was ideal for training because as a second-year student she did not yet have summer clinical practice, so she was able to devote the entire summer to preparing for the competition, which paid off.<\/p>\n<div class=\"keretes w-100\">\n<p>The European Universities Championships are held annually in different countries for each sport under the auspices of the European University Sports Association (EUSA). Each time, a different university organizes and hosts the event.<\/p>\n<\/div>\n<p>The European Universities Orienteering Championship was held in \u0141\u00f3dz, Poland, with the participation of athletes from 58 universities in 16 countries, in which Zs\u00f3fia Biacs (Faculty of Medicine, 5th year) and Dominika M\u00e9r\u0151 (Faculty of Health Sciences [ETK], 4th year) also took part \u2013 the latter won a bronze medal in the women\u2019s sprint race, while the sprint relay team finished in 7th place. \u201cThey are experienced competitors with several European and world championships under their belts, and like many of their peers, they often represent the university independently in competitions without coaching support, and they hold their own,\u201d emphasized Korn\u00e9lia V\u00e1rszegi, Director of Semmelweis University\u2019s Physical Education and Sports Center, who had accompanied the athletes to the event. She highlighted the cohesion of the Hungarian delegation at international competitions as a valuable experience \u2013 they support each other not only in terms of sportsmanship, but also in their daily routines. \u201cSeveral Hungarian universities participate in these competitions, and while they are competitors on the field, when they are standing on the sidelines, they cheer each other on as fellow university athletes,\u201d added the director.<\/p>\n<p><a href=\"https:\/\/semmelweis.hu\/english\/files\/2025\/12\/EUOC20250725-0032-1024x683-1.jpg\"><img loading=\"lazy\" decoding=\"async\" class=\"aligncenter size-full wp-image-46879\" src=\"https:\/\/semmelweis.hu\/english\/files\/2025\/12\/EUOC20250725-0032-1024x683-1.jpg\" alt=\"\" width=\"1024\" height=\"683\" srcset=\"https:\/\/semmelweis.hu\/english\/files\/2025\/12\/EUOC20250725-0032-1024x683-1.jpg 1024w, https:\/\/semmelweis.hu\/english\/files\/2025\/12\/EUOC20250725-0032-1024x683-1-400x267.jpg 400w, https:\/\/semmelweis.hu\/english\/files\/2025\/12\/EUOC20250725-0032-1024x683-1-900x600.jpg 900w, https:\/\/semmelweis.hu\/english\/files\/2025\/12\/EUOC20250725-0032-1024x683-1-753x502.jpg 753w, https:\/\/semmelweis.hu\/english\/files\/2025\/12\/EUOC20250725-0032-1024x683-1-203x135.jpg 203w\" sizes=\"auto, (max-width: 1024px) 100vw, 1024px\" \/><\/a><\/p>\n<p>The Table Tennis Department was formed last year, and now, for the first time, their women\u2019s team took part in an international competition from September 11 to 17 at the European Universities Table Tennis Championship in Burdur, Turkey (Burdur Mehmet Akif Ersoy University). Coach Mikl\u00f3s Andr\u00e1s reported that the three-member team had to hold its own in a strong field. It was a special experience for them to compete against players from the Wroc\u0142aw University of Economics and Business (UEW) who were members of the Polish national team and had participated in the Olympics; also, their victories against the host Turkish university team and the strong University College London team were valuable. Overall, Viola Phan Thi Xuan Vi (Faculty of Dentistry [FOK], 5th year), Eszter Borb\u00e1la Borsi (\u00c1OK, 3rd year), and Franciska Pad (ETK, graduated this year) finished in 11th place.<\/p>\n<p><a href=\"https:\/\/semmelweis.hu\/english\/files\/2025\/12\/TT4.jpg\"><img loading=\"lazy\" decoding=\"async\" class=\"aligncenter size-full wp-image-46882\" src=\"https:\/\/semmelweis.hu\/english\/files\/2025\/12\/TT4.jpg\" alt=\"\" width=\"1600\" height=\"1400\" srcset=\"https:\/\/semmelweis.hu\/english\/files\/2025\/12\/TT4.jpg 1600w, https:\/\/semmelweis.hu\/english\/files\/2025\/12\/TT4-400x350.jpg 400w, https:\/\/semmelweis.hu\/english\/files\/2025\/12\/TT4-900x788.jpg 900w, https:\/\/semmelweis.hu\/english\/files\/2025\/12\/TT4-1536x1344.jpg 1536w, https:\/\/semmelweis.hu\/english\/files\/2025\/12\/TT4-753x659.jpg 753w\" sizes=\"auto, (max-width: 1600px) 100vw, 1600px\" \/><\/a><\/p>\n<p>This year\u2019s World University Games, organized by the International University Sports Federation (FISU), were hosted by six cities in Germany (Bochum, Duisburg, Essen, M\u00fclheim an der Ruhr, Hagen, and Berlin), where a total of 1,970 universities were represented by 9,047 athletes in 18 sports. Semmelweis students competed alongside 30 other Hungarian universities in athletics, fencing, and water polo at the world\u2019s largest university multisport event.<\/p>\n<p>Csaba Levente Moln\u00e1r (Faculty of Pharmaceutical Sciences [GYTK], 3rd year) competed in the men\u2019s 400 m hurdles event in athletics. After the competition, he noted that this season had started well for him and that, thanks to the joint efforts of his coach and himself, he had managed to break the 50-second psychological barrier at the end of July, which he had wanted to achieve for some time, so he arrived in Bochum for the world championships with this momentum. \u201cI was impressed by the precision of the German organizers, and it was a special experience to warm up, run, and have lunch among competitors of many different nationalities and backgrounds, not to mention when the name of Semmelweis University was announced during the presentation before the start,\u201d stressed Csaba Levente Moln\u00e1r.<\/p>\n<p><a href=\"https:\/\/semmelweis.hu\/english\/files\/2025\/12\/Molnar-Csaba-Levente1-1536x1024-1.jpeg\"><img loading=\"lazy\" decoding=\"async\" class=\"aligncenter size-full wp-image-46881\" src=\"https:\/\/semmelweis.hu\/english\/files\/2025\/12\/Molnar-Csaba-Levente1-1536x1024-1.jpeg\" alt=\"\" width=\"1536\" height=\"1024\" srcset=\"https:\/\/semmelweis.hu\/english\/files\/2025\/12\/Molnar-Csaba-Levente1-1536x1024-1.jpeg 1536w, https:\/\/semmelweis.hu\/english\/files\/2025\/12\/Molnar-Csaba-Levente1-1536x1024-1-400x267.jpeg 400w, https:\/\/semmelweis.hu\/english\/files\/2025\/12\/Molnar-Csaba-Levente1-1536x1024-1-900x600.jpeg 900w, https:\/\/semmelweis.hu\/english\/files\/2025\/12\/Molnar-Csaba-Levente1-1536x1024-1-753x502.jpeg 753w, https:\/\/semmelweis.hu\/english\/files\/2025\/12\/Molnar-Csaba-Levente1-1536x1024-1-203x135.jpeg 203w\" sizes=\"auto, (max-width: 1536px) 100vw, 1536px\" \/><\/a><\/p>\n<p>Anna Spiesz (\u00c1OK, 2nd year) returned home from Essen as the most successful Semmelweis competitor at this year\u2019s FISU World University Games, winning a silver medal in the women\u2019s individual sabre competition. When contacted by our website, she said that she had a decade of sporting experience behind her: She is a five-time European age-group champion and one-time world champion, but this was her first international university world competition in which she had to hold her own in a strong field, as Asian countries, for example, were represented in the competition by their best fencers, who were also part of their national team at the adult world championships. She emphasized that she and her teammates had been able to participate in a competition with a very good atmosphere, she felt that her fencing had gone well, and it was a very good end to this season. She is currently a member of the adult national team and ranks 55th in the world.<\/p>\n\r\n        [slb_exclude]\r\n        <div class=\"row galeria-wrapper mx-0 h-auto\">\r\n            <div class=\"col-9 pl-0 pr-2\">\r\n            <span class=\"gallery-item frame\">\r\n\t\t\t\t<div class=\"galeria-left-img\"><a href=\"https:\/\/semmelweis.hu\/english\/files\/2025\/12\/Spiesz-Anna2-1.jpeg\"><img src=https:\/\/semmelweis.hu\/english\/files\/2025\/12\/Spiesz-Anna2-1.jpeg  \r\n                            alt=\"\" \r\n                            class=\"attachment-sote-gallery-big size-sote-gallery-big\" \r\n                            srcset=\"https:\/\/semmelweis.hu\/english\/files\/2025\/12\/Spiesz-Anna2-1-400x267.jpeg 400w, https:\/\/semmelweis.hu\/english\/files\/2025\/12\/Spiesz-Anna2-1-900x600.jpeg 900w, https:\/\/semmelweis.hu\/english\/files\/2025\/12\/Spiesz-Anna2-1-1536x1024.jpeg 1536w, https:\/\/semmelweis.hu\/english\/files\/2025\/12\/Spiesz-Anna2-1-753x502.jpeg 753w, https:\/\/semmelweis.hu\/english\/files\/2025\/12\/Spiesz-Anna2-1-203x135.jpeg 203w, https:\/\/semmelweis.hu\/english\/files\/2025\/12\/Spiesz-Anna2-1.jpeg 1800w\" ><\/a><\/div>\r\n            <\/span>\r\n\r\n            <\/div>\r\n\r\n\t\t\t<div class=\"col-3 pl-0 pr-0\">\r\n\t\t\t\t<div class=\"galeria-right-img d-flex justify-content-between flex-column h-100 w-100 px-0 mx-0 \">\r\n                <div class=\"galeria-box\">\r\n\t\t\t\t\t<h3 class=\"galeria-title\">Gallery<\/h3>\r\n\t\t\t\t\t<div class=\"galeria-subtitle\">\r\n\r\n\t\t\t\t\t\t<div class=\"galeria-page-counter\"><span>3<\/span>images<\/div>\r\n                    <\/div> <\/div>\r\n                    <span class=\"gallery-item frame d-none d-md-flex\">\r\n\t\t\t\t\t<div class=\"galeria-small-img mt-0\"><a href=\"https:\/\/semmelweis.hu\/english\/files\/2025\/12\/Spiesz-Anna3.jpeg\"><img src=https:\/\/semmelweis.hu\/english\/files\/2025\/12\/Spiesz-Anna3.jpeg \r\n                                alt=\"\"  \r\n                                class=\"attachment-sote-gallery-small size-sote-gallery-small\" \r\n                                srcset=\"https:\/\/semmelweis.hu\/english\/files\/2025\/12\/Spiesz-Anna3-400x267.jpeg 400w, https:\/\/semmelweis.hu\/english\/files\/2025\/12\/Spiesz-Anna3-900x600.jpeg 900w, https:\/\/semmelweis.hu\/english\/files\/2025\/12\/Spiesz-Anna3-1536x1024.jpeg 1536w, https:\/\/semmelweis.hu\/english\/files\/2025\/12\/Spiesz-Anna3-753x502.jpeg 753w, https:\/\/semmelweis.hu\/english\/files\/2025\/12\/Spiesz-Anna3-203x135.jpeg 203w, https:\/\/semmelweis.hu\/english\/files\/2025\/12\/Spiesz-Anna3.jpeg 1800w\" ><\/a><\/div>\r\n                    <\/span>\r\n                    <span class=\"gallery-item frame d-none d-md-flex\">\r\n\t\t\t\t\t<div class=\"galeria-small-img mt-0\"><a href=\"https:\/\/semmelweis.hu\/english\/files\/2025\/12\/Speisz-Anna1.jpeg\"><img src=https:\/\/semmelweis.hu\/english\/files\/2025\/12\/Speisz-Anna1.jpeg \r\n                                alt=\"\" \r\n                                class=\"attachment-sote-gallery-small size-sote-gallery-small\" \r\n                                srcset=\"https:\/\/semmelweis.hu\/english\/files\/2025\/12\/Speisz-Anna1-400x267.jpeg 400w, https:\/\/semmelweis.hu\/english\/files\/2025\/12\/Speisz-Anna1-900x600.jpeg 900w, https:\/\/semmelweis.hu\/english\/files\/2025\/12\/Speisz-Anna1-1536x1024.jpeg 1536w, https:\/\/semmelweis.hu\/english\/files\/2025\/12\/Speisz-Anna1-753x502.jpeg 753w, https:\/\/semmelweis.hu\/english\/files\/2025\/12\/Speisz-Anna1-203x135.jpeg 203w, https:\/\/semmelweis.hu\/english\/files\/2025\/12\/Speisz-Anna1.jpeg 1800w\" ><\/a><\/div>\r\n                    <\/span>\r\n\r\n                <\/div>\r\n\r\n            <\/div>\r\n\r\n            \r\n            <\/div>\r\n\r\n            [\/slb_exclude]\r\n\t\n<p>Korn\u00e9lia V\u00e1rszegi commented on the competition results: She and her colleagues are on personal terms with many athletes, help them register and organize their participation in competitions, and would like to see as many people as possible get involved in university sports. \u201cOur goal is to find students who, in addition to their studies, invest a lot of energy into performing well in competitive sports. I would like to encourage them to contact us if they feel motivated and determined to compete, and to contend with the best while representing Semmelweis University!\u201d<\/p>\n<p>R\u00f3bert Tasn\u00e1di<br \/>\nTranslation: Dr. Bal\u00e1zs Csizmadia<br \/>\nImage credit: Sports departments, competitors; Hungarian University Sports Federation (MEFS)<\/p>\n","protected":false},"excerpt":{"rendered":"<p>Fencing, orienteering, and taekwondo were the podium sports for the university this year.<\/p>\n","protected":false},"author":102369,"featured_media":46880,"comment_status":"closed","ping_status":"closed","sticky":false,"template":"","format":"standard","meta":{"_acf_changed":false,"footnotes":""},"categories":[10,286],"tags":[40],"class_list":["post-46878","post","type-post","status-publish","format-standard","has-post-thumbnail","hentry","category-education","category-x-nyitolap","tag-sports"],"acf":[],"_links":{"self":[{"href":"https:\/\/semmelweis.hu\/english\/wp-json\/wp\/v2\/posts\/46878","targetHints":{"allow":["GET"]}}],"collection":[{"href":"https:\/\/semmelweis.hu\/english\/wp-json\/wp\/v2\/posts"}],"about":[{"href":"https:\/\/semmelweis.hu\/english\/wp-json\/wp\/v2\/types\/post"}],"author":[{"embeddable":true,"href":"https:\/\/semmelweis.hu\/english\/wp-json\/wp\/v2\/users\/102369"}],"replies":[{"embeddable":true,"href":"https:\/\/semmelweis.hu\/english\/wp-json\/wp\/v2\/comments?post=46878"}],"version-history":[{"count":6,"href":"https:\/\/semmelweis.hu\/english\/wp-json\/wp\/v2\/posts\/46878\/revisions"}],"predecessor-version":[{"id":47024,"href":"https:\/\/semmelweis.hu\/english\/wp-json\/wp\/v2\/posts\/46878\/revisions\/47024"}],"wp:featuredmedia":[{"embeddable":true,"href":"https:\/\/semmelweis.hu\/english\/wp-json\/wp\/v2\/media\/46880"}],"wp:attachment":[{"href":"https:\/\/semmelweis.hu\/english\/wp-json\/wp\/v2\/media?parent=46878"}],"wp:term":[{"taxonomy":"category","embeddable":true,"href":"https:\/\/semmelweis.hu\/english\/wp-json\/wp\/v2\/categories?post=46878"},{"taxonomy":"post_tag","embeddable":true,"href":"https:\/\/semmelweis.hu\/english\/wp-json\/wp\/v2\/tags?post=46878"}],"curies":[{"name":"wp","href":"https:\/\/api.w.org\/{rel}","templated":true}]}}