{"id":42432,"date":"2024-08-26T06:00:24","date_gmt":"2024-08-26T04:00:24","guid":{"rendered":"https:\/\/semmelweis.hu\/english\/?p=42432"},"modified":"2024-08-23T13:06:43","modified_gmt":"2024-08-23T11:06:43","slug":"the-health-related-quality-of-life-of-the-hungarian-population-was-assessed-again-after-almost-a-quarter-of-a-century","status":"publish","type":"post","link":"https:\/\/semmelweis.hu\/english\/2024\/08\/the-health-related-quality-of-life-of-the-hungarian-population-was-assessed-again-after-almost-a-quarter-of-a-century\/","title":{"rendered":"The health-related quality of life of the Hungarian population was assessed again after almost a quarter of a century"},"content":{"rendered":"<div class=\"lead\">Higher educational attainment, active occupational status,\u00a0or larger household size can lead to a better health-related quality of life than having lower educational attainment or living alone. This is one of the findings of a 12,000-respondent survey conducted by Semmelweis University&#8217;s Center for Health Technology Assessment. The last time a similar study in Hungary measured the health-related quality of life of the population was in 2000, so the survey is unique in that the results can be compared two decades later, showing a significant improvement, especially among the middle-aged. The university&#8217;s researchers published their findings in the prestigious Quality of Life Research journal.<\/div>\n<p><a href=\"https:\/\/semmelweis.hu\/english\/files\/2024\/08\/RS199849_IMG_7789-scr.jpg\"><img loading=\"lazy\" decoding=\"async\" class=\"alignright size-medium wp-image-42434\" src=\"https:\/\/semmelweis.hu\/english\/files\/2024\/08\/RS199849_IMG_7789-scr-267x400.jpg\" alt=\"\" width=\"267\" height=\"400\" srcset=\"https:\/\/semmelweis.hu\/english\/files\/2024\/08\/RS199849_IMG_7789-scr-267x400.jpg 267w, https:\/\/semmelweis.hu\/english\/files\/2024\/08\/RS199849_IMG_7789-scr.jpg 600w\" sizes=\"auto, (max-width: 267px) 100vw, 267px\" \/><\/a>\u201cThe higher their educational attainment and the lower their age, the higher the respondents rated their subjective health-related quality of life. The evaluation was also positively affected by active occupational or educational status, and by having more persons \u2013 up to six \u2013 living together in a household,\u201d says head of research Dr. Andr\u00e1s Inotai, Associate Professor at the Centre for Health Technology Assessment, describing some of the findings of the questionnaire-based quality of life survey.<\/p>\n<p>The moderate increase in life expectancy in recent decades is widely known, he adds. However, much less is discussed about the health-related quality of life during this time, hence the interest in this area of research.<\/p>\n<p>The center&#8217;s three-member research team, head of research Dr. Andr\u00e1s Inotai, Director Dr. Zolt\u00e1n Vok\u00f3, and biostatistician D\u00e1vid Nagy, used the internationally renowned EQ-5D questionnaire, which measures the patients\u2019 self-rated health-related quality of life in five dimensions.<\/p>\n<div class=\"fontos_div\">\n<p>These dimensions are mobility, self-care, usual activities, pain\/discomfort, and anxiety\/depression, which are scored at three levels of severity, indicating no problem, some problems, and extreme problems, i.e. inability to perform a given activity.<\/p>\n<\/div>\n<p>Within the questionnaire&#8217;s five dimensions, a total of 243 possible health states can be distinguished, each of which can be assigned a numerical value describing the health-related quality of life, known as the EQ-5D index. The quantification of the questionnaire responses varies from country to country and culture to culture, for example, a European\u2019s attitude to pain or anxiety might differ greatly from that of a person from East Asia. As the questionnaire was evaluated using a <a href=\"https:\/\/pubmed.ncbi.nlm.nih.gov\/32940242\/\" target=\"_blank\" rel=\"noopener\">Hungarian algorithm<\/a>, the results truly mirror the domestic circumstances, adds the associate professor.<\/p>\n<p>\u201cWe opted for this questionnaire because, in addition to being perhaps the most widespread tool for measuring the overall quality of life in the world, it has also been used in numerous clinical studies at our university over the past 20 years. It was applied in the 2000 national health survey (OLEF 2000), too, which allows us to compare the results. The survey involved 5,503 respondents back then, while in 2022, the questionnaire was completed by 11,910 respondents from an extended age range, also including the 12-17 age band. The results were weighted to reflect the Hungarian population as a whole,\u201d explains the head of research, the first author of the <a href=\"https:\/\/link.springer.com\/article\/10.1007\/s11136-024-03699-9\" target=\"_blank\" rel=\"noopener\">paper published in Quality of Life Research<\/a>.<\/p>\n<p><a href=\"https:\/\/semmelweis.hu\/english\/files\/2024\/08\/RS197614__19A1627-Edit-2-copy-scr-1.jpg\"><img loading=\"lazy\" decoding=\"async\" class=\"alignleft size-medium wp-image-42435\" src=\"https:\/\/semmelweis.hu\/english\/files\/2024\/08\/RS197614__19A1627-Edit-2-copy-scr-1-400x267.jpg\" alt=\"\" width=\"400\" height=\"267\" srcset=\"https:\/\/semmelweis.hu\/english\/files\/2024\/08\/RS197614__19A1627-Edit-2-copy-scr-1-400x267.jpg 400w, https:\/\/semmelweis.hu\/english\/files\/2024\/08\/RS197614__19A1627-Edit-2-copy-scr-1-900x600.jpg 900w, https:\/\/semmelweis.hu\/english\/files\/2024\/08\/RS197614__19A1627-Edit-2-copy-scr-1-753x502.jpg 753w, https:\/\/semmelweis.hu\/english\/files\/2024\/08\/RS197614__19A1627-Edit-2-copy-scr-1-203x135.jpg 203w, https:\/\/semmelweis.hu\/english\/files\/2024\/08\/RS197614__19A1627-Edit-2-copy-scr-1.jpg 1200w\" sizes=\"auto, (max-width: 400px) 100vw, 400px\" \/><\/a>Co-author Dr. Zolt\u00e1n Vok\u00f3, Professor and Director of the Center for Health Technology Assessment, participated in both the 2000 and 2022 surveys. Based on the research findings, the dimension of highest concern for the younger generation was anxiety\/depression, while respondents of a higher age group reported pain\/discomfort and limitation of usual activities as their most frequent problems.<\/p>\n<blockquote>\n<p>The figures show that the 12 to 44 age group rated their health-related quality of life at almost 100 percent, above which the indicator declines for each ten-year age band. Men over 55 rated their quality of life slightly higher than women of the same age. \u2013 Dr. Andr\u00e1s Inotai<\/p>\n<\/blockquote>\n<p>Although the reasons behind the results were not examined in this study, the fact remains that the elderly may suffer from more diseases, which have a significant impact on their quality of life. Higher educational attainment is associated with healthier lifestyle choices, increased participation in preventive and mental health programs, and an appreciation of health. Working or studying may result in increased physical and social activity, and the personal networks may be stronger in households or two or more people living together, these also lead to higher scores. On the other hand, inactive occupational status and living alone increase the risk of depression.<\/p>\n<div class=\"fontos_div\">\n<p>The research is considered pioneering in the sense that, according to the expert, no such repeated quality-of-life survey has ever been carried out with more than 10,000 respondents.<\/p>\n<\/div>\n<p>A comparison of the data across 22 years shows a significant improvement, i.e. a decrease of over thirty percent, in the anxiety\/depression and pain\/discomfort dimensions among middle-aged respondents, especially women. Compared to the 2000 figures, the improvement in quality of life as measured by the EQ-5D index is more than ten percent in these age bands, which is a significant and noticeable difference for an individual. In addition, the difference in the quality of life of men and women has narrowed noticeably.<\/p>\n<div class=\"keretes w-100\">\n<p>The study is part of a broader research project run in a university collaboration to assess the quality of life of patients with long COVID. The present study provided population-based quality-of-life reference values for comparison. The research was funded by the 2020-1.1.6-J\u00d6V\u0150-2021-00013 program, with data collection performed by the Hungarian Central Statistical Office (KSH).<\/p>\n<\/div>\n<p>Orsolya D\u00e1vid<br \/>\nTranslation: Judit Szabados-D\u0151tsch<br \/>\nPhotos by Bogl\u00e1rka Zellei \u2013 Semmelweis University; featured image (illustration): freepik.com<\/p>\n","protected":false},"excerpt":{"rendered":"<p>Semmelweis researchers published their findings in the prestigious Quality of Life Research journal.<\/p>\n","protected":false},"author":102255,"featured_media":42433,"comment_status":"closed","ping_status":"closed","sticky":false,"template":"","format":"standard","meta":{"_acf_changed":false,"footnotes":""},"categories":[129,286],"tags":[29],"class_list":["post-42432","post","type-post","status-publish","format-standard","has-post-thumbnail","hentry","category-health","category-x-nyitolap","tag-research"],"acf":[],"_links":{"self":[{"href":"https:\/\/semmelweis.hu\/english\/wp-json\/wp\/v2\/posts\/42432","targetHints":{"allow":["GET"]}}],"collection":[{"href":"https:\/\/semmelweis.hu\/english\/wp-json\/wp\/v2\/posts"}],"about":[{"href":"https:\/\/semmelweis.hu\/english\/wp-json\/wp\/v2\/types\/post"}],"author":[{"embeddable":true,"href":"https:\/\/semmelweis.hu\/english\/wp-json\/wp\/v2\/users\/102255"}],"replies":[{"embeddable":true,"href":"https:\/\/semmelweis.hu\/english\/wp-json\/wp\/v2\/comments?post=42432"}],"version-history":[{"count":2,"href":"https:\/\/semmelweis.hu\/english\/wp-json\/wp\/v2\/posts\/42432\/revisions"}],"predecessor-version":[{"id":42437,"href":"https:\/\/semmelweis.hu\/english\/wp-json\/wp\/v2\/posts\/42432\/revisions\/42437"}],"wp:featuredmedia":[{"embeddable":true,"href":"https:\/\/semmelweis.hu\/english\/wp-json\/wp\/v2\/media\/42433"}],"wp:attachment":[{"href":"https:\/\/semmelweis.hu\/english\/wp-json\/wp\/v2\/media?parent=42432"}],"wp:term":[{"taxonomy":"category","embeddable":true,"href":"https:\/\/semmelweis.hu\/english\/wp-json\/wp\/v2\/categories?post=42432"},{"taxonomy":"post_tag","embeddable":true,"href":"https:\/\/semmelweis.hu\/english\/wp-json\/wp\/v2\/tags?post=42432"}],"curies":[{"name":"wp","href":"https:\/\/api.w.org\/{rel}","templated":true}]}}