{"id":38734,"date":"2023-10-23T06:00:17","date_gmt":"2023-10-23T04:00:17","guid":{"rendered":"https:\/\/semmelweis.hu\/english\/?p=38734"},"modified":"2023-10-18T10:36:45","modified_gmt":"2023-10-18T08:36:45","slug":"semmelweis-students-placed-first-in-national-midwifery-competition","status":"publish","type":"post","link":"https:\/\/semmelweis.hu\/english\/2023\/10\/semmelweis-students-placed-first-in-national-midwifery-competition\/","title":{"rendered":"Semmelweis students placed first in national midwifery competition"},"content":{"rendered":"<div class=\"lead\">Midwifery students of Semmelweis University won the second edition of the Dr. Vilma Hugonnai Professional Memorial Competition. The contest for midwifery students was attended by future professionals from four training centers across the country, who demonstrated their skills through theoretical and practical exercises in the obstetrics demonstration and simulation rooms of the Department of Clinical Studies in Obstetrics and Gynecology of the Faculty of Health Sciences at Semmelweis University. The winning team members shared their experiences and personal motives with Semmelweis News.<\/div>\n<p>At the second Dr. Vilma Hugonnai Professional Memorial Competition, held in honor of the 176<sup>th<\/sup> anniversary of the birth of first Hungarian woman medical doctor Dr. Vilma Hugonnai, the fourth-year midwifery students of Semmelweis University Faculty of Health Sciences (ETK) &#8211; Dorka K\u00e1lm\u00e1n, Tamara St\u00e1bel, Zo\u00e9 Stvorecz and Kamilla Nagy &#8211; performed outstandingly, winning the competition, and defeating the teams of the universities of Debrecen, P\u00e9cs and Gy\u0151r. Dorka K\u00e1lm\u00e1n revealed that during the four-round competition, they had to answer questions on medical history, perform a palpation test on their training manikins, solve situational and communication tasks and interpret archaic obstetric terms.<\/p>\n<p><a href=\"https:\/\/semmelweis.hu\/english\/files\/2023\/10\/BDG_5638-2048x1463-1.jpg\"><img loading=\"lazy\" decoding=\"async\" class=\"aligncenter size-full wp-image-38741\" src=\"https:\/\/semmelweis.hu\/english\/files\/2023\/10\/BDG_5638-2048x1463-1.jpg\" alt=\"\" width=\"2048\" height=\"1463\" srcset=\"https:\/\/semmelweis.hu\/english\/files\/2023\/10\/BDG_5638-2048x1463-1.jpg 2048w, https:\/\/semmelweis.hu\/english\/files\/2023\/10\/BDG_5638-2048x1463-1-400x286.jpg 400w, https:\/\/semmelweis.hu\/english\/files\/2023\/10\/BDG_5638-2048x1463-1-900x643.jpg 900w, https:\/\/semmelweis.hu\/english\/files\/2023\/10\/BDG_5638-2048x1463-1-1536x1097.jpg 1536w, https:\/\/semmelweis.hu\/english\/files\/2023\/10\/BDG_5638-2048x1463-1-753x538.jpg 753w\" sizes=\"auto, (max-width: 2048px) 100vw, 2048px\" \/><\/a><\/p>\n<p>\u201cSince the beginning of September, we have been preparing intensively for the competition,\u201d explains Kamilla Nagy, stressing that they have read a number of books and articles in newspapers. \u201cWe divided up the tasks among each other, deciding who should read what and which topics to focus on,\u201d she recalls. \u201cIn the afternoons and evenings, we consulted with our teacher, Assistant Professor Dr. Ibolya Kr\u00e9mer Lipien, on Zoom. Head of the Department Professor Dr. J\u00e1nos Rig\u00f3 also took part in the preparation, both of whom we can thank a lot,\u201d adds Kamilla Nagy.<\/p>\n<p>All four agreed that the contest was an excellent opportunity for them to gain experience, learn and develop a lot, to demonstrate their knowledge and skills, as well as to learn to work in a team, which is key in this profession. They also stressed that, although each of them had a broad base of knowledge, they needed the power of collective thinking to win. \u201cIt was an honor to represent Semmelweis University, I am very proud of my team,\u201d emphasized Zo\u00e9 Stvorecz, stressing that this competition brought them closer together, as the team members had only known each other by sight before, but they have developed a true friendship by now.<\/p>\n\r\n        [slb_exclude]\r\n        <div class=\"row galeria-wrapper mx-0 h-auto\">\r\n            <div class=\"col-9 pl-0 pr-2\">\r\n            <span class=\"gallery-item frame\">\r\n\t\t\t\t<div class=\"galeria-left-img\"><a href=\"https:\/\/semmelweis.hu\/english\/files\/2023\/10\/RS182065_GV5A9616-scr.jpg\"><img src=https:\/\/semmelweis.hu\/english\/files\/2023\/10\/RS182065_GV5A9616-scr.jpg  \r\n                            alt=\"\" \r\n                            class=\"attachment-sote-gallery-big size-sote-gallery-big\" \r\n                            srcset=\"https:\/\/semmelweis.hu\/english\/files\/2023\/10\/RS182065_GV5A9616-scr-400x267.jpg 400w, https:\/\/semmelweis.hu\/english\/files\/2023\/10\/RS182065_GV5A9616-scr-900x600.jpg 900w, https:\/\/semmelweis.hu\/english\/files\/2023\/10\/RS182065_GV5A9616-scr-753x502.jpg 753w, https:\/\/semmelweis.hu\/english\/files\/2023\/10\/RS182065_GV5A9616-scr-203x135.jpg 203w, https:\/\/semmelweis.hu\/english\/files\/2023\/10\/RS182065_GV5A9616-scr.jpg 1200w\" ><\/a><\/div>\r\n            <\/span>\r\n\r\n            <\/div>\r\n\r\n\t\t\t<div class=\"col-3 pl-0 pr-0\">\r\n\t\t\t\t<div class=\"galeria-right-img d-flex justify-content-between flex-column h-100 w-100 px-0 mx-0 \">\r\n                <div class=\"galeria-box\">\r\n\t\t\t\t\t<h3 class=\"galeria-title\">Gallery<\/h3>\r\n\t\t\t\t\t<div class=\"galeria-subtitle\">\r\n\r\n\t\t\t\t\t\t<div class=\"galeria-page-counter\"><span>7<\/span>images<\/div>\r\n                    <\/div> <\/div>\r\n                    <span class=\"gallery-item frame d-none d-md-flex\">\r\n\t\t\t\t\t<div class=\"galeria-small-img mt-0\"><a href=\"https:\/\/semmelweis.hu\/english\/files\/2023\/10\/BDG_5585-scaled-1.jpg\"><img src=https:\/\/semmelweis.hu\/english\/files\/2023\/10\/BDG_5585-scaled-1.jpg \r\n                                alt=\"\"  \r\n                                class=\"attachment-sote-gallery-small size-sote-gallery-small\" \r\n                                srcset=\"https:\/\/semmelweis.hu\/english\/files\/2023\/10\/BDG_5585-scaled-1-400x267.jpg 400w, https:\/\/semmelweis.hu\/english\/files\/2023\/10\/BDG_5585-scaled-1-900x600.jpg 900w, https:\/\/semmelweis.hu\/english\/files\/2023\/10\/BDG_5585-scaled-1-1536x1024.jpg 1536w, https:\/\/semmelweis.hu\/english\/files\/2023\/10\/BDG_5585-scaled-1-2048x1366.jpg 2048w, https:\/\/semmelweis.hu\/english\/files\/2023\/10\/BDG_5585-scaled-1-753x502.jpg 753w, https:\/\/semmelweis.hu\/english\/files\/2023\/10\/BDG_5585-scaled-1-203x135.jpg 203w\" ><\/a><\/div>\r\n                    <\/span>\r\n                    <span class=\"gallery-item frame d-none d-md-flex\">\r\n\t\t\t\t\t<div class=\"galeria-small-img mt-0\"><a href=\"https:\/\/semmelweis.hu\/english\/files\/2023\/10\/BDG_5452-scaled-1.jpg\"><img src=https:\/\/semmelweis.hu\/english\/files\/2023\/10\/BDG_5452-scaled-1.jpg \r\n                                alt=\"\" \r\n                                class=\"attachment-sote-gallery-small size-sote-gallery-small\" \r\n                                srcset=\"https:\/\/semmelweis.hu\/english\/files\/2023\/10\/BDG_5452-scaled-1-400x267.jpg 400w, https:\/\/semmelweis.hu\/english\/files\/2023\/10\/BDG_5452-scaled-1-900x600.jpg 900w, https:\/\/semmelweis.hu\/english\/files\/2023\/10\/BDG_5452-scaled-1-1536x1024.jpg 1536w, https:\/\/semmelweis.hu\/english\/files\/2023\/10\/BDG_5452-scaled-1-2048x1366.jpg 2048w, https:\/\/semmelweis.hu\/english\/files\/2023\/10\/BDG_5452-scaled-1-753x502.jpg 753w, https:\/\/semmelweis.hu\/english\/files\/2023\/10\/BDG_5452-scaled-1-203x135.jpg 203w\" ><\/a><\/div>\r\n                    <\/span>\r\n\r\n                <\/div>\r\n\r\n            <\/div>\r\n\r\n            <span class=\"gallery-item\"><div class=\"hidden\"><a href=\"https:\/\/semmelweis.hu\/english\/files\/2023\/10\/RS182068_GV5A9643-scr.jpg\">\r\n        <img src=https:\/\/semmelweis.hu\/english\/files\/2023\/10\/RS182068_GV5A9643-scr.jpg alt=\"\" class=\"attachment-sote-gallery-big size-sote-gallery-big\" srcset=\"https:\/\/semmelweis.hu\/english\/files\/2023\/10\/RS182068_GV5A9643-scr-267x400.jpg 267w, https:\/\/semmelweis.hu\/english\/files\/2023\/10\/RS182068_GV5A9643-scr.jpg 600w\" >\r\n        <\/a><\/div><\/span><span class=\"gallery-item\"><div class=\"hidden\"><a href=\"https:\/\/semmelweis.hu\/english\/files\/2023\/10\/RS182076_GV5A9689-scr.jpg\">\r\n        <img src=https:\/\/semmelweis.hu\/english\/files\/2023\/10\/RS182076_GV5A9689-scr.jpg alt=\"\" class=\"attachment-sote-gallery-big size-sote-gallery-big\" srcset=\"https:\/\/semmelweis.hu\/english\/files\/2023\/10\/RS182076_GV5A9689-scr-267x400.jpg 267w, https:\/\/semmelweis.hu\/english\/files\/2023\/10\/RS182076_GV5A9689-scr.jpg 600w\" >\r\n        <\/a><\/div><\/span><span class=\"gallery-item\"><div class=\"hidden\"><a href=\"https:\/\/semmelweis.hu\/english\/files\/2023\/10\/RS182074_GV5A9682-scr.jpg\">\r\n        <img src=https:\/\/semmelweis.hu\/english\/files\/2023\/10\/RS182074_GV5A9682-scr.jpg alt=\"\" class=\"attachment-sote-gallery-big size-sote-gallery-big\" srcset=\"https:\/\/semmelweis.hu\/english\/files\/2023\/10\/RS182074_GV5A9682-scr-267x400.jpg 267w, https:\/\/semmelweis.hu\/english\/files\/2023\/10\/RS182074_GV5A9682-scr.jpg 600w\" >\r\n        <\/a><\/div><\/span><span class=\"gallery-item\"><div class=\"hidden\"><a href=\"https:\/\/semmelweis.hu\/english\/files\/2023\/10\/RS182072_GV5A9671-scr.jpg\">\r\n        <img src=https:\/\/semmelweis.hu\/english\/files\/2023\/10\/RS182072_GV5A9671-scr.jpg alt=\"\" class=\"attachment-sote-gallery-big size-sote-gallery-big\" srcset=\"https:\/\/semmelweis.hu\/english\/files\/2023\/10\/RS182072_GV5A9671-scr-267x400.jpg 267w, https:\/\/semmelweis.hu\/english\/files\/2023\/10\/RS182072_GV5A9671-scr.jpg 600w\" >\r\n        <\/a><\/div><\/span>\r\n            <\/div>\r\n\r\n            [\/slb_exclude]\r\n\t\n<p>As Dr. Ibolya Kr\u00e9mer Lipien pointed out, one of the central themes of the competition was the history of midwifery, presenting a challenge with its extensive past. \u201cWe didn&#8217;t know in advance what tasks we would encounter at certain stages of the competition, so we had to cover a very wide range,\u201d she said. \u201cI&#8217;m proud of my students for performing so well, even the simulation task couldn\u2019t pose any problem for them. The four years of theoretical training and the very high number of practice hours paid off,\u201d she added.<\/p>\n<p>Students also talked about their personal motives for choosing their career. Kamilla Nagy has known since the age of 16 that she wanted to be a midwife, inspired by a labor and delivery video. \u201cAs soon as I started delving into midwifery, I knew it was my calling, which only grew stronger during my training. It&#8217;s a very uplifting feeling to be present at the birth of a baby and thus of a family,&#8221; she shares.\u00a0 Her goal at the internship and in her subsequent work is to support women and provide a positive birth experience.<\/p>\n<p><a href=\"https:\/\/semmelweis.hu\/english\/files\/2023\/10\/BDG_5663-2048x1365-1.jpg\"><img loading=\"lazy\" decoding=\"async\" class=\"aligncenter size-full wp-image-38743\" src=\"https:\/\/semmelweis.hu\/english\/files\/2023\/10\/BDG_5663-2048x1365-1.jpg\" alt=\"\" width=\"2048\" height=\"1365\" srcset=\"https:\/\/semmelweis.hu\/english\/files\/2023\/10\/BDG_5663-2048x1365-1.jpg 2048w, https:\/\/semmelweis.hu\/english\/files\/2023\/10\/BDG_5663-2048x1365-1-400x267.jpg 400w, https:\/\/semmelweis.hu\/english\/files\/2023\/10\/BDG_5663-2048x1365-1-900x600.jpg 900w, https:\/\/semmelweis.hu\/english\/files\/2023\/10\/BDG_5663-2048x1365-1-1536x1024.jpg 1536w, https:\/\/semmelweis.hu\/english\/files\/2023\/10\/BDG_5663-2048x1365-1-753x502.jpg 753w, https:\/\/semmelweis.hu\/english\/files\/2023\/10\/BDG_5663-2048x1365-1-203x135.jpg 203w\" sizes=\"auto, (max-width: 2048px) 100vw, 2048px\" \/><\/a><\/p>\n<p>Everyone on Tamara St\u00e1bel&#8217;s mother&#8217;s side of the family worked in the health sector, so it was no question that she wanted to follow the same path. She was often ill as a child, so she always thought of the hospital as a kind of second home. \u201cI grew up on the series &#8216;ER&#8217;, it was my bedtime story,\u201d she says, laughing. Her main goal in her work is to ensure that the mothers who give birth at her hospital have a positive and joyful experience.<\/p>\n<p>Dorka K\u00e1lm\u00e1n always knew that she wanted to work in health care, but it was only in her senior year of high school that she decided on her career path. She also considered a profession in nursing, but finally committed to midwifery at ETK Open Day. She recalls the first birth she attended as a defining experience: \u201cIt was the moment when I realized that I had made the right choice. Childbirth is an experience of a lifetime for women, and I would like to support them in experiencing it as positively as possible,\u201d she emphasized.<\/p>\n<p>Zo\u00e9 Stvorecz was originally planning to study for a teacher&#8217;s degree in history and Hungarian language and literature, but in her senior year of high school she discovered midwifery by chance and was immediately drawn to it. The first delivery she witnessed became a touching experience and lasting memory for her too. It was during her internship that she realized how much she loved working with newborn babies, so now she plans to continue her studies in this field after graduation.<\/p>\n<p>The national competition was opened by Professor Dr. J\u00e1nos Rig\u00f3, Head of the Department; Dr. Attila Szab\u00f3, Vice-Rector for Clinical Affairs; Dr. Kl\u00e1ra Gad\u00f3, Vice-Dean for General Affairs at ETK; Dr. Zolt\u00e1n Balogh, Vice-Dean of ETK and President of the Hungarian Chamber of Health Care Professionals; Marianna V\u00e1rfalvi, President of the Hungarian Professional Association of Health Visitors; and Dr. \u00c1gnes Hornung, State Secretary for Families at the Ministry of Culture and Innovation.<\/p>\n<p>Bernadett B\u00f3di<br \/>\nTranslation: Judit Szabados-D\u0151tsch<br \/>\nPhoto: Attila Kov\u00e1cs \u2013 Semmelweis University, G\u00e1bor Bod\u00f3 \u2013 Ministry of Culture and Innovation<\/p>\n","protected":false},"excerpt":{"rendered":"<p>The Dr. Vilma Hugonnai Professional Memorial Competition was organized for the second time.<\/p>\n","protected":false},"author":102255,"featured_media":38742,"comment_status":"closed","ping_status":"closed","sticky":false,"template":"","format":"standard","meta":{"_acf_changed":false,"footnotes":""},"categories":[10,286],"tags":[],"class_list":["post-38734","post","type-post","status-publish","format-standard","has-post-thumbnail","hentry","category-education","category-x-nyitolap"],"acf":[],"_links":{"self":[{"href":"https:\/\/semmelweis.hu\/english\/wp-json\/wp\/v2\/posts\/38734","targetHints":{"allow":["GET"]}}],"collection":[{"href":"https:\/\/semmelweis.hu\/english\/wp-json\/wp\/v2\/posts"}],"about":[{"href":"https:\/\/semmelweis.hu\/english\/wp-json\/wp\/v2\/types\/post"}],"author":[{"embeddable":true,"href":"https:\/\/semmelweis.hu\/english\/wp-json\/wp\/v2\/users\/102255"}],"replies":[{"embeddable":true,"href":"https:\/\/semmelweis.hu\/english\/wp-json\/wp\/v2\/comments?post=38734"}],"version-history":[{"count":10,"href":"https:\/\/semmelweis.hu\/english\/wp-json\/wp\/v2\/posts\/38734\/revisions"}],"predecessor-version":[{"id":38755,"href":"https:\/\/semmelweis.hu\/english\/wp-json\/wp\/v2\/posts\/38734\/revisions\/38755"}],"wp:featuredmedia":[{"embeddable":true,"href":"https:\/\/semmelweis.hu\/english\/wp-json\/wp\/v2\/media\/38742"}],"wp:attachment":[{"href":"https:\/\/semmelweis.hu\/english\/wp-json\/wp\/v2\/media?parent=38734"}],"wp:term":[{"taxonomy":"category","embeddable":true,"href":"https:\/\/semmelweis.hu\/english\/wp-json\/wp\/v2\/categories?post=38734"},{"taxonomy":"post_tag","embeddable":true,"href":"https:\/\/semmelweis.hu\/english\/wp-json\/wp\/v2\/tags?post=38734"}],"curies":[{"name":"wp","href":"https:\/\/api.w.org\/{rel}","templated":true}]}}