{"id":32280,"date":"2022-06-28T06:00:11","date_gmt":"2022-06-28T04:00:11","guid":{"rendered":"https:\/\/semmelweis.hu\/english\/?p=32280"},"modified":"2022-10-19T09:59:01","modified_gmt":"2022-10-19T07:59:01","slug":"547-new-doctors-of-medicine-were-inaugurated-at-the-faculty-of-medicine","status":"publish","type":"post","link":"https:\/\/semmelweis.hu\/english\/2022\/06\/547-new-doctors-of-medicine-were-inaugurated-at-the-faculty-of-medicine\/","title":{"rendered":"547 new doctors of medicine were inaugurated at the Faculty of Medicine"},"content":{"rendered":"<div class=\"lead\" lang=\"en-US\" align=\"left\">291 Hungarian-speaking, 131 English-speaking and 125 German-speaking students were inaugurated as doctors of the Faculty of Medicine of Semmelweis University, in a ceremony held at the Papp L\u00e1szl\u00f3 Sports Arena. Following the oath, Dr. B\u00e9la Merkely, Rector, and Dr. Mikl\u00f3s Kellermayer, Dean, welcomed the newly graduated students as doctoral fellows.<\/div>\n<p lang=\"en-US\" align=\"left\">\u201cAnyone who does not know his or her purpose, no matter how skilled and experienced in his profession, just wanders aimlessly in the world. Anyone who knows what his or her goal is but not prepared methodically, will never reach the goal,\u201d said J\u00e1nos Cs\u00e1k, Minister of Culture and Innovation in his welcome speech, recalling that there are few professions in the world where the goals are as clear as in medicine.<\/p>\n<p lang=\"en-US\" align=\"left\"><img loading=\"lazy\" decoding=\"async\" class=\"alignright size-full wp-image-32284\" src=\"https:\/\/semmelweis.hu\/english\/files\/2022\/06\/RS152181_C19A0310-scr-286x400-2.jpg\" alt=\"\" width=\"286\" height=\"400\" \/><\/p>\n<p align=\"left\"><span lang=\"en-US\">The Minister pointed out that Semmelweis University is ranked 186th in the Times Higher Education 2022 ranking of medical and health sciences, and 257th in<\/span> <span lang=\"en-US\">life sciences. As for the &#8220;US News Best Global Universities&#8221; list, it is ranked 55th in <\/span><span lang=\"en-US\">the <\/span><span lang=\"en-US\">cardiovascular <\/span><span lang=\"en-US\">field<\/span><span lang=\"en-US\">. &#8220;<\/span><span lang=\"en-US\">You should <\/span><span lang=\"en-US\">be proud to have graduated from one of the best universities in the world,&#8221; <\/span><span lang=\"en-US\">he <\/span>said.<\/p>\n<p align=\"left\"><span lang=\"en-US\">&#8220;Being a doctor is a courageous act, because we dedicate our lives to the Creator&#8217;s great and unrepeatable creation, mankind. With humility, diligence, hard-earned knowledge, with the fatigue of kilomete<\/span><span lang=\"en-US\">r<\/span><span lang=\"en-US\">s in the wards&#8221;, said Dr. B\u00e9la Merkely, Rector of Semmelweis University, <\/span><span lang=\"en-US\">adding <\/span><span lang=\"en-US\">that the <\/span><span lang=\"en-US\">inauguration as a doctor <\/span><span lang=\"en-US\">is a special event <\/span><span lang=\"en-US\">which <\/span><span lang=\"en-US\">students<\/span><span lang=\"en-US\"> will always remember for the rest of <\/span><span lang=\"en-US\">their<\/span><span lang=\"en-US\"> lives.<\/span><\/p>\n<p align=\"left\"><span lang=\"en-US\">The rector recalled that <\/span><span lang=\"en-US\">Covid posed an unprecedented challenge to doctors, teachers and students <\/span><span lang=\"en-US\">alike<\/span><span lang=\"en-US\">. Semmelweis University has been at the forefront of the fight against the pandemic, <\/span><span lang=\"en-US\">t<\/span><span lang=\"en-US\">housands of students have done their part <\/span><span lang=\"en-US\">working<\/span><span lang=\"en-US\"> at the screenings, care centers <\/span><span lang=\"en-US\">\u2013<\/span><span lang=\"en-US\"> everywhere help was needed.<\/span><\/p>\n<p align=\"left\"><img loading=\"lazy\" decoding=\"async\" class=\"alignleft size-full wp-image-32285\" src=\"https:\/\/semmelweis.hu\/english\/files\/2022\/06\/RS152191_C19A0380-scr-400x267-1.jpg\" alt=\"\" width=\"400\" height=\"267\" srcset=\"https:\/\/semmelweis.hu\/english\/files\/2022\/06\/RS152191_C19A0380-scr-400x267-1.jpg 400w, https:\/\/semmelweis.hu\/english\/files\/2022\/06\/RS152191_C19A0380-scr-400x267-1-203x135.jpg 203w\" sizes=\"auto, (max-width: 400px) 100vw, 400px\" \/><\/p>\n<p lang=\"en-US\" align=\"left\">Dr. B\u00e9la Merkely also pointed out that recent graduates have contibuted to two milestone changes at Semmelweis University. With the implementation of the practice-oriented curricular reform, the university is training doctors with increased practical knowledge, and the model change provides the university more opportunities, more scope for action and more dynamic development options than ever before.<\/p>\n<p lang=\"en-US\" align=\"left\">G\u00e1bor Orb\u00e1n, President of the National Foundation for Health and Medical Education, stressed that health care workers have become our everyday heroes, who have been fighting tirelessly for lives and to mitigate the impact of the pandemic with their devotion and humanity, even under extraordinary circumstances.<\/p>\n<p lang=\"en-US\" align=\"left\">He emphasized that Semmelweis Citizens have played an indispensable role in this mission, and expressed his gratitude not only as Chairman of the Board of Trustees at the University Foundation, but also as a citizen of the country.<\/p>\n<p lang=\"en-US\" align=\"left\"><img loading=\"lazy\" decoding=\"async\" class=\"aligncenter size-full wp-image-32286\" src=\"https:\/\/semmelweis.hu\/english\/files\/2022\/06\/RS152203_C19A0451-scr.jpg\" alt=\"\" width=\"1200\" height=\"800\" srcset=\"https:\/\/semmelweis.hu\/english\/files\/2022\/06\/RS152203_C19A0451-scr.jpg 1200w, https:\/\/semmelweis.hu\/english\/files\/2022\/06\/RS152203_C19A0451-scr-400x267.jpg 400w, https:\/\/semmelweis.hu\/english\/files\/2022\/06\/RS152203_C19A0451-scr-900x600.jpg 900w, https:\/\/semmelweis.hu\/english\/files\/2022\/06\/RS152203_C19A0451-scr-753x502.jpg 753w, https:\/\/semmelweis.hu\/english\/files\/2022\/06\/RS152203_C19A0451-scr-203x135.jpg 203w\" sizes=\"auto, (max-width: 1200px) 100vw, 1200px\" \/><\/p>\n<p align=\"left\">A total of 547 graduates from the Faculty of Medicine who successfully passed their final exams in Hungarian, English and German, were inaugurated at the event considered to be a ceremonial meeting of the university&#8217;s Senate. The candidates were inaugurated by Dr. Mikl\u00f3s Kellermayer, Dean of the Faculty of Medicine, then along with Rector Dr. B\u00e9la Merkely, they were welcomed as fellow doctors.<\/p>\n<p align=\"left\"><img loading=\"lazy\" decoding=\"async\" class=\"alignleft size-full wp-image-32287\" src=\"https:\/\/semmelweis.hu\/english\/files\/2022\/06\/RS152213_C19A0503-scr-400x267-1.jpg\" alt=\"\" width=\"400\" height=\"267\" srcset=\"https:\/\/semmelweis.hu\/english\/files\/2022\/06\/RS152213_C19A0503-scr-400x267-1.jpg 400w, https:\/\/semmelweis.hu\/english\/files\/2022\/06\/RS152213_C19A0503-scr-400x267-1-203x135.jpg 203w\" sizes=\"auto, (max-width: 400px) 100vw, 400px\" \/><\/p>\n<p align=\"left\">The dean pointed out that they had already become physicians in the renewed curriculum, the most important goal of which is the effective training of a general practitioner capable of independent critical thinking, medical decision-making, differentiation and lifelong learning.<\/p>\n<p lang=\"en-US\" align=\"left\">On behalf of the Hungarian medical students, Dr. Anna Kir\u00e1ly thanked the educators and also family members for the opportunity to gain a wealth of knowledge and experience.<\/p>\n<p lang=\"en-US\" align=\"left\">On behalf of the English-speaking students, Amirreza Alijanpourotaghsara recalled her freshman\u2019s day, September 2 in 2016, when an amazing new chapter of their lives began. \u201eIf we can retain just one-tenth of the enthusiasm we felt on that very first day, we can overcome any challenges and obstacles, and change the world around us for the better,&#8221; she emphasized.<\/p>\n<p lang=\"en-US\" align=\"left\">Dr. Csilla Sophie Meny Clara, on behalf of the German-speaking students, described their university years as &#8220;a time when the library became a second home for some, classmates became friends and friends became family.&#8221;<\/p>\n\r\n        [slb_exclude]\r\n        <div class=\"row galeria-wrapper mx-0 h-auto\">\r\n            <div class=\"col-9 pl-0 pr-2\">\r\n            <span class=\"gallery-item frame\">\r\n\t\t\t\t<div class=\"galeria-left-img\"><a href=\"https:\/\/semmelweis.hu\/english\/files\/2022\/06\/RS152370_3P1A8057-scr.jpg\"><img src=https:\/\/semmelweis.hu\/english\/files\/2022\/06\/RS152370_3P1A8057-scr.jpg  \r\n                            alt=\"\" \r\n                            class=\"attachment-sote-gallery-big size-sote-gallery-big\" \r\n                            srcset=\"https:\/\/semmelweis.hu\/english\/files\/2022\/06\/RS152370_3P1A8057-scr-400x267.jpg 400w, https:\/\/semmelweis.hu\/english\/files\/2022\/06\/RS152370_3P1A8057-scr-900x600.jpg 900w, https:\/\/semmelweis.hu\/english\/files\/2022\/06\/RS152370_3P1A8057-scr-753x502.jpg 753w, https:\/\/semmelweis.hu\/english\/files\/2022\/06\/RS152370_3P1A8057-scr-203x135.jpg 203w, https:\/\/semmelweis.hu\/english\/files\/2022\/06\/RS152370_3P1A8057-scr.jpg 1200w\" ><\/a><\/div>\r\n            <\/span>\r\n\r\n            <\/div>\r\n\r\n\t\t\t<div class=\"col-3 pl-0 pr-0\">\r\n\t\t\t\t<div class=\"galeria-right-img d-flex justify-content-between flex-column h-100 w-100 px-0 mx-0 \">\r\n                <div class=\"galeria-box\">\r\n\t\t\t\t\t<h3 class=\"galeria-title\">Gallery<\/h3>\r\n\t\t\t\t\t<div class=\"galeria-subtitle\">\r\n\r\n\t\t\t\t\t\t<div class=\"galeria-page-counter\"><span>8<\/span>images<\/div>\r\n                    <\/div> <\/div>\r\n                    <span class=\"gallery-item frame d-none d-md-flex\">\r\n\t\t\t\t\t<div class=\"galeria-small-img mt-0\"><a href=\"https:\/\/semmelweis.hu\/english\/files\/2022\/06\/RS152263_C19A0798-scr.jpg\"><img src=https:\/\/semmelweis.hu\/english\/files\/2022\/06\/RS152263_C19A0798-scr.jpg \r\n                                alt=\"\"  \r\n                                class=\"attachment-sote-gallery-small size-sote-gallery-small\" \r\n                                srcset=\"https:\/\/semmelweis.hu\/english\/files\/2022\/06\/RS152263_C19A0798-scr-400x267.jpg 400w, https:\/\/semmelweis.hu\/english\/files\/2022\/06\/RS152263_C19A0798-scr-900x600.jpg 900w, https:\/\/semmelweis.hu\/english\/files\/2022\/06\/RS152263_C19A0798-scr-753x502.jpg 753w, https:\/\/semmelweis.hu\/english\/files\/2022\/06\/RS152263_C19A0798-scr-203x135.jpg 203w, https:\/\/semmelweis.hu\/english\/files\/2022\/06\/RS152263_C19A0798-scr.jpg 1200w\" ><\/a><\/div>\r\n                    <\/span>\r\n                    <span class=\"gallery-item frame d-none d-md-flex\">\r\n\t\t\t\t\t<div class=\"galeria-small-img mt-0\"><a href=\"https:\/\/semmelweis.hu\/english\/files\/2022\/06\/RS152372_3P1A8093-scr.jpg\"><img src=https:\/\/semmelweis.hu\/english\/files\/2022\/06\/RS152372_3P1A8093-scr.jpg \r\n                                alt=\"\" \r\n                                class=\"attachment-sote-gallery-small size-sote-gallery-small\" \r\n                                srcset=\"https:\/\/semmelweis.hu\/english\/files\/2022\/06\/RS152372_3P1A8093-scr-400x267.jpg 400w, https:\/\/semmelweis.hu\/english\/files\/2022\/06\/RS152372_3P1A8093-scr-900x600.jpg 900w, https:\/\/semmelweis.hu\/english\/files\/2022\/06\/RS152372_3P1A8093-scr-753x502.jpg 753w, https:\/\/semmelweis.hu\/english\/files\/2022\/06\/RS152372_3P1A8093-scr-203x135.jpg 203w, https:\/\/semmelweis.hu\/english\/files\/2022\/06\/RS152372_3P1A8093-scr.jpg 1200w\" ><\/a><\/div>\r\n                    <\/span>\r\n\r\n                <\/div>\r\n\r\n            <\/div>\r\n\r\n            <span class=\"gallery-item\"><div class=\"hidden\"><a href=\"https:\/\/semmelweis.hu\/english\/files\/2022\/06\/RS152837_ADZ_20220625_1171-scr.jpg\">\r\n        <img src=https:\/\/semmelweis.hu\/english\/files\/2022\/06\/RS152837_ADZ_20220625_1171-scr.jpg alt=\"\" class=\"attachment-sote-gallery-big size-sote-gallery-big\" srcset=\"https:\/\/semmelweis.hu\/english\/files\/2022\/06\/RS152837_ADZ_20220625_1171-scr-400x267.jpg 400w, https:\/\/semmelweis.hu\/english\/files\/2022\/06\/RS152837_ADZ_20220625_1171-scr-900x600.jpg 900w, https:\/\/semmelweis.hu\/english\/files\/2022\/06\/RS152837_ADZ_20220625_1171-scr-753x502.jpg 753w, https:\/\/semmelweis.hu\/english\/files\/2022\/06\/RS152837_ADZ_20220625_1171-scr-203x135.jpg 203w, https:\/\/semmelweis.hu\/english\/files\/2022\/06\/RS152837_ADZ_20220625_1171-scr.jpg 1200w\" >\r\n        <\/a><\/div><\/span><span class=\"gallery-item\"><div class=\"hidden\"><a href=\"https:\/\/semmelweis.hu\/english\/files\/2022\/06\/RS152373_3P1A8100-scr.jpg\">\r\n        <img src=https:\/\/semmelweis.hu\/english\/files\/2022\/06\/RS152373_3P1A8100-scr.jpg alt=\"\" class=\"attachment-sote-gallery-big size-sote-gallery-big\" srcset=\"https:\/\/semmelweis.hu\/english\/files\/2022\/06\/RS152373_3P1A8100-scr-400x267.jpg 400w, https:\/\/semmelweis.hu\/english\/files\/2022\/06\/RS152373_3P1A8100-scr-900x600.jpg 900w, https:\/\/semmelweis.hu\/english\/files\/2022\/06\/RS152373_3P1A8100-scr-753x502.jpg 753w, https:\/\/semmelweis.hu\/english\/files\/2022\/06\/RS152373_3P1A8100-scr-203x135.jpg 203w, https:\/\/semmelweis.hu\/english\/files\/2022\/06\/RS152373_3P1A8100-scr.jpg 1200w\" >\r\n        <\/a><\/div><\/span><span class=\"gallery-item\"><div class=\"hidden\"><a href=\"https:\/\/semmelweis.hu\/english\/files\/2022\/06\/RS152267_3P1A8136-scr.jpg\">\r\n        <img src=https:\/\/semmelweis.hu\/english\/files\/2022\/06\/RS152267_3P1A8136-scr.jpg alt=\"\" class=\"attachment-sote-gallery-big size-sote-gallery-big\" srcset=\"https:\/\/semmelweis.hu\/english\/files\/2022\/06\/RS152267_3P1A8136-scr-400x267.jpg 400w, https:\/\/semmelweis.hu\/english\/files\/2022\/06\/RS152267_3P1A8136-scr-900x600.jpg 900w, https:\/\/semmelweis.hu\/english\/files\/2022\/06\/RS152267_3P1A8136-scr-753x502.jpg 753w, https:\/\/semmelweis.hu\/english\/files\/2022\/06\/RS152267_3P1A8136-scr-203x135.jpg 203w, https:\/\/semmelweis.hu\/english\/files\/2022\/06\/RS152267_3P1A8136-scr.jpg 1200w\" >\r\n        <\/a><\/div><\/span><span class=\"gallery-item\"><div class=\"hidden\"><a href=\"https:\/\/semmelweis.hu\/english\/files\/2022\/06\/RS152919_ADZ_20220625_1374-scr.jpg\">\r\n        <img src=https:\/\/semmelweis.hu\/english\/files\/2022\/06\/RS152919_ADZ_20220625_1374-scr.jpg alt=\"\" class=\"attachment-sote-gallery-big size-sote-gallery-big\" srcset=\"https:\/\/semmelweis.hu\/english\/files\/2022\/06\/RS152919_ADZ_20220625_1374-scr-400x267.jpg 400w, https:\/\/semmelweis.hu\/english\/files\/2022\/06\/RS152919_ADZ_20220625_1374-scr-900x600.jpg 900w, https:\/\/semmelweis.hu\/english\/files\/2022\/06\/RS152919_ADZ_20220625_1374-scr-753x502.jpg 753w, https:\/\/semmelweis.hu\/english\/files\/2022\/06\/RS152919_ADZ_20220625_1374-scr-203x135.jpg 203w, https:\/\/semmelweis.hu\/english\/files\/2022\/06\/RS152919_ADZ_20220625_1374-scr.jpg 1200w\" >\r\n        <\/a><\/div><\/span><span class=\"gallery-item\"><div class=\"hidden\"><a href=\"https:\/\/semmelweis.hu\/english\/files\/2022\/06\/RS152369_3P1A8056-scr.jpg\">\r\n        <img src=https:\/\/semmelweis.hu\/english\/files\/2022\/06\/RS152369_3P1A8056-scr.jpg alt=\"\" class=\"attachment-sote-gallery-big size-sote-gallery-big\" srcset=\"https:\/\/semmelweis.hu\/english\/files\/2022\/06\/RS152369_3P1A8056-scr-400x267.jpg 400w, https:\/\/semmelweis.hu\/english\/files\/2022\/06\/RS152369_3P1A8056-scr-900x600.jpg 900w, https:\/\/semmelweis.hu\/english\/files\/2022\/06\/RS152369_3P1A8056-scr-753x502.jpg 753w, https:\/\/semmelweis.hu\/english\/files\/2022\/06\/RS152369_3P1A8056-scr-203x135.jpg 203w, https:\/\/semmelweis.hu\/english\/files\/2022\/06\/RS152369_3P1A8056-scr.jpg 1200w\" >\r\n        <\/a><\/div><\/span>\r\n            <\/div>\r\n\r\n            [\/slb_exclude]\r\n\t\n<p lang=\"en-US\" align=\"left\">P\u00e1lma Dobozi<\/p>\n<p lang=\"en-US\" align=\"left\">Translation: G\u00e1bor Kiss, Rita K\u00f3nya<\/p>\n<p lang=\"en-US\" align=\"left\">Photo: Attila Kov\u00e1cs, B\u00e1lint Barta \u2013 Semmelweis University<\/p>\n","protected":false},"excerpt":{"rendered":"<p>Following the swearing-in ceremony, Dr. B\u00e9la Merkely, Rector, and Dr. Mikl\u00f3s Kellermayer, Dean, welcomed the newly graduated students as fellow doctors.<\/p>\n","protected":false},"author":102061,"featured_media":32282,"comment_status":"closed","ping_status":"closed","sticky":false,"template":"","format":"standard","meta":{"_acf_changed":false,"footnotes":""},"categories":[10,286],"tags":[28,324,60],"class_list":["post-32280","post","type-post","status-publish","format-standard","has-post-thumbnail","hentry","category-education","category-x-nyitolap","tag-education","tag-events","tag-graduation"],"acf":[],"_links":{"self":[{"href":"https:\/\/semmelweis.hu\/english\/wp-json\/wp\/v2\/posts\/32280","targetHints":{"allow":["GET"]}}],"collection":[{"href":"https:\/\/semmelweis.hu\/english\/wp-json\/wp\/v2\/posts"}],"about":[{"href":"https:\/\/semmelweis.hu\/english\/wp-json\/wp\/v2\/types\/post"}],"author":[{"embeddable":true,"href":"https:\/\/semmelweis.hu\/english\/wp-json\/wp\/v2\/users\/102061"}],"replies":[{"embeddable":true,"href":"https:\/\/semmelweis.hu\/english\/wp-json\/wp\/v2\/comments?post=32280"}],"version-history":[{"count":10,"href":"https:\/\/semmelweis.hu\/english\/wp-json\/wp\/v2\/posts\/32280\/revisions"}],"predecessor-version":[{"id":32310,"href":"https:\/\/semmelweis.hu\/english\/wp-json\/wp\/v2\/posts\/32280\/revisions\/32310"}],"wp:featuredmedia":[{"embeddable":true,"href":"https:\/\/semmelweis.hu\/english\/wp-json\/wp\/v2\/media\/32282"}],"wp:attachment":[{"href":"https:\/\/semmelweis.hu\/english\/wp-json\/wp\/v2\/media?parent=32280"}],"wp:term":[{"taxonomy":"category","embeddable":true,"href":"https:\/\/semmelweis.hu\/english\/wp-json\/wp\/v2\/categories?post=32280"},{"taxonomy":"post_tag","embeddable":true,"href":"https:\/\/semmelweis.hu\/english\/wp-json\/wp\/v2\/tags?post=32280"}],"curies":[{"name":"wp","href":"https:\/\/api.w.org\/{rel}","templated":true}]}}