{"id":32118,"date":"2022-06-24T06:00:01","date_gmt":"2022-06-24T04:00:01","guid":{"rendered":"https:\/\/semmelweis.hu\/english\/?p=32118"},"modified":"2022-06-23T11:22:28","modified_gmt":"2022-06-23T09:22:28","slug":"professor-emeritus-dr-zoltan-nagy-welcomed-on-his-80th-birthday","status":"publish","type":"post","link":"https:\/\/semmelweis.hu\/english\/2022\/06\/professor-emeritus-dr-zoltan-nagy-welcomed-on-his-80th-birthday\/","title":{"rendered":"Professor emeritus Dr. Zolt\u00e1n Nagy welcomed on his 80th birthday"},"content":{"rendered":"<div class=\"lead\" lang=\"en-US\">Professor emeritus Dr. Zolt\u00e1n Nagy, founding president of the Hungarian Stroke Society, was honored on his 80th birthday with a scientific meeting at the Semmelweis Salon. The former director of the National Institute of Psychiatry and Neurology (OPNI) and the National Institute of Clinical Neuroscience continues to maintain close ties with Semmelweis University: he is chairman of the Public Benefit Supervisory Board and professional leader of the Senior Academy.<\/div>\n<div lang=\"en-US\">\n<p lang=\"en-US\">&#8220;Through his professional achievements and his human greatness, he has set an example to endless numbers of people and provided paternal support to more than a few. I am also personally immensely grateful to be able to count myself among them,&#8221; &#8211; these were the words of Dr. B\u00e9la Merkely, Rector of Semmelweis University and Director of the V\u00e1rosmajor Heart and Vascular Center, when he greeted Dr. Zolt\u00e1n Nagy, who celebrated his 80th birthday.<\/p>\n<div class=\"fontos_div\">\n<p lang=\"en-US\">In praise of his work he recalled that the professor, as a physician, researcher, lecturer, head of the OPNI and later the National Institute of Neurosurgery, and as a citizen of the university, worked for many years on the understanding and treatment of the brain at a world-class level.<\/p>\n<\/div>\n<p lang=\"en-US\"><img loading=\"lazy\" decoding=\"async\" class=\"alignright size-medium wp-image-32191\" src=\"https:\/\/semmelweis.hu\/english\/files\/2022\/06\/RS151596_C19A7058-scr-400x266.jpg\" alt=\"\" width=\"400\" height=\"266\" srcset=\"https:\/\/semmelweis.hu\/english\/files\/2022\/06\/RS151596_C19A7058-scr-400x266.jpg 400w, https:\/\/semmelweis.hu\/english\/files\/2022\/06\/RS151596_C19A7058-scr-900x599.jpg 900w, https:\/\/semmelweis.hu\/english\/files\/2022\/06\/RS151596_C19A7058-scr-753x501.jpg 753w, https:\/\/semmelweis.hu\/english\/files\/2022\/06\/RS151596_C19A7058-scr-203x135.jpg 203w, https:\/\/semmelweis.hu\/english\/files\/2022\/06\/RS151596_C19A7058-scr.jpg 1200w\" sizes=\"auto, (max-width: 400px) 100vw, 400px\" \/><\/p>\n<p lang=\"en-US\">The Rector expressed his pleasure to have met Dr. Zolt\u00e1n Nagy as a young doctor, who as Director General of OPNI led the development of the telemetry network for stroke care, while his task was the coordination of vascular and cardiac surgery participation at V\u00e1rosmajor. That was their first project, and as he said, he has been impressed ever since by the professor&#8217;s dedication and immeasurable devotion to improving patient care.<\/p>\n<p><span lang=\"en-US\">He described <\/span><span lang=\"en-US\">t<\/span><span lang=\"en-US\">he <\/span><span lang=\"en-US\">V\u00e1rosmajor <\/span><span lang=\"en-US\">Heart and Vascular C<\/span><span lang=\"en-US\">enter <\/span><span lang=\"en-US\">as a &#8220;matter of<\/span><span lang=\"en-US\">\u00a0their heart&#8221;<\/span><span lang=\"en-US\">, where Dr. Zolt\u00e1n Nagy worked as a consultant from 1980, and where Professor S\u00e1ndor Juh\u00e1sz-Nagy hosted his laboratory for a temporary period, and later headed the Vascular Neurology Group. In 2016, he became a member and then Chairman of the University&#8217;s Board of Trustees, and since the model change, he has been Chairman of the University&#8217;s Public Benefit Supervisory Board. <\/span><span lang=\"en-US\">In 2019, in the framework of the 250th anniversary celebrations, Dr. Zolt\u00e1n Nagy launched the Senior Academy, aim<\/span><span lang=\"en-US\">ing <\/span><span lang=\"en-US\">primarily at the elderly lay public, demonstrating his dedication to the education of the elderly.<\/span><\/p>\n<p><img loading=\"lazy\" decoding=\"async\" class=\"aligncenter size-full wp-image-32194\" src=\"https:\/\/semmelweis.hu\/english\/files\/2022\/06\/RS151592_C19A7046-scr.jpg\" alt=\"\" width=\"1200\" height=\"800\" srcset=\"https:\/\/semmelweis.hu\/english\/files\/2022\/06\/RS151592_C19A7046-scr.jpg 1200w, https:\/\/semmelweis.hu\/english\/files\/2022\/06\/RS151592_C19A7046-scr-400x267.jpg 400w, https:\/\/semmelweis.hu\/english\/files\/2022\/06\/RS151592_C19A7046-scr-900x600.jpg 900w, https:\/\/semmelweis.hu\/english\/files\/2022\/06\/RS151592_C19A7046-scr-753x502.jpg 753w, https:\/\/semmelweis.hu\/english\/files\/2022\/06\/RS151592_C19A7046-scr-203x135.jpg 203w\" sizes=\"auto, (max-width: 1200px) 100vw, 1200px\" \/><\/p>\n<p><span lang=\"en-US\">In addition to <\/span><span lang=\"en-US\">the professor\u2019<\/span><span lang=\"en-US\">s neurobiological research, Dr. B\u00e9la Merkely described the organi<\/span><span lang=\"en-US\">z<\/span><span lang=\"en-US\">ation and development of stroke care in Hungary, <\/span><span lang=\"en-US\">and making <\/span><span lang=\"en-US\">stroke prevention and treatment a national issue as his most important initiative, and a legacy of his life. Mentioning his painting exhibition last year, he also praised his artistic activities, and on behalf of the Senate of the University, he presented the <\/span><span lang=\"en-US\">professor<\/span><span lang=\"en-US\"> with the Pro Universitate M<\/span><span lang=\"en-US\">edal.<br \/>\n<\/span><\/p>\n<p><span lang=\"en-US\">Dr. Lor\u00e1nd Er\u0151ss, Director General of the National Institute of Mental Health, Neurology and Neurosurgery, emphasized in his laudation that <\/span><span lang=\"en-US\">putting <\/span><span lang=\"en-US\">any aspect of Dr. Zolt\u00e1n Nagy&#8217;s <\/span><span lang=\"en-US\">diverse<\/span><span lang=\"en-US\"> activities <\/span><span lang=\"en-US\">under scrutiny<\/span><span lang=\"en-US\">, we see an incredibly energetic personality. As he recalled, at the age of 35 the professor was already head of department at the Department of Psychiatry at <\/span><span lang=\"en-US\">Semmelweis<\/span><span lang=\"en-US\"> University, at 45 he was appointed deputy clinical director, at 49 he was appointed professor, at 52 he was appointed director of the National Centre for Brain Diseases at the OPNI and organi<\/span><span lang=\"en-US\">z<\/span><span lang=\"en-US\">ed Hungarian stroke care with his colleagues, at 58 he was appointed head of the Department of Neurology at HIETE, and at 60 he was appointed director general of the OPNI. In 2007, after the closure of the OPNI, he founds the Bioelectrical Brain Imaging Research Laboratory at the Faculty of Computer Engineering of <\/span><span lang=\"en-US\">Pannonian <\/span><span lang=\"en-US\">University, and at the age of 70 he takes over the leadership of the OITI for six <\/span><span lang=\"en-US\">months<\/span><span lang=\"en-US\">, which became six years.<\/span><\/p>\n<p><img loading=\"lazy\" decoding=\"async\" class=\"alignleft size-medium wp-image-32190\" src=\"https:\/\/semmelweis.hu\/english\/files\/2022\/06\/RS151602_C19A7093-scr-400x267.jpg\" alt=\"\" width=\"400\" height=\"267\" srcset=\"https:\/\/semmelweis.hu\/english\/files\/2022\/06\/RS151602_C19A7093-scr-400x267.jpg 400w, https:\/\/semmelweis.hu\/english\/files\/2022\/06\/RS151602_C19A7093-scr-900x600.jpg 900w, https:\/\/semmelweis.hu\/english\/files\/2022\/06\/RS151602_C19A7093-scr-753x502.jpg 753w, https:\/\/semmelweis.hu\/english\/files\/2022\/06\/RS151602_C19A7093-scr-203x135.jpg 203w, https:\/\/semmelweis.hu\/english\/files\/2022\/06\/RS151602_C19A7093-scr.jpg 1200w\" sizes=\"auto, (max-width: 400px) 100vw, 400px\" \/><\/p>\n<p><span lang=\"en-US\">Dr. Lor\u00e1nd Er\u0151ss stressed that Dr. Zolt\u00e1n Nagy is a <\/span><span lang=\"en-US\">real<\/span><span lang=\"en-US\"> integrator, his professional, scientific and community-building ideas are also a testament to his creativity. As a personal experience, he mentioned that he had visited the professor&#8217;s home, where an environment created by a Renaissance man unfolds: in addition to plenty of books, manuscripts and paintings, including his own paintings, there is also a harp; a man <\/span><span lang=\"en-US\">living<\/span><span lang=\"en-US\"> in constant temptation to create can be seen in this home.<br \/>\n<\/span><\/p>\n<p><span lang=\"en-US\">At the scientific meeting, his students gave lecture<\/span><span lang=\"en-US\">s<\/span><span lang=\"en-US\">: Dr. Gyula P\u00e1ncz\u00e9l (Three decades of thrombolysis: from pioneers to routine stroke therapy), Dr. Istv\u00e1n Gubucz (Mechanical recanalization: a new panacea in neurological care), Dr. Anik\u00f3 Ga\u00e1l (Focus on the brain endothelium: the importance of the blood-brain barrier in ischaemic stroke) and D<\/span><span lang=\"en-US\">r. <\/span><span lang=\"en-US\">S\u00e1ndor Nardai (Experimental stroke research: DMT as a new promise for neuroprotection).<\/span><\/p>\n<div class=\"keretes w-100\">\n<p><em><span lang=\"en-US\">Interview with Professor Emeritus Dr. Zolt\u00e1n Nagy, President of the Hungarian Stroke Society<\/span><\/em><\/p>\n<p><strong><span lang=\"en-US\">Still active at 80, what are you working on now?<\/span><\/strong><\/p>\n<p><span lang=\"en-US\">We continue to work with dimethyltryptophan (DMT), a new molecule in the potential treatment of stroke care, as it reduces neuronal damage, inflammatory response and damage to the blood-brain barrier. I also have many responsibilities as chair of the Public Benefit Committee at the university, I am also on the Research Ethics Committee (ETT-TUKEB) and I am a member of the Review Committee of the Hungarian Accreditation Committee. I <\/span><span lang=\"en-US\">hold an annual <\/span><span lang=\"en-US\">course for PhD students on <\/span><span lang=\"en-US\">the<\/span><span lang=\"en-US\"> neurobiology <\/span><span lang=\"en-US\">of stroke.<\/span><\/p>\n<p><strong><span lang=\"en-US\">In spring, the 6th semester of the Senior Academy, of which you are the professional leader, was held already. Why do you consider the education of the older generation important?<\/span><\/strong><\/p>\n<p><span lang=\"en-US\">Through my patients, I have seen how older people are becoming increasingly disconnected from their own age. The world is changing, we are <\/span><span lang=\"en-US\">experiencin<\/span><span lang=\"en-US\">g another technological revolution, everything is being renewed, and the elderly are <\/span><span lang=\"en-US\">lagging <\/span><span lang=\"en-US\">behind, they don&#8217;t understand the big changes that have taken place in biomedical science, in clinical care<\/span><span lang=\"en-US\">. My slogan was: \u201clet us learn to understand our grandchildren\u201d. I wanted to make people aware of the new research directions, and I created a health education theme that would also promote Semmelweis University in the capital and in the country, so that the public could see <\/span><span lang=\"en-US\">how <\/span><span lang=\"en-US\">high <\/span><span lang=\"en-US\">the <\/span><span lang=\"en-US\">level of knowledge <\/span><span lang=\"en-US\">is <\/span><span lang=\"en-US\">at this internationally renowned university. The courses are free of charge and extremely popular, with 1800 people registering last semester and following the lectures on Zoom.<\/span><\/p>\n<p><strong><span lang=\"en-US\">You are a painter and you also study the neurobiology of image reception. What have you found?<\/span><\/strong><\/p>\n<p><span lang=\"en-US\">Together with a radiographer-engineer PhD student, we used functional MRI to <\/span><span lang=\"en-US\">examine <\/span><span lang=\"en-US\">what happens in the brain when a painting is projected to the subject. We knew roughly what <\/span><span lang=\"en-US\">to <\/span><span lang=\"en-US\">expect, but there was no data on whether the image processing in the brain of a visual artist or a person who was not familiar with painting was the same. There is also little data on whether there is a difference in brain activity between <\/span><span lang=\"en-US\">the reception of <\/span><span lang=\"en-US\">a non-figurative and a figurative painting, or <\/span><span lang=\"en-US\">between<\/span><span lang=\"en-US\"> a kitsch and a <\/span><span lang=\"en-US\">valuable<\/span><span lang=\"en-US\"> painting. No appreciable differences were found for the latter, but there were differences between abstract and <\/span><span lang=\"en-US\">depicting<\/span><span lang=\"en-US\"> images, and between painters and lay people. <\/span><\/p>\n<p><strong><span lang=\"en-US\">Which painting style do you classify yourself in?<\/span><\/strong><\/p>\n<p><span lang=\"en-US\">Primarily non-figurative, lyrical abstraction or expressionism. I had masters <\/span><span lang=\"en-US\">like<\/span><span lang=\"en-US\"> Imre Magyar\u00e1sz, G\u00e9za Bene <\/span><span lang=\"en-US\">or<\/span><span lang=\"en-US\"> Lajos Sv\u00e1by, with whom I had a close friendship in <\/span><span lang=\"en-US\">his<\/span><span lang=\"en-US\"> last years. Shortly before his death, he wrote in an email, &#8220;You <\/span><span lang=\"en-US\">no longer<\/span><span lang=\"en-US\"> need me, you have become a master\u201d. The recognition of this great artist gave me confidence.<\/span><\/p>\n<\/div>\n<p>G\u00e1bor Kiss<\/p>\n<p>Photo: Attila Kov\u00e1cs &#8211; Semmelweis University<\/p>\n<p>&nbsp;<\/p>\n<\/div>\n","protected":false},"excerpt":{"rendered":"<p>The founder of stroke care in Hungary keeps holding tight relations with Semmelweis University.<\/p>\n","protected":false},"author":102061,"featured_media":32131,"comment_status":"closed","ping_status":"closed","sticky":false,"template":"","format":"standard","meta":{"_acf_changed":false,"footnotes":""},"categories":[2,17,286],"tags":[86,99],"class_list":["post-32118","post","type-post","status-publish","format-standard","has-post-thumbnail","hentry","category-news","category-semmelweis-world","category-x-nyitolap","tag-anniversary-news","tag-heart-and-vascular-center"],"acf":[],"_links":{"self":[{"href":"https:\/\/semmelweis.hu\/english\/wp-json\/wp\/v2\/posts\/32118","targetHints":{"allow":["GET"]}}],"collection":[{"href":"https:\/\/semmelweis.hu\/english\/wp-json\/wp\/v2\/posts"}],"about":[{"href":"https:\/\/semmelweis.hu\/english\/wp-json\/wp\/v2\/types\/post"}],"author":[{"embeddable":true,"href":"https:\/\/semmelweis.hu\/english\/wp-json\/wp\/v2\/users\/102061"}],"replies":[{"embeddable":true,"href":"https:\/\/semmelweis.hu\/english\/wp-json\/wp\/v2\/comments?post=32118"}],"version-history":[{"count":10,"href":"https:\/\/semmelweis.hu\/english\/wp-json\/wp\/v2\/posts\/32118\/revisions"}],"predecessor-version":[{"id":32261,"href":"https:\/\/semmelweis.hu\/english\/wp-json\/wp\/v2\/posts\/32118\/revisions\/32261"}],"wp:featuredmedia":[{"embeddable":true,"href":"https:\/\/semmelweis.hu\/english\/wp-json\/wp\/v2\/media\/32131"}],"wp:attachment":[{"href":"https:\/\/semmelweis.hu\/english\/wp-json\/wp\/v2\/media?parent=32118"}],"wp:term":[{"taxonomy":"category","embeddable":true,"href":"https:\/\/semmelweis.hu\/english\/wp-json\/wp\/v2\/categories?post=32118"},{"taxonomy":"post_tag","embeddable":true,"href":"https:\/\/semmelweis.hu\/english\/wp-json\/wp\/v2\/tags?post=32118"}],"curies":[{"name":"wp","href":"https:\/\/api.w.org\/{rel}","templated":true}]}}