{"id":31938,"date":"2022-06-08T06:00:30","date_gmt":"2022-06-08T04:00:30","guid":{"rendered":"https:\/\/semmelweis.hu\/english\/?p=31938"},"modified":"2022-06-07T15:26:09","modified_gmt":"2022-06-07T13:26:09","slug":"facial-skin-lesions-require-immediate-dermatological-control","status":"publish","type":"post","link":"https:\/\/semmelweis.hu\/english\/2022\/06\/facial-skin-lesions-require-immediate-dermatological-control\/","title":{"rendered":"Facial skin lesions require immediate dermatological control"},"content":{"rendered":"<div class=\"lead\">&#8220;The head or neck is the site of around 30-40% of UV-induced skin tumours, so even the smallest lesions are worth looking out for, given the constant exposure of our face to UV rays. Any rough or discoloured, pinkish-red patches should be shown to your doctor as soon as possible,&#8221; says Dr. P\u00e9ter Holl\u00f3. The director of the Department of Dermatology, Venereology and Dermatooncology at Semmelweis University emphasized that the disease is more likely to be cured if detected at an early stage.<\/div>\n<p>&#8220;UV radiation can cause, among other things, skin ageing, wrinkles, pigment changes, peeling skin lesions, and in 10-15 percent of cases squamous cell skin carcioma,&#8221; says Dr. P\u00e9ter Holl\u00f3. The director of the Department of Dermatology, Venereology and Dermatooncology at Semmelweis University explained that symptoms caused by photodamage to the facial skin can go almost unnoticed for many years without any symptoms.<\/p>\n<div class=\"fontos_div\">\n<p>With regular annual screening, if the disease is detected at an early stage, it is more likely to be cured, so with proper treatment pre-cancer condition doesn\u2019t develop into skin cancer.<\/p>\n<\/div>\n<p><a href=\"https:\/\/semmelweis.hu\/english\/files\/2022\/06\/RS149285_C19A2135-scr.jpg\"><img loading=\"lazy\" decoding=\"async\" class=\"alignright wp-image-31977 size-medium\" src=\"https:\/\/semmelweis.hu\/english\/files\/2022\/06\/RS149285_C19A2135-scr-267x400.jpg\" alt=\"\" width=\"267\" height=\"400\" srcset=\"https:\/\/semmelweis.hu\/english\/files\/2022\/06\/RS149285_C19A2135-scr-267x400.jpg 267w, https:\/\/semmelweis.hu\/english\/files\/2022\/06\/RS149285_C19A2135-scr.jpg 600w\" sizes=\"auto, (max-width: 267px) 100vw, 267px\" \/><\/a><\/p>\n<p>The face is one of the first and most common areas to develop symptoms of chronic sun damage, as it is more exposed to the harmful effects of sunlight than other parts of the body.<\/p>\n<p>The areas of the skin that cannot be covered by clothing &#8211; face, head, back of the hands, d\u00e9collet\u00e9 &#8211; need to be protected in spring and early summer. Sunscreen, sunglasses, hats and avoidance of direct sunlight between 11 and 15 hours can reduce the incidence of malignant skin lesions on the face, arms, hands and scalp. Skin type can also be important, but people with tanner skin can develop malignant skin tumours &#8211; even melanomas &#8211; just as well as people with lighter skin. So this does not mean complete immunity,&#8221; he warned. Dr. P\u00e9ter Holl\u00f3 pointed out that in recent years more and more people have been going for skin tumour screening, which is always carried out by a dermatologist using a special skin microscope to identify skin lesions more accurately.<\/p>\n<div class=\"fontos_div\">\n<p>In many cases, the dermatoscopic examination can detect suspicious lesions, the type and clinical appearance of which determine the correct method of histological sampling and further therapy.<\/p>\n<\/div>\n<p>&nbsp;<\/p>\n<p>Eszter Csat\u00e1ri-F\u00f6ldv\u00e1ry <br \/>\nTranslation: Rita K\u00f3nya<\/p>\n<p>Photo: Attila Kov\u00e1cs \u2013 Semmelweis University<br \/>\nCover picture (illustration): Envato<\/p>\n<p>&nbsp;<\/p>\n","protected":false},"excerpt":{"rendered":"<p>The head or neck is the site of around 30-40% of UV-induced skin tumours.<\/p>\n","protected":false},"author":102051,"featured_media":31940,"comment_status":"closed","ping_status":"closed","sticky":false,"template":"","format":"standard","meta":{"_acf_changed":false,"footnotes":""},"categories":[129,2,286],"tags":[31,121],"class_list":["post-31938","post","type-post","status-publish","format-standard","has-post-thumbnail","hentry","category-health","category-news","category-x-nyitolap","tag-health-care","tag-science"],"acf":[],"_links":{"self":[{"href":"https:\/\/semmelweis.hu\/english\/wp-json\/wp\/v2\/posts\/31938","targetHints":{"allow":["GET"]}}],"collection":[{"href":"https:\/\/semmelweis.hu\/english\/wp-json\/wp\/v2\/posts"}],"about":[{"href":"https:\/\/semmelweis.hu\/english\/wp-json\/wp\/v2\/types\/post"}],"author":[{"embeddable":true,"href":"https:\/\/semmelweis.hu\/english\/wp-json\/wp\/v2\/users\/102051"}],"replies":[{"embeddable":true,"href":"https:\/\/semmelweis.hu\/english\/wp-json\/wp\/v2\/comments?post=31938"}],"version-history":[{"count":6,"href":"https:\/\/semmelweis.hu\/english\/wp-json\/wp\/v2\/posts\/31938\/revisions"}],"predecessor-version":[{"id":31980,"href":"https:\/\/semmelweis.hu\/english\/wp-json\/wp\/v2\/posts\/31938\/revisions\/31980"}],"wp:featuredmedia":[{"embeddable":true,"href":"https:\/\/semmelweis.hu\/english\/wp-json\/wp\/v2\/media\/31940"}],"wp:attachment":[{"href":"https:\/\/semmelweis.hu\/english\/wp-json\/wp\/v2\/media?parent=31938"}],"wp:term":[{"taxonomy":"category","embeddable":true,"href":"https:\/\/semmelweis.hu\/english\/wp-json\/wp\/v2\/categories?post=31938"},{"taxonomy":"post_tag","embeddable":true,"href":"https:\/\/semmelweis.hu\/english\/wp-json\/wp\/v2\/tags?post=31938"}],"curies":[{"name":"wp","href":"https:\/\/api.w.org\/{rel}","templated":true}]}}