{"id":29982,"date":"2022-02-16T13:03:43","date_gmt":"2022-02-16T12:03:43","guid":{"rendered":"https:\/\/semmelweis.hu\/english\/?p=29982"},"modified":"2025-11-18T09:48:31","modified_gmt":"2025-11-18T08:48:31","slug":"uv-radiation-can-damage-your-eyes-even-in-the-winter","status":"publish","type":"post","link":"https:\/\/semmelweis.hu\/english\/2022\/02\/uv-radiation-can-damage-your-eyes-even-in-the-winter\/","title":{"rendered":"UV radiation can damage your eyes \u2013 even in the winter!"},"content":{"rendered":"<p class=\"xmsonormal\" style=\"margin: 0cm;text-align: justify\"><b><span style=\"font-size: 14.0pt;color: black\">Glaucoma, retina-disorders and problems with the cornea can all be associated with the damaging effects of ultraviolet radiation. Even in the gloomy winter months, while skiing in the mountains, the UV light bounces back from the snow which can potentially harm the eye. Although these changes don\u2019t happen suddenly, it\u2019s very important to have proper eye protection!\u00a0<\/span><\/b><\/p>\n<p class=\"xmsonormal\" style=\"margin: 0cm;text-align: justify\"><span style=\"color: black\"><br \/>\n<\/span><span style=\"font-size: 14.0pt;color: black\">\u201cTo avoid long term damage to your eyes while on a skiing holiday, it\u2019s best to wear sunglasses which cover your eyes, including from the side\u201d \u2013 says Dr. Zsolt Zolt\u00e1n Nagy, the Director of the Eye Clinic at Budapest Semmelweis University.\u00a0<\/span><\/p>\n<p class=\"xmsonormal\" style=\"margin: 0cm;text-align: justify\"><span style=\"font-size: 14.0pt;color: black\">\u00a0<\/span><\/p>\n<p class=\"xmsonormal\" style=\"margin: 0cm;text-align: justify\"><span style=\"font-size: 14.0pt;color: black\">At higher altitudes strong UV radiation may cause corneal damage, such as painful photoelectric keratitis and in the long run corneal opacities may decrease visual acuity. Longer wavelengths may reach the crystalline lens, causing cataracts in the longer term. UV light can also be a causative factor besides others in age related macular degeneration (AMD).\u00a0<\/span><\/p>\n<p class=\"xmsonormal\" style=\"margin: 0cm\"><b><span style=\"font-size: 14.0pt;color: black\"><br \/>\n<\/span><\/b><span style=\"font-size: 14.0pt;color: black\">Dr. Nagy added:\u00a0\u00a0<\/span><\/p>\n<p class=\"xmsonormal\" style=\"margin: 0cm\"><span style=\"font-size: 14.0pt;color: black\">\u00a0<\/span><\/p>\n<blockquote>\n<p class=\"xmsonormal\" style=\"margin: 0cm;text-align: justify\"><span style=\"font-size: 14.0pt;color: black\">The most common disorders are cataracts which usually do not affect both eyes in the same way &#8211; but often gets diagnosed too late. In too many cases the patients notice the changes only when the \u201cbetter\u201d eye is also damaged \u2013 for example when eyesight gets worse when driving in the evening. When the visual acuity reduces to less than 50 %, it can cause difficulty in everyday life. <\/span><\/p>\n<\/blockquote>\n<p class=\"xmsonormal\" style=\"margin: 0cm;text-align: justify\"><span style=\"font-size: 14.0pt;color: black\"><a href=\"https:\/\/semmelweis.hu\/english\/files\/2022\/02\/RS135820_C19A3385-scr.jpg\"><img loading=\"lazy\" decoding=\"async\" class=\"size-medium wp-image-29974 alignright\" src=\"https:\/\/semmelweis.hu\/english\/files\/2022\/02\/RS135820_C19A3385-scr-400x267.jpg\" alt=\"\" width=\"400\" height=\"267\" srcset=\"https:\/\/semmelweis.hu\/english\/files\/2022\/02\/RS135820_C19A3385-scr-400x267.jpg 400w, https:\/\/semmelweis.hu\/english\/files\/2022\/02\/RS135820_C19A3385-scr-900x600.jpg 900w, https:\/\/semmelweis.hu\/english\/files\/2022\/02\/RS135820_C19A3385-scr-753x502.jpg 753w, https:\/\/semmelweis.hu\/english\/files\/2022\/02\/RS135820_C19A3385-scr-203x135.jpg 203w, https:\/\/semmelweis.hu\/english\/files\/2022\/02\/RS135820_C19A3385-scr.jpg 1200w\" sizes=\"auto, (max-width: 400px) 100vw, 400px\" \/><\/a><\/span><\/p>\n<p>&nbsp;<\/p>\n<p class=\"xmsonormal\" style=\"margin: 0cm;text-align: justify\"><span style=\"font-size: 14.0pt;color: black\">\u201cTherefore, prevention is key and with the right ski-glasses it is possible to protect the eyes. These are the ones with UV-A and UV-B filters which also cover both the eyes and the surrounding area.\u201d <\/span><\/p>\n<p>&nbsp;<\/p>\n<p>&nbsp;<\/p>\n<div class=\"fontos_div\">\n<p class=\"xmsonormal\" style=\"margin: 0cm;text-align: justify\"><span style=\"font-size: 14.0pt;color: black\">On rare occasions even snow blindness can occur for those who spend days skiing in the sunshine \u2013 when their eyes are not properly protected. Snow blindness is caused by UV radiation coming from the direction of the ground which can cause serious symptoms such as blurriness, seeing flashing lights, sensitivity to light, red and irritated, watery eyes and burning, shooting pain.\u00a0<\/span><\/p>\n<\/div>\n<p class=\"xmsonormal\" style=\"margin: 0cm;text-align: justify\"><span style=\"font-size: 14.0pt;color: black\"><br \/>\n\u201cThe symptoms usually go away in a few days, but they can cause irreversible damage to the eye, therefore everyone who does snow sports should wear a strong and dark special pair of goggles\u201d \u2013 explained Dr. Zsolt Zolt\u00e1n Nagy.\u00a0<\/span><\/p>\n<p class=\"xmsonormal\" style=\"margin: 0cm;text-align: justify\"><span style=\"font-size: 14.0pt;color: black\"><br \/>\nEye health can also be protected with vitamins. Vitamin C can prevent cataracts and vitamin B is crucial for the good operation of the nerve tissues. Vitamin D and E also play very important roles in maintaining good eyesight.\u00a0<\/span><\/p>\n<p>&nbsp;<\/p>\n<p>Eszter Csat\u00e1ri-F\u00f6ldv\u00e1ry<br \/>\nTranslation: Angelika Erd\u00e9lyi<\/p>\n<p>Photo: Attila Kov\u00e1cs &#8211; Semmelweis University<br \/>\nFeatured image (illustration): iStock &#8211; yanik88<\/p>\n","protected":false},"excerpt":{"rendered":"<p>Glaucoma, retina-disorders and problems with the cornea can all be associated with the damaging effects of ultraviolet radiation.<\/p>\n","protected":false},"author":102013,"featured_media":46442,"comment_status":"closed","ping_status":"closed","sticky":false,"template":"","format":"standard","meta":{"_acf_changed":false,"footnotes":""},"categories":[270],"tags":[261],"class_list":["post-29982","post","type-post","status-publish","format-standard","has-post-thumbnail","hentry","category-other","tag-press"],"acf":[],"_links":{"self":[{"href":"https:\/\/semmelweis.hu\/english\/wp-json\/wp\/v2\/posts\/29982","targetHints":{"allow":["GET"]}}],"collection":[{"href":"https:\/\/semmelweis.hu\/english\/wp-json\/wp\/v2\/posts"}],"about":[{"href":"https:\/\/semmelweis.hu\/english\/wp-json\/wp\/v2\/types\/post"}],"author":[{"embeddable":true,"href":"https:\/\/semmelweis.hu\/english\/wp-json\/wp\/v2\/users\/102013"}],"replies":[{"embeddable":true,"href":"https:\/\/semmelweis.hu\/english\/wp-json\/wp\/v2\/comments?post=29982"}],"version-history":[{"count":10,"href":"https:\/\/semmelweis.hu\/english\/wp-json\/wp\/v2\/posts\/29982\/revisions"}],"predecessor-version":[{"id":46443,"href":"https:\/\/semmelweis.hu\/english\/wp-json\/wp\/v2\/posts\/29982\/revisions\/46443"}],"wp:featuredmedia":[{"embeddable":true,"href":"https:\/\/semmelweis.hu\/english\/wp-json\/wp\/v2\/media\/46442"}],"wp:attachment":[{"href":"https:\/\/semmelweis.hu\/english\/wp-json\/wp\/v2\/media?parent=29982"}],"wp:term":[{"taxonomy":"category","embeddable":true,"href":"https:\/\/semmelweis.hu\/english\/wp-json\/wp\/v2\/categories?post=29982"},{"taxonomy":"post_tag","embeddable":true,"href":"https:\/\/semmelweis.hu\/english\/wp-json\/wp\/v2\/tags?post=29982"}],"curies":[{"name":"wp","href":"https:\/\/api.w.org\/{rel}","templated":true}]}}