{"id":26264,"date":"2021-06-07T15:57:47","date_gmt":"2021-06-07T13:57:47","guid":{"rendered":"https:\/\/semmelweis.hu\/english\/?p=26264"},"modified":"2021-06-07T16:14:40","modified_gmt":"2021-06-07T14:14:40","slug":"when-one-builds-up-something-one-needs-to-feel-that-it-is-his-her-own-dr-tamas-berenyi","status":"publish","type":"post","link":"https:\/\/semmelweis.hu\/english\/2021\/06\/when-one-builds-up-something-one-needs-to-feel-that-it-is-his-her-own-dr-tamas-berenyi\/","title":{"rendered":"\u201cWhen one builds up something, one needs to feel that it is his\/her own\u201d &#8211; Dr. Tam\u00e1s Ber\u00e9nyi"},"content":{"rendered":"<p lang=\"en-US\" style=\"text-align: justify\"><strong>Dr. Tam\u00e1s Ber\u00e9nyi, the resigning director of the Emergency Department played an important role in the development of emergency patient care at the university. In our interview, he recalled not only the most important stages of his professional career and the challenges of COVID patient care, but he also shared his experiences about how such a patient care department is able to function well.<\/strong><\/p>\n<p lang=\"en-US\" style=\"text-align: justify\"><span lang=\"en-US\">The Emergency Department of Semmelweis University began its operations in 2016, and Dr. Tam\u00e1s Ber\u00e9nyi, the resigning director of the department, has been working here since the first shift. He joined the university when the decision to establish the Emergency Department was made within the framework of the Kor\u00e1nyi project. Initially, until the Kor\u00e1nyi Central Patient Care Building was built, he taught a compulsory subject called Emergency Medicine to fifth-year medical students. Then, after the building process was completed, he also participated in the establishment of the Emergency Department. He took over the management of the department two years ago when his predecessor left for P\u00e9cs.<\/span><\/p>\n<p lang=\"en-US\" style=\"text-align: justify\">\u201c<span lang=\"en-US\">I did not want to be a leader, I rather tried to help my younger colleague, Dr. P\u00e9ter Kanizsai with some advice\u201d, he recalled.<\/span><\/p>\n<p lang=\"en-US\" style=\"text-align: justify\"><a href=\"https:\/\/semmelweis.hu\/english\/files\/2021\/06\/RS132081_C19A4972-scr.jpg\"><img loading=\"lazy\" decoding=\"async\" class=\"aligncenter size-full wp-image-26262\" src=\"https:\/\/semmelweis.hu\/english\/files\/2021\/06\/RS132081_C19A4972-scr.jpg\" alt=\"\" width=\"1200\" height=\"800\" srcset=\"https:\/\/semmelweis.hu\/english\/files\/2021\/06\/RS132081_C19A4972-scr.jpg 1200w, https:\/\/semmelweis.hu\/english\/files\/2021\/06\/RS132081_C19A4972-scr-400x267.jpg 400w, https:\/\/semmelweis.hu\/english\/files\/2021\/06\/RS132081_C19A4972-scr-900x600.jpg 900w, https:\/\/semmelweis.hu\/english\/files\/2021\/06\/RS132081_C19A4972-scr-753x502.jpg 753w, https:\/\/semmelweis.hu\/english\/files\/2021\/06\/RS132081_C19A4972-scr-203x135.jpg 203w\" sizes=\"auto, (max-width: 1200px) 100vw, 1200px\" \/><\/a>\u201c<span lang=\"en-US\">It was a pioneer period, as it was the first time that a complex emergency patient care was started to operate at the university. We were familiar with the tasks, yet we did not know each other and the environment well\u201d, Dr. Tam\u00e1s Ber\u00e9nyi said.<\/span><\/p>\n<p lang=\"en-US\" style=\"text-align: justify\"><span lang=\"en-US\">Until then, each clinic received and admitted patients in need of emergency care in isolation, according to its own admission schedule. In contrast, the essence of the newly established, independent emergency department is that patients are <\/span><span lang=\"en-US\">admitted<\/span><span lang=\"en-US\"> by an open system capable of continuously managing any disease.<\/span><\/p>\n<blockquote>\n<p lang=\"en-US\" style=\"text-align: justify\"><span lang=\"en-US\">The <\/span><span lang=\"en-US\">Emergency Department <\/span><span lang=\"en-US\">is able to differentiate what a particular patient needs based on the severity of a particular syndrome, to stabilize the condition, to receive direct care, or other hospital treatment<\/span><span lang=\"en-US\">s.<\/span><span lang=\"en-US\"> The primary goal of the system is the early detection of problems, which requires the joint work of several disciplines. However, this type of <\/span><span lang=\"en-US\">health <\/span><span lang=\"en-US\">care assigned to th<\/span><span lang=\"en-US\">e <\/span><span lang=\"en-US\">patient is still a bit foreign in the Hungarian <\/span><span lang=\"en-US\">health <\/span><span lang=\"en-US\">care structure <\/span><\/p>\n<\/blockquote>\n<p lang=\"en-US\" style=\"text-align: justify\"><span lang=\"en-US\">&#8211; <\/span><span lang=\"en-US\">Dr. Tam\u00e1s Ber\u00e9nyi explained.<\/span><\/p>\n<p lang=\"en-US\" style=\"text-align: justify\"><span lang=\"en-US\">The now resigning director of the department received his degree at Semmelweis University, after which he began his career as an intensive care therapist and anesthesiologist; and in the meantime he also dealt with rescue and emergency care. After working at various state institutions as well as the Hungarian Defence Forces, he had the opportunity to establish a central anesthesiology and intensive care unit at Erzs\u00e9bet Hospital.<\/span><\/p>\n<p lang=\"en-US\" style=\"text-align: justify\">\u201c<span lang=\"en-US\">It was an intensive care unit that dealt primarily with toxicology patients, which was a huge challenge not only because I was only 40, but also because toxicology was a new field for me,\u201d he recalled.<\/span><\/p>\n<p lang=\"en-US\" style=\"text-align: justify\"><span lang=\"en-US\">He then worked in the private sector as an anesthesiologist as well as an expert. In his capacity as the latter, he was asked by the then T\u00e9t\u00e9nyi \u00dati Hospital to describe how to build an emergency patient care system. Later, as the director of the department, he was provided with the opportunity to put all this into practice. As director of the emergency patient care of a matrix-type institution, anesthetic operating blocks as well as intensive and sub-intensive care units were also under his supervision. The next milestone in his professional career was Semmelweis University\u2019s Emergency Department.<\/span><\/p>\n<p lang=\"en-US\" style=\"text-align: justify\"><span lang=\"en-US\">Dr. Tam\u00e1s Ber\u00e9nyi emphasized in connection with the operation of the <\/span><span lang=\"en-US\">Emergency Department that<\/span><span lang=\"en-US\"> as in the case of all organizations, the system of organizational and external conditions necessary for the operation is one of the most important factors.<\/span><\/p>\n<div class=\"fontos_div\">\n<p lang=\"en-US\" style=\"text-align: justify\">\u201c<span lang=\"en-US\">Once that <\/span><span lang=\"en-US\">is provided<\/span><span lang=\"en-US\">, <\/span><span lang=\"en-US\">one <\/span><span lang=\"en-US\">need<\/span><span lang=\"en-US\">s<\/span><span lang=\"en-US\"> the right skills and a team <\/span><span lang=\"en-US\">whose members are able to operate it<\/span><span lang=\"en-US\">. The most important thing about the team is the common goals and common values, <\/span><span lang=\"en-US\">this<\/span><span lang=\"en-US\"> is the basis for being able to work together\u201d, <\/span><span lang=\"en-US\">h<\/span><span lang=\"en-US\">e explained.<\/span><\/p>\n<p lang=\"en-US\" style=\"text-align: justify\"><span lang=\"en-US\">He added that although emergency patient care is an independent discipline, yet a number of disciplines, such as diagnostics, surgery, internal medicine and other disciplines need to work together to achieve the right quality. <\/span><\/p>\n<\/div>\n<p lang=\"en-US\" style=\"text-align: justify\"><span lang=\"en-US\"><a href=\"https:\/\/semmelweis.hu\/english\/files\/2021\/06\/RS132077_C19A4932-scr-267x400-1.jpg\"><img loading=\"lazy\" decoding=\"async\" class=\"alignright size-full wp-image-26261\" src=\"https:\/\/semmelweis.hu\/english\/files\/2021\/06\/RS132077_C19A4932-scr-267x400-1.jpg\" alt=\"\" width=\"267\" height=\"400\" \/><\/a>Since the establishment of the Emergency Department, the patient turnover has been growing steadily: from the initial care of 30 patients a day to 100 per day, and the number of cases increased even more after the appearance of the coronavirus in Hungary.<\/span><\/p>\n<p lang=\"en-US\" style=\"text-align: justify\">\u201c<span lang=\"en-US\">COVID was a huge burden for the department, we had to create an adaptive system that responded to the changing circumstances and varied tasks on a daily basis. All this was a constant challenge psychologically as well\u201d, the director emphasized.<\/span><\/p>\n<p lang=\"en-US\" style=\"text-align: justify\"><span lang=\"en-US\">He added that during the pandemic, they learned a great deal professionally, and the unusual situation further strengthened team work at the department.<\/span><\/p>\n<p lang=\"en-US\" style=\"text-align: justify\"><span lang=\"en-US\">Dr. Tam\u00e1s Ber\u00e9nyi retired at the middle of May, and the management of the department, which will be transformed into an Emergency Medicine Clinic based on the decision of the Senate, will be taken over by Dr. Csaba Varga.<\/span><\/p>\n<p lang=\"en-US\" style=\"text-align: justify\">\u201c<span lang=\"en-US\">When one builds up something, one needs to feel it as his\/her own. I feel the same way as regards emergency patient care at the university. However, the fact that the new director is Dr. Csaba Varga is an assurance that the work and <\/span><span lang=\"en-US\">attitude<\/span><span lang=\"en-US\"> that we started <\/span><span lang=\"en-US\">with <\/span><span lang=\"en-US\">the <\/span><span lang=\"en-US\">establishment<\/span><span lang=\"en-US\"> of the <\/span><span lang=\"en-US\">Emergency Department <\/span><span lang=\"en-US\">will continue in the best direction. And it is <\/span><span lang=\"en-US\">especially rewarding<\/span><span lang=\"en-US\"> that, as a clinic, <\/span><span lang=\"en-US\">e<\/span><span lang=\"en-US\">mergency <\/span><span lang=\"en-US\">medicine<\/span> <span lang=\"en-US\">may<\/span><span lang=\"en-US\"> become even more important in university patient care\u201d, <\/span><span lang=\"en-US\">highlighted Dr. Tam\u00e1s Ber\u00e9nyi.<\/span><\/p>\n<p lang=\"en-US\" style=\"text-align: justify\"><span lang=\"en-US\">Dr. Tam\u00e1s Ber\u00e9nyi also emphasized his close relationship with his colleagues, which is also proved by the fact that all of the staff members of the department tried to take a shift with him on his last working days before the retirement. As far as his plans for the future are concerned, he will try to follow the example of his former colleague.<\/span><\/p>\n<p lang=\"en-US\" style=\"text-align: justify\">\u201c<span lang=\"en-US\">As a young man, I met a brilliant neurosurgeon at the neurosurgery clinic, who retired from the University of Szeged at the age of 60. Although he disappeared from the eyes of many of us, he lived happily for decades, during which time he had time to write a textbook. That is exactly what I would like to try\u201d, he pointed out.<\/span><\/p>\n<p align=\"left\">\u00c1d\u00e1m Szab\u00f3 <span style=\"font-size: large\"><br \/>\n<\/span>Photo: Attila Kov\u00e1cs \u2013 Semmelweis University<br \/>\nTranslation: Katalin Ill\u00e9s-Romh\u00e1nyi<\/p>\n","protected":false},"excerpt":{"rendered":"<p>The resigning director of the Emergency Department played an important role in the development of emergency patient care at the university.<\/p>\n","protected":false},"author":101126,"featured_media":26263,"comment_status":"closed","ping_status":"closed","sticky":false,"template":"","format":"standard","meta":{"_acf_changed":false,"footnotes":""},"categories":[2,17],"tags":[39],"class_list":["post-26264","post","type-post","status-publish","format-standard","has-post-thumbnail","hentry","category-news","category-semmelweis-world","tag-interview"],"acf":[],"_links":{"self":[{"href":"https:\/\/semmelweis.hu\/english\/wp-json\/wp\/v2\/posts\/26264","targetHints":{"allow":["GET"]}}],"collection":[{"href":"https:\/\/semmelweis.hu\/english\/wp-json\/wp\/v2\/posts"}],"about":[{"href":"https:\/\/semmelweis.hu\/english\/wp-json\/wp\/v2\/types\/post"}],"author":[{"embeddable":true,"href":"https:\/\/semmelweis.hu\/english\/wp-json\/wp\/v2\/users\/101126"}],"replies":[{"embeddable":true,"href":"https:\/\/semmelweis.hu\/english\/wp-json\/wp\/v2\/comments?post=26264"}],"version-history":[{"count":6,"href":"https:\/\/semmelweis.hu\/english\/wp-json\/wp\/v2\/posts\/26264\/revisions"}],"predecessor-version":[{"id":26270,"href":"https:\/\/semmelweis.hu\/english\/wp-json\/wp\/v2\/posts\/26264\/revisions\/26270"}],"wp:featuredmedia":[{"embeddable":true,"href":"https:\/\/semmelweis.hu\/english\/wp-json\/wp\/v2\/media\/26263"}],"wp:attachment":[{"href":"https:\/\/semmelweis.hu\/english\/wp-json\/wp\/v2\/media?parent=26264"}],"wp:term":[{"taxonomy":"category","embeddable":true,"href":"https:\/\/semmelweis.hu\/english\/wp-json\/wp\/v2\/categories?post=26264"},{"taxonomy":"post_tag","embeddable":true,"href":"https:\/\/semmelweis.hu\/english\/wp-json\/wp\/v2\/tags?post=26264"}],"curies":[{"name":"wp","href":"https:\/\/api.w.org\/{rel}","templated":true}]}}