{"id":25941,"date":"2021-05-17T13:47:47","date_gmt":"2021-05-17T11:47:47","guid":{"rendered":"https:\/\/semmelweis.hu\/english\/?p=25941"},"modified":"2021-05-17T14:12:21","modified_gmt":"2021-05-17T12:12:21","slug":"in-the-case-of-elderly-patients-it-is-even-more-important-to-see-the-person-in-his-her-entirety-dr-klara-gado","status":"publish","type":"post","link":"https:\/\/semmelweis.hu\/english\/2021\/05\/in-the-case-of-elderly-patients-it-is-even-more-important-to-see-the-person-in-his-her-entirety-dr-klara-gado\/","title":{"rendered":"\u201cIn the case of elderly patients, it is even more important to see the person in his\/her entirety\u201d &#8211; Dr. Kl\u00e1ra Gad\u00f3"},"content":{"rendered":"<p style=\"text-align: justify\"><strong>As of 1 November 2020, Dr. Kl\u00e1ra Gad\u00f3 has been appointed director of the first geriatric clinic in the country, which was established in the Szent R\u00f3kus Clinical Block of Semmelweis University. The Geriatrics Clinic and Center for Nursing Sciences was opened with a capacity of 125 beds, and its in-patients are treated with a special approach that characterizes the care of the elderly. As the director emphasizes, in geriatrics, it is of paramount importance to look at the person in his\/her entirety, and this view is intended to be passed on to the physicians and health care practitioners of the future as well.<\/strong><\/p>\n<p style=\"text-align: justify\"><a href=\"https:\/\/semmelweis.hu\/english\/files\/2021\/05\/RS131044_C19A6489-scr-267x400-1.jpg\"><img loading=\"lazy\" decoding=\"async\" class=\"alignleft size-full wp-image-25940\" src=\"https:\/\/semmelweis.hu\/english\/files\/2021\/05\/RS131044_C19A6489-scr-267x400-1.jpg\" alt=\"\" width=\"267\" height=\"400\" \/><\/a>Dr. Kl\u00e1ra Gad\u00f3 graduated at the Faculty of Medicine of the university. Then, following the family traditions &#8211; both of her parents were microbiologists -, she began her career as a researcher. In the course of her specialized training of clinical pharmacology that she spent at the 1st Department of Internal Medicine of the former Imre Haynal University of Health Sciences, she was fascinated by the beauty of patient care, therefore she also passed the specialized examinations in internal medicine, immunology and hematology.\u00a0As Dr. Kl\u00e1ra Gad\u00f3 recalls, she got acquainted with geriatric care by chance. She was working as the head of the internal medicine-immunology department at the former Szent R\u00f3kus Hospital, when active care at the institution ceased in 2007, after which she became chief physician of the internal medicine rehabilitation department.\u00a0<\/p>\n<p style=\"text-align: justify\">\u201cOn the basis of this, after the merger of Szent R\u00f3kus Hospital and Semmelweis University, the Geriatrics Clinic and Centre for Nursing Sciences was established last year, which is the first clinic in the country specializing in geriatrics. In addition to cardiology and oncology, geriatrics is the field of health care affecting most Hungarian families, as in general, a significant part of the patients of geriatric care is above the age of 60. Geriatrics has now become an independent discipline, since the care of the elderly requires a special knowledge and approach, which is why the establishment of the first geriatric clinic is a historic step from the university\u201d, highlighted Dr. Kl\u00e1ra Gad\u00f3.\u00a0<\/p>\n<p style=\"text-align: justify\">She pointed out that the clinic was established as a joint institution of the Faculty of Medicine and the Faculty of Health Sciences and it forms a bridge between the two faculties as well as the two professions. Dr. Kl\u00e1ra Gad\u00f3 has also been working at the Faculty of Health Sciences since 1995: initially as a lecturer, and today as a college professor, department head, and deputy dean.\u00a0Dr. Kl\u00e1ra Gad\u00f3 considers teamwork as well as the partnership between a physician and a health care specialist of utmost importance. The director also considers the formation of attitude as her main goal in the field of education as well.\u00a0<\/p>\n<p style=\"text-align: justify\">\u201cOnly such a person may become a good physician, who is completely aware of nursing tasks and who is able to verify so, if necessary. This is the approach that we also represent during the summer nursing practice of first-year medical students. In addition to their lexical knowledge, it is very important for future physicians and health care professionals to turn to the patient with the right attitude and see the patient in his\/her entirety\u201d, she emphasized.\u00a0<\/p>\n<div class=\"fontos_div\">\n<p style=\"text-align: justify\">\u201cWe always treat the patient as a partner. We have to gain their trust, to be congruent, because that is the only way we may receive their cooperation for the therapy. Also, we should always treat our patients the way we would expect someone to treat our loved one\u201d, Dr. Kl\u00e1ra Gad\u00f3 highlighted the major principles of their practical education.\u00a0<\/p>\n<\/div>\n<p style=\"text-align: justify\">The clinic provides nursing practice for first-year medical students, practice in internal medicine for third-year and fourth-year students, as well as summer training practice for medical students of senior years. In addition, professional training practice opportunities for nursing, dietetic and physiotherapy students are running uninterruptedly.\u00a0<\/p>\n<p style=\"text-align: justify\"><a href=\"https:\/\/semmelweis.hu\/english\/files\/2021\/05\/RS131028_C19A6316-scr.jpg\"><img loading=\"lazy\" decoding=\"async\" class=\"aligncenter size-full wp-image-25937\" src=\"https:\/\/semmelweis.hu\/english\/files\/2021\/05\/RS131028_C19A6316-scr.jpg\" alt=\"\" width=\"1200\" height=\"800\" srcset=\"https:\/\/semmelweis.hu\/english\/files\/2021\/05\/RS131028_C19A6316-scr.jpg 1200w, https:\/\/semmelweis.hu\/english\/files\/2021\/05\/RS131028_C19A6316-scr-400x267.jpg 400w, https:\/\/semmelweis.hu\/english\/files\/2021\/05\/RS131028_C19A6316-scr-900x600.jpg 900w, https:\/\/semmelweis.hu\/english\/files\/2021\/05\/RS131028_C19A6316-scr-753x502.jpg 753w, https:\/\/semmelweis.hu\/english\/files\/2021\/05\/RS131028_C19A6316-scr-203x135.jpg 203w\" sizes=\"auto, (max-width: 1200px) 100vw, 1200px\" \/><\/a>According to Dr. Kl\u00e1ra Gad\u00f3, in addition to pediatrics, geriatrics is the other discipline where it is primary to look at the patient in his\/her entirety. Most people have more complaints, chronic diseases above a certain age, and the delicate balance of the human body is very easily disturbed if we intervene rudely. Therefore, as she pointed out, we must always consider what the problem is, which we can remedy, and this should also be taken into account during the medical examination and when choosing a therapy. Consequently, in geriatrics, the designing of a therapy takes much longer, since more attention must be paid to drug interactions and side effects.\u00a0<\/p>\n<p style=\"text-align: justify\">In addition to the nursing and chronic rehabilitation wards with a capacity of 125 beds, the clinic has been providing 15 active beds in order to serve geriatric care in the traditional sense after the epidemic. Here, patients may be admitted with various complex problems. The goal in this field is to achieve the highest possible level of patient independence and quality of life.\u00a0<\/p>\n<p style=\"text-align: justify\"><a href=\"https:\/\/semmelweis.hu\/english\/files\/2021\/05\/RS131036_C19A6420-scr-281x400-1.jpg\"><img loading=\"lazy\" decoding=\"async\" class=\"alignleft size-full wp-image-25939\" src=\"https:\/\/semmelweis.hu\/english\/files\/2021\/05\/RS131036_C19A6420-scr-281x400-1.jpg\" alt=\"\" width=\"281\" height=\"400\" \/><\/a>The director classifies geriatric specialist training and hence the provision of labour supply as priority areas, in which the clinic may play an important role, and she also considers prevention and the education of laymen as significant tasks.\u00a0<\/p>\n<p style=\"text-align: justify\">\u201cEven before reaching old age, we need to be aware of what we need to change in order to live a long life in as good health as possible\u201d, Dr. Kl\u00e1ra Gad\u00f3 emphasized.\u00a0<\/p>\n<p style=\"text-align: justify\">She considers the unity of healing, education and research to be important. In connection with the latter, the clinic is looking for cooperation opportunities not only with the Faculty of Health Sciences, but also with other faculties and institutes of the university. Leading research topics in geriatrics include a very topical issue, post COVID disease, as well as the issue of nutritional disorders, muscle weight loss, the prevention of falls, and postoperative rehabilitation. Her personal area of \u200b\u200bresearch is old age and problems related to blood coagulation.\u00a0<\/p>\n<p style=\"text-align: justify\">Dr. Kl\u00e1ra Gad\u00f3&#8217;s commitment to medicine is also evident in the field of art. Although she deals with photography as a hobby, she has already had several exhibitions, and some critics say that her photos also evoke the abstract sight of tissue sections.<\/p>\n<p style=\"text-align: justify\">\u201cKl\u00e1ra Gad\u00f3 conjures up the macro and magnifies the micro\u201d, wrote photographer \u00c9va Keleti in connection with one of Dr. Kl\u00e1ra Gad\u00f3\u2019s photo exhibitions.\u00a0<\/p>\n<p>P\u00e1lma Dobozi <br \/>\nPhoto: Attila Kov\u00e1cs \u2013 Semmelweis University<br \/>\nTranslation: Katalin Ill\u00e9s-Romh\u00e1nyi<\/p>\n<p>&nbsp;<\/p>\n","protected":false},"excerpt":{"rendered":"<p>As of 1 November 2020, Dr. Kl\u00e1ra Gad\u00f3 has been appointed director of the first geriatric clinic in the country.<\/p>\n","protected":false},"author":101126,"featured_media":25938,"comment_status":"closed","ping_status":"closed","sticky":false,"template":"","format":"standard","meta":{"_acf_changed":false,"footnotes":""},"categories":[2,17],"tags":[39],"class_list":["post-25941","post","type-post","status-publish","format-standard","has-post-thumbnail","hentry","category-news","category-semmelweis-world","tag-interview"],"acf":[],"_links":{"self":[{"href":"https:\/\/semmelweis.hu\/english\/wp-json\/wp\/v2\/posts\/25941","targetHints":{"allow":["GET"]}}],"collection":[{"href":"https:\/\/semmelweis.hu\/english\/wp-json\/wp\/v2\/posts"}],"about":[{"href":"https:\/\/semmelweis.hu\/english\/wp-json\/wp\/v2\/types\/post"}],"author":[{"embeddable":true,"href":"https:\/\/semmelweis.hu\/english\/wp-json\/wp\/v2\/users\/101126"}],"replies":[{"embeddable":true,"href":"https:\/\/semmelweis.hu\/english\/wp-json\/wp\/v2\/comments?post=25941"}],"version-history":[{"count":3,"href":"https:\/\/semmelweis.hu\/english\/wp-json\/wp\/v2\/posts\/25941\/revisions"}],"predecessor-version":[{"id":25944,"href":"https:\/\/semmelweis.hu\/english\/wp-json\/wp\/v2\/posts\/25941\/revisions\/25944"}],"wp:featuredmedia":[{"embeddable":true,"href":"https:\/\/semmelweis.hu\/english\/wp-json\/wp\/v2\/media\/25938"}],"wp:attachment":[{"href":"https:\/\/semmelweis.hu\/english\/wp-json\/wp\/v2\/media?parent=25941"}],"wp:term":[{"taxonomy":"category","embeddable":true,"href":"https:\/\/semmelweis.hu\/english\/wp-json\/wp\/v2\/categories?post=25941"},{"taxonomy":"post_tag","embeddable":true,"href":"https:\/\/semmelweis.hu\/english\/wp-json\/wp\/v2\/tags?post=25941"}],"curies":[{"name":"wp","href":"https:\/\/api.w.org\/{rel}","templated":true}]}}