{"id":25352,"date":"2021-04-07T08:00:40","date_gmt":"2021-04-07T06:00:40","guid":{"rendered":"https:\/\/semmelweis.hu\/english\/?p=25352"},"modified":"2021-04-09T10:29:02","modified_gmt":"2021-04-09T08:29:02","slug":"post-covid-care-helps-with-recovery-at-the-department-of-pulmonology","status":"publish","type":"post","link":"https:\/\/semmelweis.hu\/english\/2021\/04\/post-covid-care-helps-with-recovery-at-the-department-of-pulmonology\/","title":{"rendered":"Post-COVID care aids recovery at the Department of Pulmonology"},"content":{"rendered":"<p style=\"text-align: justify\"><strong><span lang=\"en-US\">Many people struggle with <\/span><span lang=\"en-US\">pulmonary<\/span><span lang=\"en-US\"> complications even weeks after coronavirus infection. At the <\/span><span lang=\"en-US\">Department of <\/span><span lang=\"en-US\">Pulmonology, these patients are assisted in their recovery by providing them with post-COVID care. <\/span><span lang=\"en-US\">The care is available only by referral and appointment. <\/span><span lang=\"en-US\">P<\/span><span lang=\"en-US\">atients can be <\/span><span lang=\"en-US\">referred<\/span><span lang=\"en-US\"> to the department <\/span><span lang=\"en-US\">by<\/span><span lang=\"en-US\"> a pulmonologist or from the university&#8217;s COVID departments after leaving the hospital.<\/span> <\/strong><\/p>\n<p style=\"text-align: justify\"><span lang=\"en-US\">The Department of Pulmonology has been involved in the fight against the epidemic since the appearance of the coronavirus in Hungary. In addition to acute COVID care, there is a strong emphasis on after-care, and since February post-COVID care has also been provided to those who had previously been treated at a university COVID department (with coronavirus-related illness) or their pulmonologist recommends clinical care.<\/span><\/p>\n\r\n        [slb_exclude]\r\n        <div class=\"row galeria-wrapper mx-0 h-auto\">\r\n            <div class=\"col-9 pl-0 pr-2\">\r\n            <span class=\"gallery-item frame\">\r\n\t\t\t\t<div class=\"galeria-left-img\"><a href=\"https:\/\/semmelweis.hu\/english\/files\/2021\/04\/RS130899_C19A0907-2-scr-1.jpeg\"><img src=https:\/\/semmelweis.hu\/english\/files\/2021\/04\/RS130899_C19A0907-2-scr-1.jpeg  \r\n                            alt=\"\" \r\n                            class=\"attachment-sote-gallery-big size-sote-gallery-big\" \r\n                            srcset=\"https:\/\/semmelweis.hu\/english\/files\/2021\/04\/RS130899_C19A0907-2-scr-1-400x267.jpeg 400w, https:\/\/semmelweis.hu\/english\/files\/2021\/04\/RS130899_C19A0907-2-scr-1-900x600.jpeg 900w, https:\/\/semmelweis.hu\/english\/files\/2021\/04\/RS130899_C19A0907-2-scr-1-753x502.jpeg 753w, https:\/\/semmelweis.hu\/english\/files\/2021\/04\/RS130899_C19A0907-2-scr-1-203x135.jpeg 203w, https:\/\/semmelweis.hu\/english\/files\/2021\/04\/RS130899_C19A0907-2-scr-1.jpeg 1200w\" ><\/a><\/div>\r\n            <\/span>\r\n\r\n            <\/div>\r\n\r\n\t\t\t<div class=\"col-3 pl-0 pr-0\">\r\n\t\t\t\t<div class=\"galeria-right-img d-flex justify-content-between flex-column h-100 w-100 px-0 mx-0 \">\r\n                <div class=\"galeria-box\">\r\n\t\t\t\t\t<h3 class=\"galeria-title\">Gallery<\/h3>\r\n\t\t\t\t\t<div class=\"galeria-subtitle\">\r\n\r\n\t\t\t\t\t\t<div class=\"galeria-page-counter\"><span>4<\/span>images<\/div>\r\n                    <\/div> <\/div>\r\n                    <span class=\"gallery-item frame d-none d-md-flex\">\r\n\t\t\t\t\t<div class=\"galeria-small-img mt-0\"><a href=\"https:\/\/semmelweis.hu\/english\/files\/2021\/04\/RS130902_C19A0928-scr.jpeg\"><img src=https:\/\/semmelweis.hu\/english\/files\/2021\/04\/RS130902_C19A0928-scr.jpeg \r\n                                alt=\"\"  \r\n                                class=\"attachment-sote-gallery-small size-sote-gallery-small\" \r\n                                srcset=\"https:\/\/semmelweis.hu\/english\/files\/2021\/04\/RS130902_C19A0928-scr-400x267.jpeg 400w, https:\/\/semmelweis.hu\/english\/files\/2021\/04\/RS130902_C19A0928-scr-900x600.jpeg 900w, https:\/\/semmelweis.hu\/english\/files\/2021\/04\/RS130902_C19A0928-scr-753x502.jpeg 753w, https:\/\/semmelweis.hu\/english\/files\/2021\/04\/RS130902_C19A0928-scr-203x135.jpeg 203w, https:\/\/semmelweis.hu\/english\/files\/2021\/04\/RS130902_C19A0928-scr.jpeg 1200w\" ><\/a><\/div>\r\n                    <\/span>\r\n                    <span class=\"gallery-item frame d-none d-md-flex\">\r\n\t\t\t\t\t<div class=\"galeria-small-img mt-0\"><a href=\"https:\/\/semmelweis.hu\/english\/files\/2021\/04\/RS130895_C19A0886-2-scr.jpeg\"><img src=https:\/\/semmelweis.hu\/english\/files\/2021\/04\/RS130895_C19A0886-2-scr.jpeg \r\n                                alt=\"\" \r\n                                class=\"attachment-sote-gallery-small size-sote-gallery-small\" \r\n                                srcset=\"https:\/\/semmelweis.hu\/english\/files\/2021\/04\/RS130895_C19A0886-2-scr-400x267.jpeg 400w, https:\/\/semmelweis.hu\/english\/files\/2021\/04\/RS130895_C19A0886-2-scr-900x600.jpeg 900w, https:\/\/semmelweis.hu\/english\/files\/2021\/04\/RS130895_C19A0886-2-scr-753x502.jpeg 753w, https:\/\/semmelweis.hu\/english\/files\/2021\/04\/RS130895_C19A0886-2-scr-203x135.jpeg 203w, https:\/\/semmelweis.hu\/english\/files\/2021\/04\/RS130895_C19A0886-2-scr.jpeg 1200w\" ><\/a><\/div>\r\n                    <\/span>\r\n\r\n                <\/div>\r\n\r\n            <\/div>\r\n\r\n            <span class=\"gallery-item\"><div class=\"hidden\"><a href=\"https:\/\/semmelweis.hu\/english\/files\/2021\/04\/RS130898_C19A0904-2-scr.jpeg\">\r\n        <img src=https:\/\/semmelweis.hu\/english\/files\/2021\/04\/RS130898_C19A0904-2-scr.jpeg alt=\"\" class=\"attachment-sote-gallery-big size-sote-gallery-big\" srcset=\"https:\/\/semmelweis.hu\/english\/files\/2021\/04\/RS130898_C19A0904-2-scr-400x267.jpeg 400w, https:\/\/semmelweis.hu\/english\/files\/2021\/04\/RS130898_C19A0904-2-scr-900x600.jpeg 900w, https:\/\/semmelweis.hu\/english\/files\/2021\/04\/RS130898_C19A0904-2-scr-753x502.jpeg 753w, https:\/\/semmelweis.hu\/english\/files\/2021\/04\/RS130898_C19A0904-2-scr-203x135.jpeg 203w, https:\/\/semmelweis.hu\/english\/files\/2021\/04\/RS130898_C19A0904-2-scr.jpeg 1200w\" >\r\n        <\/a><\/div><\/span>\r\n            <\/div>\r\n\r\n            [\/slb_exclude]\r\n\t\n<div class=\"fontos_div\">\n<p style=\"text-align: justify\">\u201c<span lang=\"en-US\">COVID-19 causes severe pneumonia in <\/span><span lang=\"en-US\">some patients, with severe abnormalities detectable by CT scan. They are <\/span><span lang=\"en-US\">called back <\/span><span lang=\"en-US\">for medical follow-up after their hospitalization, but in many cases, serious complications persist even 6 to 8 weeks after <\/span><span lang=\"en-US\">the <\/span><span lang=\"en-US\">infection. Therefore, <\/span><span lang=\"en-US\">it has become clear that the long term effects of COVID need to be addressed at <\/span><span lang=\"en-US\">a <\/span><span lang=\"en-US\">separate patient care unit\u201d, <\/span><span lang=\"en-US\">Dr. Veronika M\u00fcller, Director of the Department of Pulmonology said.<\/span><\/p>\n<\/div>\n<p style=\"text-align: justify\"><span lang=\"en-US\">It is also known in international scientific literature that interstitial lung diseases, known collectively as pulmonary fibrosis, can persist for months after the infection. Affected patients mainly complain of difficult breathing and, in many cases, sleep disturbances.<\/span><\/p>\n<p style=\"text-align: justify\"><img loading=\"lazy\" decoding=\"async\" class=\"alignright size-full wp-image-25351\" src=\"https:\/\/semmelweis.hu\/english\/files\/2021\/04\/RS125421_C19A6472-scr-1-400x267-1.jpeg\" alt=\"\" width=\"400\" height=\"267\" srcset=\"https:\/\/semmelweis.hu\/english\/files\/2021\/04\/RS125421_C19A6472-scr-1-400x267-1.jpeg 400w, https:\/\/semmelweis.hu\/english\/files\/2021\/04\/RS125421_C19A6472-scr-1-400x267-1-203x135.jpeg 203w\" sizes=\"auto, (max-width: 400px) 100vw, 400px\" \/><span lang=\"en-US\">According to Dr. Veronika M\u00fcller, <\/span><span lang=\"en-US\">post-COVID care involving the lungs may be needed if the complaints persist for m<\/span><span lang=\"en-US\">ore than 6-8 weeks <\/span><span lang=\"en-US\">after<\/span><span lang=\"en-US\"> the infection <\/span><span lang=\"en-US\">or in case the infection<\/span><span lang=\"en-US\"> has caused very severe, extensive pneumonia. Affected patients may be referred<\/span><span lang=\"en-US\"> to the <\/span><span lang=\"en-US\">department<\/span><span lang=\"en-US\"> by a pulmonologist or <\/span><span lang=\"en-US\">assigned<\/span><span lang=\"en-US\"> from the university\u2019s COVID departments after leaving the hospital. Since the start <\/span><span lang=\"en-US\">of post-COVID care, about 8 patients are treated here every week.<\/span><\/p>\n<p style=\"text-align: justify\">\u201c<span lang=\"en-US\">The department&#8217;s examination procedure includes several questionnaires about symptoms during and since COVID, as well as a complex respiratory function test and, if necessary, a cardiopulmonary exercise test. The <a href=\"https:\/\/semmelweis.hu\/english\/2021\/01\/new-ct-supports-covid-patient-care-at-the-department-of-pulmonology\/\" target=\"_blank\" rel=\"noopener noreferrer\">new CT device<\/a>, which has recently been handed over and is operated by the Medical Imaging Centre, is a huge help to the Department of Pulmonology in the field of imaging\u201d, the director highlighted.<\/span><\/p>\n<p style=\"text-align: justify\"><span lang=\"en-US\">Dr. Veronika M\u00fcller considers rehabilitation of utmost importance in the treatment of COVID patients: emphasis should not only be on curing the patients but also on restoring their fitness. The university&#8217;s respiratory exercises can also be of great help.<\/span><\/p>\n<p style=\"text-align: justify\"><span lang=\"en-US\">You can view these exercises here:<\/span><\/p>\n<p><iframe loading=\"lazy\" src=\"https:\/\/www.youtube.com\/embed\/d55z6dbNGMU\" width=\"560\" height=\"315\"><\/iframe><\/p>\n<p style=\"text-align: justify\" align=\"left\">\u00c1d\u00e1m Szab\u00f3<br \/>\nPhoto: Attila Kov\u00e1cs \u2013 Semmelweis University<br \/>\nTranslation: Katalin Ill\u00e9s-Romh\u00e1nyi<\/p>\n","protected":false},"excerpt":{"rendered":"<p>Patients can be assigned here by a pulmonologist or from the university&#8217;s COVID departments after leaving the hospital.<\/p>\n","protected":false},"author":101126,"featured_media":25346,"comment_status":"closed","ping_status":"closed","sticky":false,"template":"","format":"standard","meta":{"_acf_changed":false,"footnotes":""},"categories":[129,2],"tags":[127,196],"class_list":["post-25352","post","type-post","status-publish","format-standard","has-post-thumbnail","hentry","category-health","category-news","tag-coronavirus","tag-covid-patient-care"],"acf":[],"_links":{"self":[{"href":"https:\/\/semmelweis.hu\/english\/wp-json\/wp\/v2\/posts\/25352","targetHints":{"allow":["GET"]}}],"collection":[{"href":"https:\/\/semmelweis.hu\/english\/wp-json\/wp\/v2\/posts"}],"about":[{"href":"https:\/\/semmelweis.hu\/english\/wp-json\/wp\/v2\/types\/post"}],"author":[{"embeddable":true,"href":"https:\/\/semmelweis.hu\/english\/wp-json\/wp\/v2\/users\/101126"}],"replies":[{"embeddable":true,"href":"https:\/\/semmelweis.hu\/english\/wp-json\/wp\/v2\/comments?post=25352"}],"version-history":[{"count":8,"href":"https:\/\/semmelweis.hu\/english\/wp-json\/wp\/v2\/posts\/25352\/revisions"}],"predecessor-version":[{"id":25405,"href":"https:\/\/semmelweis.hu\/english\/wp-json\/wp\/v2\/posts\/25352\/revisions\/25405"}],"wp:featuredmedia":[{"embeddable":true,"href":"https:\/\/semmelweis.hu\/english\/wp-json\/wp\/v2\/media\/25346"}],"wp:attachment":[{"href":"https:\/\/semmelweis.hu\/english\/wp-json\/wp\/v2\/media?parent=25352"}],"wp:term":[{"taxonomy":"category","embeddable":true,"href":"https:\/\/semmelweis.hu\/english\/wp-json\/wp\/v2\/categories?post=25352"},{"taxonomy":"post_tag","embeddable":true,"href":"https:\/\/semmelweis.hu\/english\/wp-json\/wp\/v2\/tags?post=25352"}],"curies":[{"name":"wp","href":"https:\/\/api.w.org\/{rel}","templated":true}]}}