{"id":24392,"date":"2021-02-19T15:58:41","date_gmt":"2021-02-19T14:58:41","guid":{"rendered":"https:\/\/semmelweis.hu\/english\/?p=24392"},"modified":"2021-02-22T13:35:31","modified_gmt":"2021-02-22T12:35:31","slug":"dr-alan-alpar-a-new-impetus-for-the-department-of-anatomy-histology-and-embryology","status":"publish","type":"post","link":"https:\/\/semmelweis.hu\/english\/2021\/02\/dr-alan-alpar-a-new-impetus-for-the-department-of-anatomy-histology-and-embryology\/","title":{"rendered":"Dr. Al\u00e1n Alp\u00e1r: New momentum for the Department of Anatomy, Histology and Embryology"},"content":{"rendered":"<p lang=\"en-US\" style=\"text-align: justify\"><strong>Dr. Al\u00e1n Alp\u00e1r has been the Deputy Head for Scientific Affairs of the Department of Anatomy, Histology and Embryology since 2016. On 1 January, 2021, he took over the leadership of the institution as the successor of Dr. \u00c1goston Sz\u00e9l. As a Department Head, he considers it extremely important for the institution to be able to move forward in the field of education and research, to cultivate its culture and traditions, to strengthen the relationship between lecturers and students, and to further update the subjects taught here. One of his most important goals is to make the organizational unit a dynamic place that would also be attractive to young people. <\/strong><\/p>\n<p lang=\"en-US\" style=\"text-align: justify\"><span lang=\"en-US\"><img loading=\"lazy\" decoding=\"async\" class=\"alignleft size-full wp-image-24388\" src=\"https:\/\/semmelweis.hu\/english\/files\/2021\/02\/RS127938_C19A1238-scr-267x400-1.jpeg\" alt=\"\" width=\"267\" height=\"400\" \/>Anatomy, histology, and embryology appear in all medical and health science trainings at Semmelweis University, right from the beginning of studies. <\/span><span lang=\"en-US\">This is the first complex subject that first year students encounter, <\/span><span lang=\"en-US\">s<\/span><span lang=\"en-US\">imply because they need to learn where the <\/span><span lang=\"en-US\">human organs<\/span><span lang=\"en-US\"> are located, what their structure is <\/span><span lang=\"en-US\">like,<\/span><span lang=\"en-US\"> what their functions are, how they relate to each other. <\/span><\/p>\n<p lang=\"en-US\" style=\"text-align: justify\"><span lang=\"en-US\">&#8220;The amount of the study material and the fact that human organs have Latin names, may be frightening for many students in the beginning, but most of them not only pass the exams but begin to like it. <\/span><span lang=\"en-US\">T<\/span><span lang=\"en-US\">he study material is very logical, and it is much more tangible than other theoretical <\/span><span lang=\"en-US\">sub<\/span><span lang=\"en-US\">jects: <\/span><span lang=\"en-US\">students can get hands-on knowledge in the autopsy room and by using microscopes. <\/span><span lang=\"en-US\">T<\/span><span lang=\"en-US\">hose who fail their exams on the first <\/span><span lang=\"en-US\">attempt<\/span><span lang=\"en-US\">, usually admit to themselves that they <\/span><span lang=\"en-US\">had <\/span><span lang=\"en-US\">not prepared for the exam properly. <\/span><span lang=\"en-US\">I<\/span><span lang=\"en-US\">f someone takes the time and energy, they can meet the requirements.\u201d, <\/span><span lang=\"en-US\">said Dr. Al\u00e1n Alp\u00e1r, Head of the Department of Anatomy, Histology and Embryology, as well as Vice-Rector for International Studies.<\/span><\/p>\n<p lang=\"en-US\" style=\"text-align: justify\"><span lang=\"en-US\">According to Dr. Al\u00e1n Alp\u00e1r, the fears of the students are <\/span><span lang=\"en-US\">caused by the old <\/span><span lang=\"en-US\">patterns<\/span><span lang=\"en-US\">, when the education at the department <\/span><span lang=\"en-US\">used to be <\/span><span lang=\"en-US\">more reserved and restrained, but in <\/span><span lang=\"en-US\">the <\/span><span lang=\"en-US\">recent years there has been a change. <\/span><span lang=\"en-US\">There are excellent educators, who work together with the students and they transfer knowledge in a colorful, interesting way, with the most modern tools. T<\/span><span lang=\"en-US\">raining at the department is not only about teaching anatomy, histology and embryology. Students also need to be educated and their views on the science of medicine need to be shaped in order to provide them with a solid theoretical basis to successfully continue their studies in the preclinical and clinical subjects. Part of this practice is high-quality assessment.<br \/>\n<\/span><\/p>\n<p lang=\"en-US\" style=\"text-align: justify\"><span lang=\"en-US\">Dr. Al\u00e1n Alp\u00e1r began his studies at Semmelweis University in 1991. Originally, his goal was to return to his hometown of Szombathely as a GP after graduating.<\/span><\/p>\n<p lang=\"en-US\" style=\"text-align: justify\">\u201c<span lang=\"en-US\">I came here to study, and it is no exaggeration to say that I was immediately fascinated. The training at this department was captivating with its beauty, the magic of the Latin language, the music of medicine right from the beginning. Anatomy, histology and embryology have an atmosphere. I like evident, transparent, crystal clear things, and this subject is exactly like that: black is black and white is white. In addition, I had excellent, professionally impeccable teachers and all these experiences helped me decide on my choice of profession\u201d, said Dr. Al\u00e1n Alp\u00e1r.<\/span><\/p>\n<p lang=\"en-US\" style=\"text-align: justify\"><span lang=\"en-US\">In 2012, he habilitated at Karolinska Institute in Stockholm, after which he was also offered a job in Sweden, Vienna and at other Hungarian medical universities, but he chose the alma mater, Semmelweis University.<\/span><\/p>\n<p lang=\"en-US\" style=\"text-align: justify\">\u201c<span lang=\"en-US\">I received a great deal here, and I felt like I had to turn it all back here\u201d, recalled Dr. Al\u00e1n Alp\u00e1r.<\/span><\/p>\n<p lang=\"en-US\" style=\"text-align: justify\"><span lang=\"en-US\">Since 2016, he has been Deputy Head for Scientific Affairs of the Department of Anatomy, Histology and Embryology, and since 1 January, 2021, he has been the Head of the Department. Regarding his appointment, he said that he feels the weight of responsibility and also that he needs to change pace. The institute was one of the five founding institutes of the university, which was started as a medical faculty at that time, and the marble plaque in the building listing former directors is full of internationally significant professors such as Mih\u00e1ly Lenhoss\u00e9k, Tivadar Huzella or J\u00e1nos Szent\u00e1gothai.<\/span><\/p>\n<p lang=\"en-US\" style=\"text-align: justify\"><img loading=\"lazy\" decoding=\"async\" class=\"aligncenter size-full wp-image-24389\" src=\"https:\/\/semmelweis.hu\/english\/files\/2021\/02\/RS127936_C19A1226-scr.jpeg\" alt=\"\" width=\"1200\" height=\"773\" srcset=\"https:\/\/semmelweis.hu\/english\/files\/2021\/02\/RS127936_C19A1226-scr.jpeg 1200w, https:\/\/semmelweis.hu\/english\/files\/2021\/02\/RS127936_C19A1226-scr-400x258.jpeg 400w, https:\/\/semmelweis.hu\/english\/files\/2021\/02\/RS127936_C19A1226-scr-900x580.jpeg 900w, https:\/\/semmelweis.hu\/english\/files\/2021\/02\/RS127936_C19A1226-scr-753x485.jpeg 753w\" sizes=\"auto, (max-width: 1200px) 100vw, 1200px\" \/>\u201cIt is normal to feel admiration <span lang=\"en-US\">when reading such names, but at the same time I also feel that I have be able to head the department. I started my career from here, I was educated here and I have been known and supported by the people working here. That is why I am embarking on this new challenge with a calm heart\u201d, Dr. Al\u00e1n Alp\u00e1r said.<\/span><\/p>\n<p lang=\"en-US\" style=\"text-align: justify\"><span lang=\"en-US\">As a department head, one of his main goals is for the institute to move forward dynamically by understanding and nurturing the culture and values of anatomy, histology and embryology and to make\u00a0 its usefulness in medical education as widely recognize as possible. To this end, he will try to establish an even more direct relationship with students: based on their feedback, the curricula are constantly being revised and shaped so that it gets even closer to the students. Dr. Al\u00e1n Alp\u00e1r is currently working on a new anatomical atlas, which will not only reinterpret the subject by incorporating the approach of imaging diagnostics and clinical application, but they will try to create diagrams and illustrations with the help of the institute&#8217;s preparator and artist that will make learning easier. The main emphasis was also on the interests of the students when education was organized during the first wave of the coronavirus epidemic.<\/span><\/p>\n<p lang=\"en-US\" style=\"text-align: justify\">\u201c<span lang=\"en-US\">Practical education was not obligatory for theoretical subjects, but at the request of our students we opened our autopsy rooms in compliance with epidemiological regulations. It was an incredible task to organize for nearly 2,000 students to make up for the missed practical training at the end of the summer, and then to organize their practical courses in this form from September. With the help of the professional and exemplary attitude of the colleagues working here, we succeeded.\u201d, Dr. Al\u00e1n Alp\u00e1r highlighted.<\/span><\/p>\n<p lang=\"en-US\" style=\"text-align: justify\"><span lang=\"en-US\">He also added that Dr. <\/span><span lang=\"en-US\">B\u00e9la Merkely also provided continuous support, as <\/span><span lang=\"en-US\">the Rector <\/span><span lang=\"en-US\">also <\/span><span lang=\"en-US\">considers <\/span><span lang=\"en-US\">the relationship between lecturers and students, <\/span><span lang=\"en-US\">as well as training requiring personal attendance of utmost importance.<\/span><\/p>\n<figure id=\"attachment_24390\" aria-describedby=\"caption-attachment-24390\" style=\"width: 753px\" class=\"wp-caption aligncenter\"><img loading=\"lazy\" decoding=\"async\" class=\"size-full wp-image-24390\" src=\"https:\/\/semmelweis.hu\/english\/files\/2021\/02\/RS44273_KA-20160202-IMG_3867-scr-753x502-1.jpeg\" alt=\"\" width=\"753\" height=\"502\" srcset=\"https:\/\/semmelweis.hu\/english\/files\/2021\/02\/RS44273_KA-20160202-IMG_3867-scr-753x502-1.jpeg 753w, https:\/\/semmelweis.hu\/english\/files\/2021\/02\/RS44273_KA-20160202-IMG_3867-scr-753x502-1-400x267.jpeg 400w, https:\/\/semmelweis.hu\/english\/files\/2021\/02\/RS44273_KA-20160202-IMG_3867-scr-753x502-1-203x135.jpeg 203w\" sizes=\"auto, (max-width: 753px) 100vw, 753px\" \/><figcaption id=\"caption-attachment-24390\" class=\"wp-caption-text\">Education at the Department of Anatomy, Histology and Embryology (illustration) &#8211; photo by Attila Kov\u00e1cs, Semmelweis University<\/figcaption><\/figure>\n<p lang=\"en-US\" style=\"text-align: justify\"><span lang=\"en-US\">According to Dr. Al\u00e1n Alp\u00e1r, reinforcing the scientific work of the institute is also an important task for him as department head. He specifically highlighted helping young researchers in advancing. As a Deputy Head for Scientific Affairs, while working together with his predecessor, Dr. \u00c1goston Sz\u00e9l, an in-house competition was announced, which award the two winners with support for their scientific work for three years. He considers it equally important to develop the tools and technical infrastructure of the institute, to attract talented teachers and researchers, and to retain those currently working here.<\/span><\/p>\n<p lang=\"en-US\" style=\"text-align: justify\">\u201c<span lang=\"en-US\">There is a huge struggle for human resources, and here at the Department of Anatomy, Histology and Embryology, we have to see who we can educate as an anatomist starting from their first academic year as students. Then we must constantly strive to provide new opportunities for our employees, to give them the necessary support, but also to give them independence\u201d, Dr. Al\u00e1n Alp\u00e1r said.<\/span><\/p>\n<figure id=\"attachment_24391\" aria-describedby=\"caption-attachment-24391\" style=\"width: 753px\" class=\"wp-caption aligncenter\"><img loading=\"lazy\" decoding=\"async\" class=\"size-full wp-image-24391\" src=\"https:\/\/semmelweis.hu\/english\/files\/2021\/02\/RS10745_KA-20140131-IMG_5739-humanmorfologia-boncolas-scr-753x502-1.jpeg\" alt=\"\" width=\"753\" height=\"502\" srcset=\"https:\/\/semmelweis.hu\/english\/files\/2021\/02\/RS10745_KA-20140131-IMG_5739-humanmorfologia-boncolas-scr-753x502-1.jpeg 753w, https:\/\/semmelweis.hu\/english\/files\/2021\/02\/RS10745_KA-20140131-IMG_5739-humanmorfologia-boncolas-scr-753x502-1-400x267.jpeg 400w, https:\/\/semmelweis.hu\/english\/files\/2021\/02\/RS10745_KA-20140131-IMG_5739-humanmorfologia-boncolas-scr-753x502-1-203x135.jpeg 203w\" sizes=\"auto, (max-width: 753px) 100vw, 753px\" \/><figcaption id=\"caption-attachment-24391\" class=\"wp-caption-text\">Education at the Department of Anatomy, Histology and Embryology (illustration) &#8211; photo by Attila Kov\u00e1cs, Semmelweis University<\/figcaption><\/figure>\n<p lang=\"en-US\" style=\"text-align: justify\"><span lang=\"en-US\">Dr. Al\u00e1n Alp\u00e1r has had an outstanding relationship with his predecessor, Dr. \u00c1goston Sz\u00e9l. They have worked together since 2016, when the Department of Anatomy, Histology and Embriology was set up with the merger of two anatomy institutes.<br \/>\n<\/span><\/p>\n<p lang=\"en-US\" style=\"text-align: justify\">\u201c<span lang=\"en-US\">Dr. \u00c1goston Sz\u00e9l has always been supportive and honored me with his trust, which enabled a seamless transfer of leadership.\u201d, he added.<\/span><\/p>\n<p lang=\"en-US\" style=\"text-align: justify\"><span lang=\"en-US\">As <\/span><span lang=\"en-US\">department head<\/span><span lang=\"en-US\">, he will strive to achieve similar empathy, while aiming to preserve the values <\/span><span lang=\"en-US\">o<\/span><span lang=\"en-US\">f the institute and become a fresh and youthful place that is also attractive to young people by providing them with support here, trust, predictability and transparency.<\/span><\/p>\n<p style=\"text-align: justify\">\u00c1d\u00e1m Szab\u00f3<br \/>\nPhoto: Attila Kov\u00e1cs \u2013 Semmelweis University<br \/>\nTranslation: Katalin Ill\u00e9s-Romh\u00e1nyi<\/p>\n","protected":false},"excerpt":{"rendered":"<p>One of his most important goals is to make the organizational unit a dynamic place that would also be attractive to young people.<\/p>\n","protected":false},"author":101126,"featured_media":24387,"comment_status":"closed","ping_status":"closed","sticky":false,"template":"","format":"standard","meta":{"_acf_changed":false,"footnotes":""},"categories":[17],"tags":[39],"class_list":["post-24392","post","type-post","status-publish","format-standard","has-post-thumbnail","hentry","category-semmelweis-world","tag-interview"],"acf":[],"_links":{"self":[{"href":"https:\/\/semmelweis.hu\/english\/wp-json\/wp\/v2\/posts\/24392","targetHints":{"allow":["GET"]}}],"collection":[{"href":"https:\/\/semmelweis.hu\/english\/wp-json\/wp\/v2\/posts"}],"about":[{"href":"https:\/\/semmelweis.hu\/english\/wp-json\/wp\/v2\/types\/post"}],"author":[{"embeddable":true,"href":"https:\/\/semmelweis.hu\/english\/wp-json\/wp\/v2\/users\/101126"}],"replies":[{"embeddable":true,"href":"https:\/\/semmelweis.hu\/english\/wp-json\/wp\/v2\/comments?post=24392"}],"version-history":[{"count":10,"href":"https:\/\/semmelweis.hu\/english\/wp-json\/wp\/v2\/posts\/24392\/revisions"}],"predecessor-version":[{"id":24413,"href":"https:\/\/semmelweis.hu\/english\/wp-json\/wp\/v2\/posts\/24392\/revisions\/24413"}],"wp:featuredmedia":[{"embeddable":true,"href":"https:\/\/semmelweis.hu\/english\/wp-json\/wp\/v2\/media\/24387"}],"wp:attachment":[{"href":"https:\/\/semmelweis.hu\/english\/wp-json\/wp\/v2\/media?parent=24392"}],"wp:term":[{"taxonomy":"category","embeddable":true,"href":"https:\/\/semmelweis.hu\/english\/wp-json\/wp\/v2\/categories?post=24392"},{"taxonomy":"post_tag","embeddable":true,"href":"https:\/\/semmelweis.hu\/english\/wp-json\/wp\/v2\/tags?post=24392"}],"curies":[{"name":"wp","href":"https:\/\/api.w.org\/{rel}","templated":true}]}}