{"id":24173,"date":"2021-02-05T14:33:03","date_gmt":"2021-02-05T13:33:03","guid":{"rendered":"https:\/\/semmelweis.hu\/english\/?p=24173"},"modified":"2021-02-05T14:33:03","modified_gmt":"2021-02-05T13:33:03","slug":"semmelweis-university-foundation-received-a-donation-of-four-million-forints-for-epidemic-control","status":"publish","type":"post","link":"https:\/\/semmelweis.hu\/english\/2021\/02\/semmelweis-university-foundation-received-a-donation-of-four-million-forints-for-epidemic-control\/","title":{"rendered":"Semmelweis University Foundation received a donation of four million forints for epidemic control"},"content":{"rendered":"<p style=\"text-align: justify\"><strong>Semmelweis University Foundation spent the four million forints offered by Lurdy H\u00e1z Ltd. as a donation on the acquisition of the necessary equipment for COVID patient care. The donation was symbolically handed to Dr. Attila Szab\u00f3, Vice-Rector for Clinical Affairs and Ir\u00e9n Baumgartnern\u00e9 Holl\u00f3, Director General for Economy by Dr. Stephen Szakal, the Managing Director of the shopping and office center and Fanni Zwichl, Marketing and Communications Manager.<\/strong><strong>\u00a0<\/strong><\/p>\n<p style=\"text-align: justify\">As one of the largest patient care institutions in the country, Semmelweis University has been playing a key role in the fight against COVID-19 since the onset of the epidemic. 21 departments of the university are involved in the health care of coronavirus patients.<\/p>\n<p style=\"text-align: justify\">\u201cCurrently the institution takes care of about 500 COVID patients with a positive test result and patients suspected of coronavirus infection per day; this number was 650 at the peak of the epidemic\u201d, said Dr. Attila Szab\u00f3, Vice-Rector for Clinical Affairs and President of the Clinical Centre on the occasion of receiving the donation offered by Lurdy H\u00e1z Ltd.<\/p>\n<p style=\"text-align: justify\"><a href=\"https:\/\/semmelweis.hu\/english\/files\/2021\/02\/RS127870_C19A0875-Edit-scr.jpg\"><img loading=\"lazy\" decoding=\"async\" class=\"aligncenter size-full wp-image-24171\" src=\"https:\/\/semmelweis.hu\/english\/files\/2021\/02\/RS127870_C19A0875-Edit-scr.jpg\" alt=\"\" width=\"1200\" height=\"800\" srcset=\"https:\/\/semmelweis.hu\/english\/files\/2021\/02\/RS127870_C19A0875-Edit-scr.jpg 1200w, https:\/\/semmelweis.hu\/english\/files\/2021\/02\/RS127870_C19A0875-Edit-scr-400x267.jpg 400w, https:\/\/semmelweis.hu\/english\/files\/2021\/02\/RS127870_C19A0875-Edit-scr-900x600.jpg 900w, https:\/\/semmelweis.hu\/english\/files\/2021\/02\/RS127870_C19A0875-Edit-scr-753x502.jpg 753w, https:\/\/semmelweis.hu\/english\/files\/2021\/02\/RS127870_C19A0875-Edit-scr-203x135.jpg 203w\" sizes=\"auto, (max-width: 1200px) 100vw, 1200px\" \/><\/a>In addition to the university staff, the Vice-Rector for Clinical Affairs also expressed his gratitude on behalf of the patients being treated at the departments of the university for the support.<\/p>\n<p style=\"text-align: justify\">\u201cThe donation of four million forints will be used by the university&#8217;s foundation to purchase protective equipment and other equipment related to COVID patient care, which is also needed for the students\u2019 practical education. The amount will be used to buy surgical masks, gloves, as well as syringes and needles for vaccination for the university&#8217;s COVID departments\u201d, said Ir\u00e9n Baumgartnern\u00e9 Holl\u00f3, Director-General for Economy, Board Member of Semmelweis University Foundation.<\/p>\n<p style=\"text-align: justify\">According to the Director-General for Economy, the primary goal of Semmelweis University Foundation is to support education and health care, as well as to help students with outstanding academic performance.<\/p>\n<p style=\"text-align: justify\">\u201cThe choice of Lurdy H\u00e1z Ltd. fell on Semmelweis University due to its outstanding performance conducted during the pandemic\u201d, said Fanni Zwichl, Marketing and Communications Manager.<\/p>\n<p style=\"text-align: justify\">Each year, the company offers a certain portion of its profits for charitable purposes that it considers the most important. In previous years, sick children and disadvantaged children were supported with their donations. This year, they thought that they could contribute best to improving the current epidemic situation in this form.<\/p>\n<p>Zsuzsa Borb\u00e9ly \u2013P\u00e1lma Dobozi<br \/>\nPhoto: Attila Kov\u00e1cs \u2013 Semmelweis University<br \/>\nTranslation: Katalin Ill\u00e9s-Romh\u00e1nyi<\/p>\n","protected":false},"excerpt":{"rendered":"<p>The donation will be used by the university&#8217;s foundation to purchase protective equipment and other equipment related to COVID patient care.<\/p>\n","protected":false},"author":101126,"featured_media":24172,"comment_status":"closed","ping_status":"closed","sticky":false,"template":"","format":"standard","meta":{"_acf_changed":false,"footnotes":""},"categories":[129],"tags":[200,127,157],"class_list":["post-24173","post","type-post","status-publish","format-standard","has-post-thumbnail","hentry","category-health","tag-charity","tag-coronavirus","tag-covid-19"],"acf":[],"_links":{"self":[{"href":"https:\/\/semmelweis.hu\/english\/wp-json\/wp\/v2\/posts\/24173","targetHints":{"allow":["GET"]}}],"collection":[{"href":"https:\/\/semmelweis.hu\/english\/wp-json\/wp\/v2\/posts"}],"about":[{"href":"https:\/\/semmelweis.hu\/english\/wp-json\/wp\/v2\/types\/post"}],"author":[{"embeddable":true,"href":"https:\/\/semmelweis.hu\/english\/wp-json\/wp\/v2\/users\/101126"}],"replies":[{"embeddable":true,"href":"https:\/\/semmelweis.hu\/english\/wp-json\/wp\/v2\/comments?post=24173"}],"version-history":[{"count":2,"href":"https:\/\/semmelweis.hu\/english\/wp-json\/wp\/v2\/posts\/24173\/revisions"}],"predecessor-version":[{"id":24181,"href":"https:\/\/semmelweis.hu\/english\/wp-json\/wp\/v2\/posts\/24173\/revisions\/24181"}],"wp:featuredmedia":[{"embeddable":true,"href":"https:\/\/semmelweis.hu\/english\/wp-json\/wp\/v2\/media\/24172"}],"wp:attachment":[{"href":"https:\/\/semmelweis.hu\/english\/wp-json\/wp\/v2\/media?parent=24173"}],"wp:term":[{"taxonomy":"category","embeddable":true,"href":"https:\/\/semmelweis.hu\/english\/wp-json\/wp\/v2\/categories?post=24173"},{"taxonomy":"post_tag","embeddable":true,"href":"https:\/\/semmelweis.hu\/english\/wp-json\/wp\/v2\/tags?post=24173"}],"curies":[{"name":"wp","href":"https:\/\/api.w.org\/{rel}","templated":true}]}}