{"id":23438,"date":"2020-11-30T14:44:41","date_gmt":"2020-11-30T13:44:41","guid":{"rendered":"https:\/\/semmelweis.hu\/english\/?p=23438"},"modified":"2020-11-30T14:55:00","modified_gmt":"2020-11-30T13:55:00","slug":"pulmonary-diseases-in-the-focus-at-the-online-event-of-semmelweis-health-days-held-in-november","status":"publish","type":"post","link":"https:\/\/semmelweis.hu\/english\/2020\/11\/pulmonary-diseases-in-the-focus-at-the-online-event-of-semmelweis-health-days-held-in-november\/","title":{"rendered":"Pulmonary diseases in the focus at the online event of Semmelweis Health Days held in November"},"content":{"rendered":"<p align=\"justify\"><strong><span style=\"font-size: large\"><span lang=\"en-US\">The online event of Semmelweis Health Days, organized by the Department of Pulmonology on November 26 was focusing on the harmful effects of smoking, asthma, allergies, coronavirus, malignant lung cancer as well as the emotional support provided to patients with cancer. Based on the preliminary registrations, more than 2,200 people registered for the nine presentations held by the department, out of which three were already full prior to the end of the deadline of online registration.<\/span><\/span><\/strong><\/p>\n<p align=\"justify\">\u201c<span style=\"font-size: large\"><span lang=\"en-US\">In the course of the program series of Semmelweis Health Days, we aimed at demonstrating the most important pulmonary diseases, their diagnostics and therap<\/span><\/span><span style=\"font-size: large\"><span lang=\"en-US\">ies<\/span><\/span><span style=\"font-size: large\"><span lang=\"en-US\">. Besides malignant lung cancer, asthma and Chronic Obstructive Pulmonary Disease (COPD), we cannot omit coronavirus <\/span><\/span><span style=\"font-size: large\"><span lang=\"en-US\">from the list, which has particular relevance these days\u201d, emphasized Dr. Veronika M\u00fcller, professor, head of the Department of Pulmonology.<\/span><\/span><\/p>\n<p align=\"justify\"><span style=\"font-size: large\"><span lang=\"en-US\">The organizers aimed at creating interactive presentations even in the framework of the online event, thus they provided opportunity for consultations at the end of each presentation \u2013 the professor highlighted.<\/span><\/span><\/p>\n<p align=\"justify\"><span style=\"font-size: large\"><span lang=\"en-US\"><img loading=\"lazy\" decoding=\"async\" class=\"alignleft size-full wp-image-23436\" src=\"https:\/\/semmelweis.hu\/english\/files\/2020\/11\/RS126274_K\u00e9perny\u0151fot\u00f3-2020-11-26-16.06.02-scr-400x271-1.jpg\" alt=\"\" width=\"400\" height=\"271\" srcset=\"https:\/\/semmelweis.hu\/english\/files\/2020\/11\/RS126274_K\u00e9perny\u0151fot\u00f3-2020-11-26-16.06.02-scr-400x271-1.jpg 400w, https:\/\/semmelweis.hu\/english\/files\/2020\/11\/RS126274_K\u00e9perny\u0151fot\u00f3-2020-11-26-16.06.02-scr-400x271-1-175x120.jpg 175w\" sizes=\"auto, (max-width: 400px) 100vw, 400px\" \/>Dr. Brigitta Dombai, resident started her presentation with a short historic outlook, and<\/span><\/span> <span style=\"font-size: large\"><span lang=\"en-US\">besides smoking,<\/span><\/span> <span style=\"font-size: large\"><span lang=\"en-US\">she also talked about the harmful and tumour-inducing effects of alternative tobacco products, especially focusing on hookah and e-cigarette. Even if hookah <\/span><\/span><span style=\"font-size: large\"><span lang=\"en-US\">smoking<\/span><\/span><span style=\"font-size: large\"><span lang=\"en-US\"> is an occasional community program, but the rate of becoming <\/span><\/span><span style=\"font-size: large\"><span lang=\"en-US\">cigarette <\/span><\/span><span style=\"font-size: large\"><span lang=\"en-US\">smokers <\/span><\/span><span style=\"font-size: large\"><span lang=\"en-US\">in the end<\/span><\/span><span style=\"font-size: large\"><span lang=\"en-US\"> is eight times more frequent for those young people who try hookah. <\/span><\/span><span style=\"font-size: large\"><span lang=\"en-US\">According to the presentation, there are 4,000 chemical substance present in cigarette smoke, of which one tenth are proven to have harmful effects on health and these can be equally found in alternative tobacco products as well. For example nicotine is one of them, which is known for <\/span><\/span><span style=\"font-size: large\"><span lang=\"en-US\">rising the <\/span><\/span><span style=\"font-size: large\"><span lang=\"en-US\">blood pressure, as well as <\/span><\/span><span style=\"font-size: large\"><span lang=\"en-US\">for its<\/span><\/span><span style=\"font-size: large\"><span lang=\"en-US\"> cardio-vascular, tumour-inducing and embryotoxic effects. <\/span><\/span><span style=\"font-size: large\"><span lang=\"en-US\">Even though the statistics related to smoking in Hungary have improved during the recent past years, but it is important to know that those people who smoke more than 10 cigarettes a day, may live 5-10 years less as opposed to non-smokers \u2013 pointed out Dr. Dombai.<\/span><\/span><\/p>\n<p align=\"justify\"><span style=\"font-size: large\"><span lang=\"en-US\">Dr. Gy\u00f6rgy Losonczy, professor talked about malignant lung cancer and its new treatment opportunities in his presentation. <\/span><\/span><span style=\"font-size: large\"><span lang=\"en-US\">He highlighted that smoking is t<\/span><\/span><span style=\"font-size: large\"><span lang=\"en-US\">he most common cause of malignant lung cancer <\/span><\/span><span style=\"font-size: large\"><span lang=\"en-US\">and he demonstrated in pictures how the healthy bronchial epithelium transforms into a tumorous bronchial epithelium. Professor Losonczy also talked about the most frequent symptoms of malignant lung cancer (such as coughing, dyspnea, weight loss, loss of appetite), which are non-specific and do not cause pain, therefore the disease is detected only at a later stage. This leads to the fact that 70% of the cases are diagnosed at an advanced stage of the disease. Beyond chemotherapy, which has several <\/span><\/span><span style=\"font-size: large\"><span lang=\"en-US\">side effects, there are two therapies with the help of which the deadly disease may be \u2018tamed\u2019 into a chronic disease: molecular targeted therapy has been available since 2008 in the treatment of metastatic lung cancer, and immunotherapy has been a <\/span><\/span><span style=\"font-size: large\"><span lang=\"en-US\">treatment<\/span><\/span><span style=\"font-size: large\"><span lang=\"en-US\"> opportunity since 2017 &#8211; t<\/span><\/span><span style=\"font-size: large\"><span lang=\"en-US\">he professor of oncology and pulmonology <\/span><\/span><span style=\"font-size: large\"><span lang=\"en-US\">emphasized.<\/span><\/span><\/p>\n<p align=\"justify\"><span style=\"font-size: large\"><span lang=\"en-US\"><img loading=\"lazy\" decoding=\"async\" class=\"alignright size-full wp-image-23437\" src=\"https:\/\/semmelweis.hu\/english\/files\/2020\/11\/RS126278_K\u00e9perny\u0151fot\u00f3-2020-11-26-16.47.36-scr-1-400x214-1.jpg\" alt=\"\" width=\"400\" height=\"214\" \/>In her presentation, Dr. Orsolya G\u0151bel, psychologist provided support for the relatives of patients with cancer in how to help well in such a difficult situation. She talked about the phases of the disease in details: in the course of the disease first there is refusal <\/span><\/span><span style=\"font-size: large\"><span lang=\"en-US\">in the patient<\/span><\/span><span style=\"font-size: large\"><span lang=\"en-US\">, <\/span><\/span><span style=\"font-size: large\"><span lang=\"en-US\">then<\/span><\/span> <span style=\"font-size: large\"><span lang=\"en-US\">comes <\/span><\/span><span style=\"font-size: large\"><span lang=\"en-US\">fury, anger, <\/span><\/span><span style=\"font-size: large\"><span lang=\"en-US\">rebellion, protest, bargaining, depression, gloom and finally acceptance. It is very important for the person concerned to make new plans in his\/her life, and for the surrounding family members to understand that the patient needs our help to be able to help himself\/herself. In the course of the fight with the disease, only 50% is the medical treatment, the remaining 50% can be added by the patient himself\/herself. For the exceptionally challenging difficulties of the last period, <\/span><\/span><span style=\"font-size: large\"><span lang=\"en-US\">she advised the following: this is the time for the phrasing of the unspoken words, the tears, opening up in front of each other, expressing gratitude and thankfulness.<\/span><\/span><\/p>\n<p align=\"justify\"><span style=\"font-size: large\"><span lang=\"en-US\">Dr. Tam\u00e1s Erd\u00e9lyi, resident presented useful information about allergies. The unpleasant symptoms are most commonly caused by pollen, but many people are allergic to dog or cat hair, or even to an insect. In the course of an allergy caused by animal hair it is not the hair that triggers an unpleasant reaction, but such protein, which spreads with the animal\u2019s detached epithelial cells, saliva and urine, while in the case of dust mite, the insect\u2019s feces is the main allergen.<\/span><\/span><\/p>\n<p align=\"justify\"><span style=\"font-size: large\"><span lang=\"en-US\">The presentation providing support for asthmatic patients was compiled by Dr. Lilla Tam\u00e1si professor, and was held by Lilla Koch 6<\/span><\/span><sup><span style=\"font-size: large\"><span lang=\"en-US\">th<\/span><\/span><\/sup><span style=\"font-size: large\"><span lang=\"en-US\"> year university student. She elaborated on the typical symptoms of the disease and the steps of the examination. Providing a diagnosis referring to asthma can be done by a pulmonologist based on pulmonary function tests in the case of typical symptoms \u2013 said she. <\/span><\/span><span style=\"font-size: large\"><span lang=\"en-US\">She also <\/span><\/span><span style=\"font-size: large\"><span lang=\"en-US\">mentioned<\/span><\/span><span style=\"font-size: large\"><span lang=\"en-US\"> that t<\/span><\/span><span style=\"font-size: large\"><span lang=\"en-US\">he disease <\/span><\/span><span style=\"font-size: large\"><span lang=\"en-US\">may<\/span><\/span><span style=\"font-size: large\"><span lang=\"en-US\"> be related to an allergenic factor. <\/span><\/span><span style=\"font-size: large\"><span lang=\"en-US\">She reassured those who are concerned: the examination <\/span><\/span><span style=\"font-size: large\"><span lang=\"en-US\">is painless.<\/span><\/span><\/p>\n<p lang=\"en-US\" align=\"justify\"><span style=\"font-size: large\">Dr. Anik\u00f3 Boh\u00e1cs, associate professor presented the inhalation therapies, which represent the basics for treatments of obstructive pulmonary diseases (asthma, COPD). Inhalation therapies have significantly fewer side effects as opposed to a treatment when these were used in the form of tablets for oral administration. In case of certain diseases, antibiotics and cough syrup can also be applied in inhalation, however the inhalation of irritant preparations may be harmful for the respiratory track \u2013 said she.<\/span><\/p>\n<p lang=\"en-US\" align=\"justify\"><span style=\"font-size: large\"><img loading=\"lazy\" decoding=\"async\" class=\"alignleft size-full wp-image-23435\" src=\"https:\/\/semmelweis.hu\/english\/files\/2020\/11\/RS126270_K\u00e9p2-400x225-1.jpg\" alt=\"\" width=\"400\" height=\"225\" \/>In her presentation focusing on the role of Semmelweis University, Dr. Veronika M\u00fcller, professor, head of the Department of Pulmonology talked about the emergence of COVID-19 disease in Hungary and about its symptoms. She highlighted that COVID-19 patient care is multidisciplinary, in which the medical doctors and health care personnel of several professions participate. Dr. M\u00fcller presented a short film as well, with which she aimed at illustrating the significance of the work performed by the participants of COVID-19 patient care, starting from the cleaning personnel to physiotherapists. The event participants had the opportunity to see how the medical staff put on their protective clothing before entering the red zone, and how disinfection is performed after the exit from the zone. Professor M\u00fcller also talked about the available therapeutic opportunities, namely remdesivir and favipiravir, and she emphasized that these are applied at the department with caution. Furthermore, she provided useful advice about what to do when someone is infected and has to stay at home. For example, it is important to drink a lot of liquid, to rest, to take vitamins, and to reduce the temperature if necessary. In case of general emergency symptoms (such as deteriorating dyspnea, impaired vision, speech disorder, chest pain, persistent vomiting), the patient\u2019s hospitalization may be required. According to Dr. M\u00fcller, while in quarantine, breathing gymnastics are recommended instead of doing very intensive physical activities. The feeling of fatigue may remain for a significant period of time in the case of 53% of those patients who encountered with the infection, even after the disease is already over \u2013 said she.<\/span><\/p>\n<p lang=\"en-US\" align=\"justify\"><span style=\"font-size: large\">Dr. Lilla B\u00fcdi, resident talked about the history, types and significance of vaccination. In her presentation she emphasized that vaccinations save the lives of 2-3 million people worldwide every year. In Hungary, the vaccination coverage related to children\u2019s mandatory vaccinations is 98%, which is considered to be outstanding. She highlighted the flu vaccination out of the vaccinations related to respiratory infections: it is recommended for everyone, since the course of the disease can be alleviated with this and the complications can be prevented. As regards the vaccination for COVID-19, she informed the participants that currently there are 48 clinical trials in progress, and the vaccination may be available in the first half of the year 2021.<\/span><\/p>\n<p lang=\"en-US\" align=\"justify\"><span style=\"font-size: large\">The closing presentation of the program was held by Dr. Gy\u00f6ngyi Cs\u00f3sza, cardiologist, during which she presented the causes and treatment of exercise-induced shortness of breath. Since this symptom can be caused by several different diseases, this makes the diagnostic process harder \u2013 said she. Beyond respiratory disorders, circulatory problems and other diseases such as anemia or thyroid problems can be in the background. The symptom is not always caused by a disease: exercise-induced shortness of breath can emerge in case of a larger physical activity, at higher altitudes and in case of obesity \u2013 pointed out Dr. Cs\u00f3sza. She mentioned a rare disease, called pulmonary hypertension, which mostly affects young people: it is a disease when there is an anomaly in the pulmonary vessels and this leads to a shortness of breath. The therapy focuses on the treatment of the underlying disease and the amelioration of condition, in case there is no contraindication.<\/span><\/p>\n<p align=\"justify\"><span style=\"font-size: large\"><span lang=\"en-US\">The Semmelweis Health Days program series will presumably be continued in 2021 February.<\/span><\/span><\/p>\n<p><span style=\"font-size: large\">Orsolya D\u00e1vid <br \/>\nPhoto: Attila Kov\u00e1cs \u2013 Semmelweis University<br \/>\nTranslation: Katalin Ill\u00e9s-Romh\u00e1nyi<\/span><\/p>\n","protected":false},"excerpt":{"rendered":"<p>The online event was focusing on the harmful effects of smoking, asthma, allergies, coronavirus and malignant lung cancer.<\/p>\n","protected":false},"author":101126,"featured_media":23434,"comment_status":"closed","ping_status":"closed","sticky":false,"template":"","format":"standard","meta":{"_acf_changed":false,"footnotes":""},"categories":[129],"tags":[84],"class_list":["post-23438","post","type-post","status-publish","format-standard","has-post-thumbnail","hentry","category-health","tag-semmelweis-health-days"],"acf":[],"_links":{"self":[{"href":"https:\/\/semmelweis.hu\/english\/wp-json\/wp\/v2\/posts\/23438","targetHints":{"allow":["GET"]}}],"collection":[{"href":"https:\/\/semmelweis.hu\/english\/wp-json\/wp\/v2\/posts"}],"about":[{"href":"https:\/\/semmelweis.hu\/english\/wp-json\/wp\/v2\/types\/post"}],"author":[{"embeddable":true,"href":"https:\/\/semmelweis.hu\/english\/wp-json\/wp\/v2\/users\/101126"}],"replies":[{"embeddable":true,"href":"https:\/\/semmelweis.hu\/english\/wp-json\/wp\/v2\/comments?post=23438"}],"version-history":[{"count":3,"href":"https:\/\/semmelweis.hu\/english\/wp-json\/wp\/v2\/posts\/23438\/revisions"}],"predecessor-version":[{"id":23441,"href":"https:\/\/semmelweis.hu\/english\/wp-json\/wp\/v2\/posts\/23438\/revisions\/23441"}],"wp:featuredmedia":[{"embeddable":true,"href":"https:\/\/semmelweis.hu\/english\/wp-json\/wp\/v2\/media\/23434"}],"wp:attachment":[{"href":"https:\/\/semmelweis.hu\/english\/wp-json\/wp\/v2\/media?parent=23438"}],"wp:term":[{"taxonomy":"category","embeddable":true,"href":"https:\/\/semmelweis.hu\/english\/wp-json\/wp\/v2\/categories?post=23438"},{"taxonomy":"post_tag","embeddable":true,"href":"https:\/\/semmelweis.hu\/english\/wp-json\/wp\/v2\/tags?post=23438"}],"curies":[{"name":"wp","href":"https:\/\/api.w.org\/{rel}","templated":true}]}}