{"id":23168,"date":"2020-11-12T14:55:12","date_gmt":"2020-11-12T13:55:12","guid":{"rendered":"https:\/\/semmelweis.hu\/english\/?p=23168"},"modified":"2020-11-12T15:34:21","modified_gmt":"2020-11-12T14:34:21","slug":"dr-bela-merkely-asks-for-a-cooperative-attitude-from-the-people","status":"publish","type":"post","link":"https:\/\/semmelweis.hu\/english\/2020\/11\/dr-bela-merkely-asks-for-a-cooperative-attitude-from-the-people\/","title":{"rendered":"Dr. B\u00e9la Merkely asks for a cooperative attitude from the people"},"content":{"rendered":"<p align=\"justify\"><span style=\"font-size: large\"><b><span lang=\"en-US\">Dr. B\u00e9la Merkely talked about the recently introduced restrictive measures and asked for <\/span><span lang=\"en-US\">a<\/span><span lang=\"en-US\"> cooperati<\/span><span lang=\"en-US\">ve attitude<\/span> <span lang=\"en-US\">from <\/span><span lang=\"en-US\">people in an interview <\/span><span lang=\"en-US\">on<\/span><span lang=\"en-US\"> M1 News. The rector emphasized that it is very important to carry on with our work and to continue the education of children, but in the meantime we have to reduce the number of our contacts as much as possible and we have to <\/span><span lang=\"en-US\">comply with the rules<\/span><span lang=\"en-US\"> of proper mask use.<\/span><\/b><\/span><\/p>\n<p lang=\"en-US\" align=\"justify\"><span style=\"font-size: large\">Complying with the recently introduced restrictive measures is of utmost importance \u2013 highlighted Dr. B\u00e9la Merkely in the interview he conducted on M1 News.<\/span><\/p>\n<p lang=\"en-US\" align=\"justify\">\u201c<span style=\"font-size: large\">I would like to ask for the same cooperative attitude from the people that we were capable of performing during the first wave of the epidemic\u201d, said the rector.<\/span><\/p>\n<p lang=\"en-US\" align=\"justify\"><span style=\"font-size: large\">According to him, the restrictive measures will be efficient only if they are realized in practice as well.<\/span><\/p>\n<p align=\"justify\">\u201c<span style=\"font-size: large\"><span lang=\"en-US\">If people carry on with their work, their children go to elementary school, but in the meantime the number of their contacts are reduced as much as possible and everybody wears a mask, the number of COVID-19 cases will decrease as well\u201d, pointed out Dr. Merkely.<\/span><\/span><\/p>\n<p align=\"justify\"><img loading=\"lazy\" decoding=\"async\" class=\"alignleft wp-image-23167 size-medium\" src=\"https:\/\/semmelweis.hu\/english\/files\/2020\/11\/2020-11-11-13.58.57-753x427-1-400x227.jpg\" alt=\"\" width=\"400\" height=\"227\" srcset=\"https:\/\/semmelweis.hu\/english\/files\/2020\/11\/2020-11-11-13.58.57-753x427-1-400x227.jpg 400w, https:\/\/semmelweis.hu\/english\/files\/2020\/11\/2020-11-11-13.58.57-753x427-1.jpg 753w\" sizes=\"auto, (max-width: 400px) 100vw, 400px\" \/>\u201c<span style=\"font-size: large\"><span lang=\"en-US\">Essentially the restrictive measures have an effect on two levels. On the one hand, they contribute to <\/span><span lang=\"en-US\">the<\/span><span lang=\"en-US\"> significant reduction of contacts among people, hopefully with more than 60%, which would be able to slow down the epidemic. The other level is the use of protective <\/span><span lang=\"en-US\">equipment<\/span><span lang=\"en-US\">: the expansion of mask use <\/span><span lang=\"en-US\">also inhibits the spread of the virus\u201d, said the rector.<\/span><\/span><\/p>\n<p align=\"justify\"><span style=\"font-size: large\"><span lang=\"en-US\">According to the rector of Semmelweis University, the recently introduced measures resemble the Austrian example the most. Should the need arise, these measures can either be tightened or eased on the basis of what the numbers show.<\/span><\/span><\/p>\n<p align=\"justify\">\u201c<span style=\"font-size: large\"><span lang=\"en-US\">All in all, I think that these measures were taken in time, since it is evident that we can still take care of the patients, but there is already a growing amount of pressure on health care <\/span><span lang=\"en-US\">worker<\/span><span lang=\"en-US\">s. <\/span><span lang=\"en-US\">If this had been going on for weeks, the human resources of health care would have been overloaded. This, by all means has to be avoided, as there are still some more months ahead until a considerable amount of vaccination will be available\u201d, emphasized Dr. Merkely.<\/span><\/span><\/p>\n<p lang=\"en-US\"><span style=\"font-size: large\">\u00c1d\u00e1m Szab\u00f3<br \/>\nPhoto source: M1 News \u2013 Interview with Dr. B\u00e9la Merkely<br \/>\nTranslation: Katalin Ill\u00e9s-Romh\u00e1nyi<\/span><\/p>\n","protected":false},"excerpt":{"rendered":"<p>Dr. B\u00e9la Merkely talked about the recently introduced package of restrictive measures in an interview he conducted on M1 News.<\/p>\n","protected":false},"author":101126,"featured_media":23166,"comment_status":"closed","ping_status":"closed","sticky":false,"template":"","format":"standard","meta":{"_acf_changed":false,"footnotes":""},"categories":[129,2],"tags":[127,157,176],"class_list":["post-23168","post","type-post","status-publish","format-standard","has-post-thumbnail","hentry","category-health","category-news","tag-coronavirus","tag-covid-19","tag-epidemic"],"acf":[],"_links":{"self":[{"href":"https:\/\/semmelweis.hu\/english\/wp-json\/wp\/v2\/posts\/23168","targetHints":{"allow":["GET"]}}],"collection":[{"href":"https:\/\/semmelweis.hu\/english\/wp-json\/wp\/v2\/posts"}],"about":[{"href":"https:\/\/semmelweis.hu\/english\/wp-json\/wp\/v2\/types\/post"}],"author":[{"embeddable":true,"href":"https:\/\/semmelweis.hu\/english\/wp-json\/wp\/v2\/users\/101126"}],"replies":[{"embeddable":true,"href":"https:\/\/semmelweis.hu\/english\/wp-json\/wp\/v2\/comments?post=23168"}],"version-history":[{"count":3,"href":"https:\/\/semmelweis.hu\/english\/wp-json\/wp\/v2\/posts\/23168\/revisions"}],"predecessor-version":[{"id":23171,"href":"https:\/\/semmelweis.hu\/english\/wp-json\/wp\/v2\/posts\/23168\/revisions\/23171"}],"wp:featuredmedia":[{"embeddable":true,"href":"https:\/\/semmelweis.hu\/english\/wp-json\/wp\/v2\/media\/23166"}],"wp:attachment":[{"href":"https:\/\/semmelweis.hu\/english\/wp-json\/wp\/v2\/media?parent=23168"}],"wp:term":[{"taxonomy":"category","embeddable":true,"href":"https:\/\/semmelweis.hu\/english\/wp-json\/wp\/v2\/categories?post=23168"},{"taxonomy":"post_tag","embeddable":true,"href":"https:\/\/semmelweis.hu\/english\/wp-json\/wp\/v2\/tags?post=23168"}],"curies":[{"name":"wp","href":"https:\/\/api.w.org\/{rel}","templated":true}]}}