{"id":23080,"date":"2020-11-09T11:14:02","date_gmt":"2020-11-09T10:14:02","guid":{"rendered":"https:\/\/semmelweis.hu\/english\/?p=23080"},"modified":"2020-11-09T14:30:03","modified_gmt":"2020-11-09T13:30:03","slug":"the-ministry-for-innovation-and-technology-expressed-its-gratitude-to-semmelweis-university-in-a-video-message","status":"publish","type":"post","link":"https:\/\/semmelweis.hu\/english\/2020\/11\/the-ministry-for-innovation-and-technology-expressed-its-gratitude-to-semmelweis-university-in-a-video-message\/","title":{"rendered":"The Ministry of Innovation and Technology expressed its gratitude to Semmelweis University in a video message"},"content":{"rendered":"<p lang=\"en-US\" style=\"text-align: justify\" align=\"justify\"><span style=\"font-size: large\"><b>Dr. L\u00e1szl\u00f3 Palkovics, Minister and Tam\u00e1s Schanda, Deputy Minister at the Ministry of Innovation and Technology expressed their gratitude to the health care professionals of Semmelweis University in a video message. The video was uploaded to Facebook and they thank the university&#8217;s staff for their persistent work during the current epidemiological situation.<\/b><\/span><\/p>\n<p lang=\"en-US\" style=\"text-align: justify\" align=\"justify\">\u201c<span style=\"font-size: large\">I would like to express my appreciation to the medical doctors, nurses and specialist personnel for all the hard work they do here every day\u201d, said Dr. L\u00e1szl\u00f3 Palkovics, Minister of the Ministry of Innovation and Technology in the short video message uploaded to Facebook.<\/span><\/p>\n<p lang=\"en-US\" style=\"text-align: justify\" align=\"justify\">\u201c<span style=\"font-size: large\">Semmelweis University does not only educate and do research, but\u00a0 is one of the most outstanding health care systems in Hungary.\u201d, he added.<\/span><\/p>\n<p lang=\"en-US\" style=\"text-align: justify\" align=\"justify\">\u201c<span style=\"font-size: large\">Health care professionals are heroes, as we could witness that today as well. We would like to express our gratitude to them for all the work they carry out every day. We wish a lot of strength, persistence and patience for those patients who are hospitalized and for those people who are recovering in their homes\u201d, said Tam\u00e1s Schanda, Deputy Minister, Secretary of State for Parliamentary and Strategic Affairs in the video message recorded during the visit at the clinic of Semmelweis University located in T\u00f6m\u0151 street.<img loading=\"lazy\" decoding=\"async\" class=\"aligncenter size-full wp-image-23087\" src=\"https:\/\/semmelweis.hu\/english\/files\/2020\/11\/snapshot-video3.jpg\" alt=\"\" width=\"1280\" height=\"720\" srcset=\"https:\/\/semmelweis.hu\/english\/files\/2020\/11\/snapshot-video3.jpg 1280w, https:\/\/semmelweis.hu\/english\/files\/2020\/11\/snapshot-video3-400x225.jpg 400w, https:\/\/semmelweis.hu\/english\/files\/2020\/11\/snapshot-video3-900x506.jpg 900w, https:\/\/semmelweis.hu\/english\/files\/2020\/11\/snapshot-video3-753x424.jpg 753w\" sizes=\"auto, (max-width: 1280px) 100vw, 1280px\" \/><\/span><\/p>\n<p lang=\"en-US\" style=\"text-align: justify\" align=\"justify\"><span style=\"font-size: large\">Dr. B\u00e9la Merkely, rector of Semmelweis University called people\u2019s attention to the significance of reducing personal contacts, using masks, washing hands properly, keeping a polite distance and strengthening our immune system.<\/span><\/p>\n<p lang=\"en-US\" style=\"text-align: justify\" align=\"justify\">\u201c<span style=\"font-size: large\">The most important is to avoid the disease if we can. In the current epidemiological situation voluntary restraint is a crucial aspect\u201d, highlighted Dr. Merkely in the video message.<\/span><\/p>\n<p><span style=\"font-size: large\">\u00c1d\u00e1m Szab\u00f3 <br \/>\nPhoto: Ministry of Innovation and Technology<br \/>\nFeatured image: Attila Kov\u00e1cs \u2013 Semmelweis University<br \/>\nTranslation: Katalin Ill\u00e9s-Romh\u00e1nyi<\/span><\/p>\n","protected":false},"excerpt":{"rendered":"<p>The Ministry for Innovation and Technology expressed its gratitude to the health care professionals of Semmelweis University.<\/p>\n","protected":false},"author":101126,"featured_media":23077,"comment_status":"closed","ping_status":"closed","sticky":false,"template":"","format":"standard","meta":{"_acf_changed":false,"footnotes":""},"categories":[129,2],"tags":[127,176],"class_list":["post-23080","post","type-post","status-publish","format-standard","has-post-thumbnail","hentry","category-health","category-news","tag-coronavirus","tag-epidemic"],"acf":[],"_links":{"self":[{"href":"https:\/\/semmelweis.hu\/english\/wp-json\/wp\/v2\/posts\/23080","targetHints":{"allow":["GET"]}}],"collection":[{"href":"https:\/\/semmelweis.hu\/english\/wp-json\/wp\/v2\/posts"}],"about":[{"href":"https:\/\/semmelweis.hu\/english\/wp-json\/wp\/v2\/types\/post"}],"author":[{"embeddable":true,"href":"https:\/\/semmelweis.hu\/english\/wp-json\/wp\/v2\/users\/101126"}],"replies":[{"embeddable":true,"href":"https:\/\/semmelweis.hu\/english\/wp-json\/wp\/v2\/comments?post=23080"}],"version-history":[{"count":9,"href":"https:\/\/semmelweis.hu\/english\/wp-json\/wp\/v2\/posts\/23080\/revisions"}],"predecessor-version":[{"id":23085,"href":"https:\/\/semmelweis.hu\/english\/wp-json\/wp\/v2\/posts\/23080\/revisions\/23085"}],"wp:featuredmedia":[{"embeddable":true,"href":"https:\/\/semmelweis.hu\/english\/wp-json\/wp\/v2\/media\/23077"}],"wp:attachment":[{"href":"https:\/\/semmelweis.hu\/english\/wp-json\/wp\/v2\/media?parent=23080"}],"wp:term":[{"taxonomy":"category","embeddable":true,"href":"https:\/\/semmelweis.hu\/english\/wp-json\/wp\/v2\/categories?post=23080"},{"taxonomy":"post_tag","embeddable":true,"href":"https:\/\/semmelweis.hu\/english\/wp-json\/wp\/v2\/tags?post=23080"}],"curies":[{"name":"wp","href":"https:\/\/api.w.org\/{rel}","templated":true}]}}