{"id":11403,"date":"2017-10-04T14:21:30","date_gmt":"2017-10-04T12:21:30","guid":{"rendered":"http:\/\/semmelweis.hu\/english\/?p=11403"},"modified":"2017-10-04T14:21:30","modified_gmt":"2017-10-04T12:21:30","slug":"the-mentor-learns-the-most-dr-sandor-kerpel-fronius-and-gergo-erdei-about-the-talent-support-program","status":"publish","type":"post","link":"https:\/\/semmelweis.hu\/english\/2017\/10\/the-mentor-learns-the-most-dr-sandor-kerpel-fronius-and-gergo-erdei-about-the-talent-support-program\/","title":{"rendered":"\u201cThe mentor learns the most\u201d \u2013 Dr. S\u00e1ndor Kerpel-Fronius and Gerg\u0151 Erdei about the talent support program"},"content":{"rendered":"<p>\u201cThe outstandingly talented young people move society forward, that is why the university\u2019s talent support program has great relevance.\u201d, says Dr. S\u00e1ndor Kerpel-Fronius, a professor of the Department of Pharmacology and Pharmacotherapy at Semmelweis University. He is the mentor of Gerg\u0151 Erdei, who is studying at the Department of Dietetics and Nutrition Sciences at the Faculty of Health Sciences. Gerg\u0151 Erdei has joined the researches in the area of food chemistry at an early stage of his participation in the program, he took part in several nutrition-health related programs and currently is planning the research of the dietetic therapy of patients suffering from fructose malabsorption.<\/p>\n<p><a href=\"https:\/\/semmelweis.hu\/english\/files\/2017\/10\/RS49680_KA-20160622-KA__2693-scr.jpg\"><img loading=\"lazy\" decoding=\"async\" class=\"size-medium wp-image-11405 alignleft\" src=\"https:\/\/semmelweis.hu\/english\/files\/2017\/10\/RS49680_KA-20160622-KA__2693-scr-300x200.jpg\" alt=\"\" width=\"300\" height=\"200\" srcset=\"https:\/\/semmelweis.hu\/english\/files\/2017\/10\/RS49680_KA-20160622-KA__2693-scr-300x200.jpg 300w, https:\/\/semmelweis.hu\/english\/files\/2017\/10\/RS49680_KA-20160622-KA__2693-scr-450x300.jpg 450w, https:\/\/semmelweis.hu\/english\/files\/2017\/10\/RS49680_KA-20160622-KA__2693-scr.jpg 950w\" sizes=\"auto, (max-width: 300px) 100vw, 300px\" \/><\/a>Dr. S\u00e1ndor Kerpel-Fronius highlighted that it is a pleasure for him that the talent support program of Semmelweis University is named after his father, Dr. \u00d6d\u00f6n Kerpel-Fronius, who invested a lot of energy in order to involve young people in research projects. Dr. S\u00e1ndor Kerpel-Fronius says that it was especially a great happiness for his father when he managed to discover a talented young colleague, maybe that is the reason why he, as his son, is also glad to participate in the program as a mentor.<\/p>\n<p>As Dr. S\u00e1ndor Kerpel-Fronius said, his relationship as a mentor with his student is absolutely fortunate because of two reasons. Up until now, mostly the students of the Faculty of Medicine and the Faculty of Pharmaceutical Sciences joined the talent support program, but it would also be very important if students of the Faculty of Health Sciences could also make use of this opportunity. Apart from this, he got to know such a great young colleague in Gerg\u0151 Erdei as a person, who not only has research plans but has started to deal with the practical application of his research results at an early stage. He is trustful that as a result of an active research work, Gerg\u0151 will be among those excellent researchers, who have a significant role in the outlining of the backgrounds of healthy nutrition, both for healthy people and for patients suffering from chronic diseases.<\/p>\n<p><a href=\"https:\/\/semmelweis.hu\/english\/files\/2017\/10\/RS49667_KA-20160622-KA__2761-scr-1.jpg\"><img loading=\"lazy\" decoding=\"async\" class=\"alignright size-medium wp-image-11407\" src=\"https:\/\/semmelweis.hu\/english\/files\/2017\/10\/RS49667_KA-20160622-KA__2761-scr-1-200x300.jpg\" alt=\"\" width=\"200\" height=\"300\" srcset=\"https:\/\/semmelweis.hu\/english\/files\/2017\/10\/RS49667_KA-20160622-KA__2761-scr-1-200x300.jpg 200w, https:\/\/semmelweis.hu\/english\/files\/2017\/10\/RS49667_KA-20160622-KA__2761-scr-1.jpg 500w\" sizes=\"auto, (max-width: 200px) 100vw, 200px\" \/><\/a>Gerg\u0151 Erdei has worked as a dietetics at B\u00e1tor T\u00e1bor (camp for children living with cancer or other chronic illnesses) for years. He also played an active role in the fight against unhealthy nutrition as a member of various professional organizations. According to his mentor, he can profit a lot from these professional experiences, since patients suffering from chronic diseases have special dietary needs, therefore there is a great need for appropriate professionals.<\/p>\n<p>Gerg\u0151 Erdei applied for the talent support program as a student of dietetics, at the end of his BSc studies, because he wanted to continue his research work dating back for several years. As he said, he was extremely happy to have such a mentor as Dr. S\u00e1ndor Kerpel-Fronius, who is a role model for him. As he recalled, he was so much looking forward to their first meeting, which was not only exciting, but he also received a lot of support related to available opportunities, what path to proceed on and what those qualities are which need to be strengthened in order to become a good researcher.<\/p>\n<p>Gerg\u0151 Erdei participated in the realization of nutrition-health surveys and programs during his university studies as employee of the National Institute of Pharmacy and Nutrition. Besides this, he worked for a health development program designed for school children at the National Institute of Health Development, the aim of which was to promote healthy nutrition for school children outside of school as well. He was an active volunteer at B\u00e1tor T\u00e1bor for five years, and during the latest occasion he participated in the program as a leading dietetics. During his university years he completed a professional cookery training course, because he thought he would be able to provide a more efficient help as a dietetics in case he extends his knowledge in gastronomy.<\/p>\n<p><a href=\"https:\/\/semmelweis.hu\/english\/files\/2017\/10\/RS49669_KA-20160622-KA__2758-scr.jpg\"><img loading=\"lazy\" decoding=\"async\" class=\"alignleft size-medium wp-image-11404\" src=\"https:\/\/semmelweis.hu\/english\/files\/2017\/10\/RS49669_KA-20160622-KA__2758-scr-300x200.jpg\" alt=\"\" width=\"300\" height=\"200\" srcset=\"https:\/\/semmelweis.hu\/english\/files\/2017\/10\/RS49669_KA-20160622-KA__2758-scr-300x200.jpg 300w, https:\/\/semmelweis.hu\/english\/files\/2017\/10\/RS49669_KA-20160622-KA__2758-scr-450x300.jpg 450w, https:\/\/semmelweis.hu\/english\/files\/2017\/10\/RS49669_KA-20160622-KA__2758-scr.jpg 950w\" sizes=\"auto, (max-width: 300px) 100vw, 300px\" \/><\/a>Dr. S\u00e1ndor Kerpel-Fronius highlighted that he first and foremost supports his student as a mentor related to the more general topics, since their professional activities are different. He emphasized that for him, it is an especially exciting relationship, and due to this he managed to learn a lot about areas that he had not dealt with before. \u201cThe mentor learns the most.\u201d, he said.<\/p>\n<p>Among the plans of Gerg\u0151 Erdei currently the starting of his PhD studies is in the first place. He would like to do a research at the PhD School of Pathological Studies related to the dietary therapy of fructose malabsorption. As Gerg\u0151 Erdei emphasized, the symptoms of this disease after having consumed fructose are abdominal distension, diarrhea, abdominal discomfort, as a result of which the dietary opportunities of the patient are significantly reduced. Unfortunately, fructose is frequently and widely used in the modern food production. According to Gerg\u0151 Erdei, in case these patients avoid the consummation of those products which might contain fructose, then vegetables and fruits should also be omitted from their menu, but these can be brought back by following an appropriate diet.<\/p>\n<p>P\u00e9ter Pogr\u00e1nyi<br \/>\n Photo: Attila Kov\u00e1cs \u2013 Semmelweis University<br \/>\n Translation: Katalin Ill\u00e9s-Romh\u00e1nyi<\/p>\n","protected":false},"excerpt":{"rendered":"<p>\u201cThe outstandingly talented young people move society forward, that is why the university\u2019s talent support program has great relevance.\u201d, says Dr. S\u00e1ndor Kerpel-Fronius, a professor of the Department of Pharmacology and Pharmacotherapy at Semmelweis University. He is the mentor of Gerg\u0151 Erdei, who is studying at the Department of Dietetics and Nutrition Sciences at the &hellip;<\/p>\n","protected":false},"author":101126,"featured_media":11406,"comment_status":"closed","ping_status":"closed","sticky":false,"template":"","format":"standard","meta":{"_acf_changed":false,"footnotes":""},"categories":[10,2],"tags":[19],"class_list":["post-11403","post","type-post","status-publish","format-standard","has-post-thumbnail","hentry","category-education","category-news","tag-kerpel"],"acf":[],"_links":{"self":[{"href":"https:\/\/semmelweis.hu\/english\/wp-json\/wp\/v2\/posts\/11403","targetHints":{"allow":["GET"]}}],"collection":[{"href":"https:\/\/semmelweis.hu\/english\/wp-json\/wp\/v2\/posts"}],"about":[{"href":"https:\/\/semmelweis.hu\/english\/wp-json\/wp\/v2\/types\/post"}],"author":[{"embeddable":true,"href":"https:\/\/semmelweis.hu\/english\/wp-json\/wp\/v2\/users\/101126"}],"replies":[{"embeddable":true,"href":"https:\/\/semmelweis.hu\/english\/wp-json\/wp\/v2\/comments?post=11403"}],"version-history":[{"count":2,"href":"https:\/\/semmelweis.hu\/english\/wp-json\/wp\/v2\/posts\/11403\/revisions"}],"predecessor-version":[{"id":11409,"href":"https:\/\/semmelweis.hu\/english\/wp-json\/wp\/v2\/posts\/11403\/revisions\/11409"}],"wp:featuredmedia":[{"embeddable":true,"href":"https:\/\/semmelweis.hu\/english\/wp-json\/wp\/v2\/media\/11406"}],"wp:attachment":[{"href":"https:\/\/semmelweis.hu\/english\/wp-json\/wp\/v2\/media?parent=11403"}],"wp:term":[{"taxonomy":"category","embeddable":true,"href":"https:\/\/semmelweis.hu\/english\/wp-json\/wp\/v2\/categories?post=11403"},{"taxonomy":"post_tag","embeddable":true,"href":"https:\/\/semmelweis.hu\/english\/wp-json\/wp\/v2\/tags?post=11403"}],"curies":[{"name":"wp","href":"https:\/\/api.w.org\/{rel}","templated":true}]}}