{"id":1251,"count":1,"description":"","link":"https:\/\/semmelweis.hu\/emk\/tag\/derektaji-fajdalom\/","name":"der\u00e9kt\u00e1ji f\u00e1jdalom","slug":"derektaji-fajdalom","taxonomy":"post_tag","meta":[],"_links":{"self":[{"href":"https:\/\/semmelweis.hu\/emk\/wp-json\/wp\/v2\/tags\/1251","targetHints":{"allow":["GET"]}}],"collection":[{"href":"https:\/\/semmelweis.hu\/emk\/wp-json\/wp\/v2\/tags"}],"about":[{"href":"https:\/\/semmelweis.hu\/emk\/wp-json\/wp\/v2\/taxonomies\/post_tag"}],"wp:post_type":[{"href":"https:\/\/semmelweis.hu\/emk\/wp-json\/wp\/v2\/posts?tags=1251"},{"href":"https:\/\/semmelweis.hu\/emk\/wp-json\/wp\/v2\/pages?tags=1251"}],"curies":[{"name":"wp","href":"https:\/\/api.w.org\/{rel}","templated":true}]}}