{"id":27993,"date":"2026-09-04T10:24:06","date_gmt":"2026-09-04T08:24:06","guid":{"rendered":"https:\/\/semmelweis.hu\/emk\/?p=27993"},"modified":"2026-09-04T10:25:24","modified_gmt":"2026-09-04T08:25:24","slug":"sociosummit-konferencia-2026-a-fenntarthatosag-ara-szocialis-szakemberek-szerepe-a-tarsadalmi-es-okologiai-egyensulyban","status":"publish","type":"post","link":"https:\/\/semmelweis.hu\/emk\/2026\/09\/04\/sociosummit-konferencia-2026-a-fenntarthatosag-ara-szocialis-szakemberek-szerepe-a-tarsadalmi-es-okologiai-egyensulyban\/","title":{"rendered":"SocioSummit Konferencia &#8211; 2026. szeptember 17."},"content":{"rendered":"<h3 style=\"text-align: center\">SocioSummit Konferencia &#8211; 2026. szeptember 17.<\/h3>\n<h3 style=\"text-align: center\">A fenntarthat\u00f3s\u00e1g \u00e1ra &#8211; Szoci\u00e1lis szakemberek szerepe a t\u00e1rsadalmi \u00e9s \u00f6kol\u00f3giai egyens\u00falyban<\/h3>\n<div class=\"keretes w-100\">\n<blockquote>\n<p style=\"text-align: justify\">A konferencia c\u00e9lja, hogy a szoci\u00e1lis szolg\u00e1ltat\u00e1sokat \u00e9s azok t\u00e1rsadalmi hat\u00e1sait sz\u00e9lesebb \u00f6sszef\u00fcgg\u00e9sben, friss szeml\u00e9lettel vizsg\u00e1lja, kiemelt figyelmet ford\u00edtva a <strong>t\u00e1rsadalmi, k\u00f6rnyezeti \u00e9s gazdas\u00e1gi fenntarthat\u00f3s\u00e1gra<\/strong>. Az esem\u00e9ny szakmai alapj\u00e1t az <strong>\u00f6ko-szoci\u00e1lis gondolkod\u00e1s \u00e9s a k\u00f6z\u00f6ss\u00e9gi er\u0151forr\u00e1sokra \u00e9p\u00edt\u0151 megk\u00f6zel\u00edt\u00e9s<\/strong> adja.<\/p>\n<\/blockquote>\n<\/div>\n<p style=\"text-align: justify\">Az idei SocioSummit Konferencia k\u00f6z\u00e9ppontj\u00e1ban az <strong>\u00f6ko-szoci\u00e1lis megk\u00f6zel\u00edt\u00e9s<\/strong>\u00a0\u00e1ll, amely a t\u00e1rsadalmi j\u00f3l\u00e9tet \u00e9s az \u00f6kol\u00f3giai fenntarthat\u00f3s\u00e1got egym\u00e1st felt\u00e9telez\u0151, elv\u00e1laszthatatlan dimenzi\u00f3knak tekinti.<\/p>\n<p style=\"text-align: justify\">A rendezv\u00e9ny folytatja az el\u0151z\u0151 n\u00e9gy \u00e9v szakmai t\u00f6rekv\u00e9seit, \u00e9s \u00e9p\u00edt a szoci\u00e1lis szolg\u00e1ltat\u00e1sok reziliens m\u0171k\u00f6d\u00e9s\u00e9vel kapcsolatos kutat\u00e1sok eredm\u00e9nyeire, mik\u00f6zben v\u00e1laszokat keres a j\u00f6v\u0151 kih\u00edv\u00e1saira.<\/p>\n<p style=\"text-align: justify\">Arra keress\u00fck a v\u00e1laszt, hogy a <strong>fenntarthat\u00f3s\u00e1gi \u00e1tmenet<\/strong> mik\u00e9nt alak\u00edtja \u00e1t a szoci\u00e1lis \u00e1gazat m\u0171k\u00f6d\u00e9si felt\u00e9teleit, kapacit\u00e1sait \u00e9s szakmai szerepeit, valamint hogyan j\u00e1rulhat hozz\u00e1 a szoci\u00e1lis szakemberek munk\u00e1ja a t\u00e1rsadalmi \u00e9s \u00f6kol\u00f3giai egyens\u00faly er\u0151s\u00edt\u00e9s\u00e9hez.<\/p>\n<div class=\"fontos_div w-100\">\n<p style=\"text-align: justify\">Kiindul\u00f3pontunk, hogy\u00a0<strong>a szoci\u00e1lis szakma nem csup\u00e1n reag\u00e1l a fenntarthat\u00f3s\u00e1gi kih\u00edv\u00e1sokra, hanem akt\u00edv alak\u00edt\u00f3ja is lehet a t\u00e1rsadalmi \u00e9s \u00f6kol\u00f3giai folyamatoknak.<\/strong><\/p>\n<\/div>\n<p style=\"text-align: justify\">A program szakmai el\u0151ad\u00e1sokb\u00f3l \u00e9s interakt\u00edv m\u0171helymunk\u00e1kb\u00f3l \u00e1ll, teret biztos\u00edtva a tud\u00e1smegoszt\u00e1snak, a k\u00f6z\u00f6s gondolkod\u00e1snak \u00e9s a gyakorlatban is alkalmazhat\u00f3 megold\u00e1sok keres\u00e9s\u00e9nek.<\/p>\n<p>A konferenci\u00e1t<strong>\u00a0Dr. Pethesn\u00e9 Dr. D\u00e1vid Be\u00e1ta,\u00a0<\/strong>a Semmelweis Egyetem Eg\u00e9szs\u00e9g\u00fcgyi K\u00f6zszolg\u00e1lati Kar\u00e1nak d\u00e9k\u00e1nja k\u00f6sz\u00f6nti.<\/p>\n<p><strong>A konferencia el\u0151ad\u00f3i \u00e9s szekci\u00f3vezet\u0151i k\u00f6z\u00f6tt k\u00f6sz\u00f6nthetj\u00fck t\u00f6bbek k\u00f6z\u00f6tt:<\/strong><\/p>\n<ul>\n<li><strong>d<\/strong><strong>r. habil. Szab\u00f3-T\u00f3th King\u00e1t<\/strong>, a Szoci\u00e1lis \u00e9s Csal\u00e1d\u00fcgyi Miniszt\u00e9rium szoci\u00e1lis, csal\u00e1d- \u00e9s id\u0151s\u00fcgyi \u00e1llamtitk\u00e1r\u00e1t,<\/li>\n<li><strong>B\u00f3dy \u00c9v\u00e1t<\/strong>, a szoci\u00e1lis igazgat\u00e1s\u00e9rt, szoci\u00e1lis szolg\u00e1ltat\u00e1sok\u00e9rt \u00e9s id\u0151s\u00fcgy\u00e9rt felel\u0151s helyettes \u00e1llamtitk\u00e1rt,<\/li>\n<li><strong>dr. Galambos Katalint<\/strong>, a fogyat\u00e9koss\u00e1ggal \u00e9l\u0151 emberek egyenl\u0151 es\u00e9ly\u0171 hozz\u00e1f\u00e9r\u00e9s\u00e9\u00e9rt felel\u0151s helyettes \u00e1llamtitk\u00e1rt,<\/li>\n<li><strong>Mekis P\u00e9ter<\/strong>\u00a0filoz\u00f3fust, az Afterschool Geekery Uganda projekt mentor\u00e1t,<\/li>\n<li><strong>T\u00edm\u00e1r Tibort<\/strong>, a Green Connect Program alap\u00edt\u00f3j\u00e1t,<\/li>\n<li><strong>K\u00e1ntor Lilit<\/strong>, a Green Connect Program k\u00e9pz\u00e9si vezet\u0151j\u00e9t,<\/li>\n<li><strong>Waller-Fekete Juditot<\/strong>, a Magyar V\u00f6r\u00f6skereszt szakmai vezet\u0151j\u00e9t.<\/li>\n<\/ul>\n<div class=\"keretes w-100\">\n<p><strong>A konferenci\u00e1n val\u00f3 r\u00e9szv\u00e9tel t\u00e9r\u00edt\u00e9smentes, de regisztr\u00e1ci\u00f3hoz k\u00f6t\u00f6tt.<\/strong><\/p>\n<p style=\"text-align: center\"><a class=\"button\" href=\"https:\/\/docs.google.com\/forms\/d\/e\/1FAIpQLScEDhFS9pVSN4d__ZlCc_-9Da3KXKroVqXSnJd2XnSMT91O4g\/viewform\">REGISZTR\u00c1CI\u00d3<\/a><\/p>\n<p><strong>Id\u0151pont:<\/strong>\u00a02026. szeptember 17. 9:30-15:00 \u00f3ra\u00a0<br \/>\n<strong>Helysz\u00edn:<\/strong>\u00a0Semmelweis Egyetem,\u00a0<a href=\"https:\/\/www.google.com\/maps\/search\/1094+Budapest,+Ferenc+t%C3%A9r+15?entry=gmail&amp;source=g\">1094 Budapest, Ferenc t\u00e9r 15<\/a>.<\/p>\n<\/div>\n<p>Szeretettel v\u00e1rjuk mindazokat, akik szakemberk\u00e9nt, vezet\u0151k\u00e9nt, oktat\u00f3k\u00e9nt, kutat\u00f3k\u00e9nt vagy hallgat\u00f3k\u00e9nt \u00e9rdekl\u0151dnek a szoci\u00e1lis szolg\u00e1ltat\u00e1sok j\u00f6v\u0151je, valamint a fenntarthat\u00f3s\u00e1g t\u00e1rsadalmi k\u00e9rd\u00e9sei ir\u00e1nt.<\/p>\n<p><img loading=\"lazy\" decoding=\"async\" class=\"aligncenter wp-image-27994 size-large\" src=\"https:\/\/semmelweis.hu\/emk\/files\/2026\/09\/792109536_1551775953631143_6905840281304292547_n-1024x539.jpg\" alt=\"SocioSummit 2026\" width=\"753\" height=\"396\" srcset=\"https:\/\/semmelweis.hu\/emk\/files\/2026\/09\/792109536_1551775953631143_6905840281304292547_n-1024x539.jpg 1024w, https:\/\/semmelweis.hu\/emk\/files\/2026\/09\/792109536_1551775953631143_6905840281304292547_n-400x211.jpg 400w, https:\/\/semmelweis.hu\/emk\/files\/2026\/09\/792109536_1551775953631143_6905840281304292547_n-768x404.jpg 768w, https:\/\/semmelweis.hu\/emk\/files\/2026\/09\/792109536_1551775953631143_6905840281304292547_n-1536x809.jpg 1536w, https:\/\/semmelweis.hu\/emk\/files\/2026\/09\/792109536_1551775953631143_6905840281304292547_n-753x397.jpg 753w, https:\/\/semmelweis.hu\/emk\/files\/2026\/09\/792109536_1551775953631143_6905840281304292547_n.jpg 1728w\" sizes=\"auto, (max-width: 753px) 100vw, 753px\" \/><\/p>\n","protected":false},"excerpt":{"rendered":"<p>SocioSummit Konferencia &#8211; 2026. szeptember 17. A fenntarthat\u00f3s\u00e1g \u00e1ra &#8211; Szoci\u00e1lis szakemberek szerepe a t\u00e1rsadalmi \u00e9s \u00f6kol\u00f3giai egyens\u00falyban A konferencia c\u00e9lja, hogy a szoci\u00e1lis szolg\u00e1ltat\u00e1sokat \u00e9s azok t\u00e1rsadalmi hat\u00e1sait sz\u00e9lesebb \u00f6sszef\u00fcgg\u00e9sben, friss szeml\u00e9lettel vizsg\u00e1lja, kiemelt figyelmet ford\u00edtva a t\u00e1rsadalmi, k\u00f6rnyezeti \u00e9s gazdas\u00e1gi fenntarthat\u00f3s\u00e1gra. Az esem\u00e9ny szakmai alapj\u00e1t az \u00f6ko-szoci\u00e1lis gondolkod\u00e1s \u00e9s a k\u00f6z\u00f6ss\u00e9gi er\u0151forr\u00e1sokra \u00e9p\u00edt\u0151 &hellip;<\/p>\n","protected":false},"author":102350,"featured_media":27994,"comment_status":"closed","ping_status":"closed","sticky":false,"template":"","format":"standard","meta":{"_acf_changed":false,"footnotes":""},"categories":[6],"tags":[1374],"class_list":["post-27993","post","type-post","status-publish","format-standard","has-post-thumbnail","hentry","category-hirek","tag-sociosummit"],"acf":[],"_links":{"self":[{"href":"https:\/\/semmelweis.hu\/emk\/wp-json\/wp\/v2\/posts\/27993","targetHints":{"allow":["GET"]}}],"collection":[{"href":"https:\/\/semmelweis.hu\/emk\/wp-json\/wp\/v2\/posts"}],"about":[{"href":"https:\/\/semmelweis.hu\/emk\/wp-json\/wp\/v2\/types\/post"}],"author":[{"embeddable":true,"href":"https:\/\/semmelweis.hu\/emk\/wp-json\/wp\/v2\/users\/102350"}],"replies":[{"embeddable":true,"href":"https:\/\/semmelweis.hu\/emk\/wp-json\/wp\/v2\/comments?post=27993"}],"version-history":[{"count":2,"href":"https:\/\/semmelweis.hu\/emk\/wp-json\/wp\/v2\/posts\/27993\/revisions"}],"predecessor-version":[{"id":27996,"href":"https:\/\/semmelweis.hu\/emk\/wp-json\/wp\/v2\/posts\/27993\/revisions\/27996"}],"wp:featuredmedia":[{"embeddable":true,"href":"https:\/\/semmelweis.hu\/emk\/wp-json\/wp\/v2\/media\/27994"}],"wp:attachment":[{"href":"https:\/\/semmelweis.hu\/emk\/wp-json\/wp\/v2\/media?parent=27993"}],"wp:term":[{"taxonomy":"category","embeddable":true,"href":"https:\/\/semmelweis.hu\/emk\/wp-json\/wp\/v2\/categories?post=27993"},{"taxonomy":"post_tag","embeddable":true,"href":"https:\/\/semmelweis.hu\/emk\/wp-json\/wp\/v2\/tags?post=27993"}],"curies":[{"name":"wp","href":"https:\/\/api.w.org\/{rel}","templated":true}]}}