{"id":27910,"date":"2026-09-02T12:05:32","date_gmt":"2026-09-02T10:05:32","guid":{"rendered":"https:\/\/semmelweis.hu\/emk\/?p=27910"},"modified":"2026-09-02T12:25:40","modified_gmt":"2026-09-02T10:25:40","slug":"megkezdtek-tanulmanyaikat-az-egeszsegugyi-adattudomany-mesterkepzesunk-harmadik-evfolyamanak-hallgatoi","status":"publish","type":"post","link":"https:\/\/semmelweis.hu\/emk\/2026\/09\/02\/megkezdtek-tanulmanyaikat-az-egeszsegugyi-adattudomany-mesterkepzesunk-harmadik-evfolyamanak-hallgatoi\/","title":{"rendered":"Megkezdt\u00e9k tanulm\u00e1nyaikat az eg\u00e9szs\u00e9g\u00fcgyi adattudom\u00e1ny mesterk\u00e9pz\u00e9s\u00fcnk harmadik \u00e9vfolyam\u00e1nak hallgat\u00f3i"},"content":{"rendered":"<p style=\"text-align: justify\">2026. szeptember 1-j\u00e9n megkezdt\u00e9k tanulm\u00e1nyaikat az <a href=\"https:\/\/semmelweis.hu\/emk\/oktatas\/mesterkepzes\/egeszsegugyi-adattudomany-msc\/\" target=\"_blank\" rel=\"noopener\"><strong>eg\u00e9szs\u00e9g\u00fcgyi adattudom\u00e1ny<\/strong> mesterk\u00e9pz\u00e9s\u00fcnk<\/a> frissen felvett hallgat\u00f3i (AMSc26). Igazgat\u00f3nk, <a href=\"https:\/\/semmelweis.hu\/emk\/oktatas\/munkatarsak-oktatoi-csapat\/szocska-miklos-dr\/\" target=\"_blank\" rel=\"noopener\"><strong>Prof. Dr. Sz\u00f3cska Mikl\u00f3s<\/strong><\/a> k\u00f6sz\u00f6nt\u00f6tte az \u00e9vfolyamot ismertetve az int\u00e9zetben zajl\u00f3 oktat\u00e1si \u00e9s kutat\u00e1s-fejleszt\u00e9si munk\u00e1t.<\/p>\n<p style=\"text-align: justify\"><a href=\"https:\/\/semmelweis.hu\/emk\/oktatas\/munkatarsak-oktatoi-csapat\/joo-tamas-dr\/\" target=\"_blank\" rel=\"noopener\"><strong>Dr. Jo\u00f3 Tam\u00e1s<\/strong><\/a>, a program vezet\u0151je, r\u00e9szletezte a k\u00e9pz\u00e9s legfontosabb tudnival\u00f3it, a hallgat\u00f3k \u00e1ltal el\u00e9rhet\u0151 publik\u00e1ci\u00f3s \u00e9s kutat\u00e1si lehet\u0151s\u00e9geket. El\u0151ad\u00e1s\u00e1ban v\u00e1zolta a mesterk\u00e9pz\u00e9sen elsaj\u00e1t\u00edthat\u00f3 t\u00e9m\u00e1k egyik f\u0151 alapj\u00e1t k\u00e9pez\u0151 mesters\u00e9ges intelligencia szerep\u00e9t &#8211; a kih\u00edv\u00e1sokat \u00e9s lehet\u0151s\u00e9get egyar\u00e1nt &#8211; az eg\u00e9szs\u00e9g\u00fcgy \u00e9s az adattudom\u00e1ny hat\u00e1rter\u00fcletein.<\/p>\n<p style=\"text-align: justify\">Bemutatkoztak a jelenlev\u0151 munkat\u00e1rsaink, <strong>Ruzsa Zolt\u00e1n<\/strong>, <strong>Dr. Bessenyey Borb\u00e1la<\/strong>, <strong>Kov\u00e1ts Tam\u00e1s<\/strong>, <strong>Borb\u00e1s Attila<\/strong>, <a href=\"https:\/\/semmelweis.hu\/emk\/oktatas\/munkatarsak-oktatoi-csapat\/joni-daniel\/\" target=\"_blank\" rel=\"noopener\"><strong>J\u00f3ni D\u00e1niel<\/strong><\/a>, <a href=\"https:\/\/semmelweis.hu\/emk\/oktatas\/munkatarsak-oktatoi-csapat\/gaal-peter-dr\/\" target=\"_blank\" rel=\"noopener\"><strong>Prof. Dr. Ga\u00e1l P\u00e9ter<\/strong><\/a>, <a href=\"https:\/\/semmelweis.hu\/emk\/oktatas\/munkatarsak-oktatoi-csapat\/toth-pal\/\" target=\"_blank\" rel=\"noopener\"><strong>T\u00f3th P\u00e1l<\/strong><\/a>, <a href=\"https:\/\/semmelweis.hu\/emk\/oktatas\/munkatarsak-oktatoi-csapat\/schmidt-judit\/\" target=\"_blank\" rel=\"noopener\"><strong>Schmidt Judit<\/strong><\/a>, <a href=\"https:\/\/semmelweis.hu\/emk\/oktatas\/munkatarsak-oktatoi-csapat\/korodi-rita\/\" target=\"_blank\" rel=\"noopener\"><strong>K\u00f3r\u00f3di Rita<\/strong><\/a>, <strong>N\u00e9meth Vikt\u00f3ria<\/strong> \u00e9s <strong>R\u00e1tky T\u00fcnde<\/strong>, akikkel a hallgat\u00f3k az oktat\u00e1s vagy az int\u00e9zet\u00fcnkben t\u00f6lt\u00f6tt \u00e9vek sor\u00e1n rendszeresen tal\u00e1lkozni fognak.<\/p>\n<p style=\"text-align: justify\"><strong>Dr. Kov\u00e1cs Vikt\u00f3ria Anna<\/strong>, <strong>Dr. Mike L\u00e1szl\u00f3<\/strong> \u00e9s <strong>R\u00e1mpay Mih\u00e1ly<\/strong>, mesterk\u00e9pz\u00e9s\u00fcnk id\u00e9n v\u00e9gzett hallgat\u00f3i is k\u00f6sz\u00f6nt\u00f6tt\u00e9k az \u00faj hallgat\u00f3kat, \u00e9s ell\u00e1tt\u00e1k \u0151ket szem\u00e9lyes tan\u00e1csaikkal, j\u00f3k\u00edv\u00e1ns\u00e1gaikkal.<\/p>\n<p style=\"text-align: justify\">Az els\u0151 tan\u00f3r\u00e1t <strong>Szal\u00f3czy N\u00f3ra<\/strong> tartotta az \u00e9vfolyamnak <em>A g\u00e9pi tanul\u00e1s \u00faj fejleszt\u00e9si ir\u00e1nyai 1.<\/em> c\u00edm\u0171 tant\u00e1rgy keret\u00e9ben.<\/p>\n<p style=\"text-align: justify\">Sikeres tanul\u00e1st \u00e9s maradand\u00f3 k\u00f6z\u00f6ss\u00e9gi \u00e9lm\u00e9nyt k\u00edv\u00e1nunk hallgat\u00f3inknak!<\/p>\n\n        [slb_exclude]\n        <div class=\"row galeria-wrapper mx-0 h-auto\">\n            <div class=\"col-9 pl-0 pr-2\">\n            <span class=\"gallery-item frame\">\n\t\t\t\t<div class=\"galeria-left-img\"><a href=\"https:\/\/semmelweis.hu\/emk\/files\/2026\/09\/20260901_094039.jpg\"><img src=https:\/\/semmelweis.hu\/emk\/files\/2026\/09\/20260901_094039.jpg  \n                            alt=\"Prof. Dr. Sz\u00f3cska Mikl\u00f3s\" \n                            class=\"attachment-sote-gallery-big size-sote-gallery-big\" \n                            srcset=\"https:\/\/semmelweis.hu\/emk\/files\/2026\/09\/20260901_094039-400x238.jpg 400w, https:\/\/semmelweis.hu\/emk\/files\/2026\/09\/20260901_094039-768x457.jpg 768w, https:\/\/semmelweis.hu\/emk\/files\/2026\/09\/20260901_094039-753x448.jpg 753w, https:\/\/semmelweis.hu\/emk\/files\/2026\/09\/20260901_094039.jpg 1000w\" ><\/a><\/div>\n            <\/span>\n\n            <\/div>\n\n\t\t\t<div class=\"col-3 pl-0 pr-0\">\n\t\t\t\t<div class=\"galeria-right-img d-flex justify-content-between flex-column h-100 w-100 px-0 mx-0 \">\n                <div class=\"galeria-box\">\n\t\t\t\t\t<h3 class=\"galeria-title\">Gal\u00e9ria<\/h3>\n\t\t\t\t\t<div class=\"galeria-subtitle\">\n\n\t\t\t\t\t\t<div class=\"galeria-page-counter\"><span>6<\/span>k\u00e9p<\/div>\n                    <\/div> <\/div>\n                    <span class=\"gallery-item frame d-none d-md-flex\">\n\t\t\t\t\t<div class=\"galeria-small-img mt-0\"><a href=\"https:\/\/semmelweis.hu\/emk\/files\/2026\/09\/20260901_100436-rotated.jpg\"><img src=https:\/\/semmelweis.hu\/emk\/files\/2026\/09\/20260901_100436-rotated.jpg \n                                alt=\"Dr. Jo\u00f3 Tam\u00e1s\"  \n                                class=\"attachment-sote-gallery-small size-sote-gallery-small\" \n                                srcset=\"https:\/\/semmelweis.hu\/emk\/files\/2026\/09\/20260901_100436-300x400.jpg 300w, https:\/\/semmelweis.hu\/emk\/files\/2026\/09\/20260901_100436-768x1024.jpg 768w, https:\/\/semmelweis.hu\/emk\/files\/2026\/09\/20260901_100436-753x1004.jpg 753w, https:\/\/semmelweis.hu\/emk\/files\/2026\/09\/20260901_100436-rotated.jpg 1000w\" ><\/a><\/div>\n                    <\/span>\n                    <span class=\"gallery-item frame d-none d-md-flex\">\n\t\t\t\t\t<div class=\"galeria-small-img mt-0\"><a href=\"https:\/\/semmelweis.hu\/emk\/files\/2026\/09\/20260901_102715.jpg\"><img src=https:\/\/semmelweis.hu\/emk\/files\/2026\/09\/20260901_102715.jpg \n                                alt=\"Prof. Dr. Ga\u00e1l P\u00e9ter\" \n                                class=\"attachment-sote-gallery-small size-sote-gallery-small\" \n                                srcset=\"https:\/\/semmelweis.hu\/emk\/files\/2026\/09\/20260901_102715-347x400.jpg 347w, https:\/\/semmelweis.hu\/emk\/files\/2026\/09\/20260901_102715-889x1024.jpg 889w, https:\/\/semmelweis.hu\/emk\/files\/2026\/09\/20260901_102715-768x885.jpg 768w, https:\/\/semmelweis.hu\/emk\/files\/2026\/09\/20260901_102715-753x867.jpg 753w, https:\/\/semmelweis.hu\/emk\/files\/2026\/09\/20260901_102715.jpg 1000w\" ><\/a><\/div>\n                    <\/span>\n\n                <\/div>\n\n            <\/div>\n\n            <span class=\"gallery-item\"><div class=\"hidden\"><a href=\"https:\/\/semmelweis.hu\/emk\/files\/2026\/09\/20260901_104833.jpg\">\n        <img src=https:\/\/semmelweis.hu\/emk\/files\/2026\/09\/20260901_104833.jpg alt=\"Dr. Kov\u00e1cs Vikt\u00f3ria Anna\" class=\"attachment-sote-gallery-big size-sote-gallery-big\" srcset=\"https:\/\/semmelweis.hu\/emk\/files\/2026\/09\/20260901_104833-400x230.jpg 400w, https:\/\/semmelweis.hu\/emk\/files\/2026\/09\/20260901_104833-768x441.jpg 768w, https:\/\/semmelweis.hu\/emk\/files\/2026\/09\/20260901_104833-753x432.jpg 753w, https:\/\/semmelweis.hu\/emk\/files\/2026\/09\/20260901_104833.jpg 1000w\" >\n        <\/a><\/div><\/span><span class=\"gallery-item\"><div class=\"hidden\"><a href=\"https:\/\/semmelweis.hu\/emk\/files\/2026\/09\/20260901_105354.jpg\">\n        <img src=https:\/\/semmelweis.hu\/emk\/files\/2026\/09\/20260901_105354.jpg alt=\"Dr. Mike L\u00e1szl\u00f3\" class=\"attachment-sote-gallery-big size-sote-gallery-big\" srcset=\"https:\/\/semmelweis.hu\/emk\/files\/2026\/09\/20260901_105354-400x234.jpg 400w, https:\/\/semmelweis.hu\/emk\/files\/2026\/09\/20260901_105354-768x449.jpg 768w, https:\/\/semmelweis.hu\/emk\/files\/2026\/09\/20260901_105354-753x440.jpg 753w, https:\/\/semmelweis.hu\/emk\/files\/2026\/09\/20260901_105354.jpg 1000w\" >\n        <\/a><\/div><\/span><span class=\"gallery-item\"><div class=\"hidden\"><a href=\"https:\/\/semmelweis.hu\/emk\/files\/2026\/09\/20260901_105816.jpg\">\n        <img src=https:\/\/semmelweis.hu\/emk\/files\/2026\/09\/20260901_105816.jpg alt=\"R\u00e1mpay Mih\u00e1ly\" class=\"attachment-sote-gallery-big size-sote-gallery-big\" srcset=\"https:\/\/semmelweis.hu\/emk\/files\/2026\/09\/20260901_105816-400x228.jpg 400w, https:\/\/semmelweis.hu\/emk\/files\/2026\/09\/20260901_105816-768x437.jpg 768w, https:\/\/semmelweis.hu\/emk\/files\/2026\/09\/20260901_105816-753x428.jpg 753w, https:\/\/semmelweis.hu\/emk\/files\/2026\/09\/20260901_105816.jpg 1000w\" >\n        <\/a><\/div><\/span>\n            <\/div>\n\n            [\/slb_exclude]\n\t\n","protected":false},"excerpt":{"rendered":"<p>2026. szeptember 1-j\u00e9n megkezdt\u00e9k tanulm\u00e1nyaikat az <a href=\"https:\/\/semmelweis.hu\/emk\/oktatas\/mesterkepzes\/egeszsegugyi-adattudomany-msc\/\" target=\"_blank\" rel=\"noopener\">eg\u00e9szs\u00e9g\u00fcgyi adattudom\u00e1ny mesterk\u00e9pz\u00e9s\u00fcnk<\/a> frissen felvett hallgat\u00f3i (AMSc26). Igazgat\u00f3nk, <a href=\"https:\/\/semmelweis.hu\/emk\/oktatas\/munkatarsak-oktatoi-csapat\/szocska-miklos-dr\/\" target=\"_blank\" rel=\"noopener\">Prof. Dr. Sz\u00f3cska Mikl\u00f3s<\/a> k\u00f6sz\u00f6nt\u00f6tte az \u00e9vfolyamot ismertetve az int\u00e9zetben zajl\u00f3 oktat\u00e1si \u00e9s kutat\u00e1s-fejleszt\u00e9si munk\u00e1t. <a href=\"https:\/\/semmelweis.hu\/emk\/oktatas\/munkatarsak-oktatoi-csapat\/joo-tamas-dr\/\" target=\"_blank\" rel=\"noopener\">Dr. Jo\u00f3 Tam\u00e1s<\/a> , a program vezet\u0151je, r\u00e9szletezte a k\u00e9pz\u00e9s legfontosabb tudnival\u00f3it, a hallgat\u00f3k \u00e1ltal el\u00e9rhet\u0151 publik\u00e1ci\u00f3s \u00e9s kutat\u00e1si lehet\u0151s\u00e9geket. El\u0151ad\u00e1s\u00e1ban v\u00e1zolta a mesterk\u00e9pz\u00e9sen elsaj\u00e1t\u00edthat\u00f3 t\u00e9m\u00e1k egyik f\u0151 alapj\u00e1t k\u00e9pez\u0151 mesters\u00e9ges intelligencia szerep\u00e9t &#8211; a kih\u00edv\u00e1sokat &hellip;<\/p>\n","protected":false},"author":102350,"featured_media":27912,"comment_status":"closed","ping_status":"closed","sticky":false,"template":"","format":"standard","meta":{"_acf_changed":false,"footnotes":""},"categories":[6],"tags":[503],"class_list":["post-27910","post","type-post","status-publish","format-standard","has-post-thumbnail","hentry","category-hirek","tag-egeszsegugyi-adattudomany"],"acf":[],"_links":{"self":[{"href":"https:\/\/semmelweis.hu\/emk\/wp-json\/wp\/v2\/posts\/27910","targetHints":{"allow":["GET"]}}],"collection":[{"href":"https:\/\/semmelweis.hu\/emk\/wp-json\/wp\/v2\/posts"}],"about":[{"href":"https:\/\/semmelweis.hu\/emk\/wp-json\/wp\/v2\/types\/post"}],"author":[{"embeddable":true,"href":"https:\/\/semmelweis.hu\/emk\/wp-json\/wp\/v2\/users\/102350"}],"replies":[{"embeddable":true,"href":"https:\/\/semmelweis.hu\/emk\/wp-json\/wp\/v2\/comments?post=27910"}],"version-history":[{"count":10,"href":"https:\/\/semmelweis.hu\/emk\/wp-json\/wp\/v2\/posts\/27910\/revisions"}],"predecessor-version":[{"id":27930,"href":"https:\/\/semmelweis.hu\/emk\/wp-json\/wp\/v2\/posts\/27910\/revisions\/27930"}],"wp:featuredmedia":[{"embeddable":true,"href":"https:\/\/semmelweis.hu\/emk\/wp-json\/wp\/v2\/media\/27912"}],"wp:attachment":[{"href":"https:\/\/semmelweis.hu\/emk\/wp-json\/wp\/v2\/media?parent=27910"}],"wp:term":[{"taxonomy":"category","embeddable":true,"href":"https:\/\/semmelweis.hu\/emk\/wp-json\/wp\/v2\/categories?post=27910"},{"taxonomy":"post_tag","embeddable":true,"href":"https:\/\/semmelweis.hu\/emk\/wp-json\/wp\/v2\/tags?post=27910"}],"curies":[{"name":"wp","href":"https:\/\/api.w.org\/{rel}","templated":true}]}}