{"id":27896,"date":"2026-09-01T11:55:23","date_gmt":"2026-09-01T09:55:23","guid":{"rendered":"https:\/\/semmelweis.hu\/emk\/?p=27896"},"modified":"2026-09-01T11:57:14","modified_gmt":"2026-09-01T09:57:14","slug":"gepi-tanulas-es-szamitogepes-jarvanytan-a-kozegeszsegugy-szolgalataban-hai-so-workshop","status":"publish","type":"post","link":"https:\/\/semmelweis.hu\/emk\/2026\/09\/01\/gepi-tanulas-es-szamitogepes-jarvanytan-a-kozegeszsegugy-szolgalataban-hai-so-workshop\/","title":{"rendered":"G\u00e9pi tanul\u00e1s \u00e9s sz\u00e1m\u00edt\u00f3g\u00e9pes j\u00e1rv\u00e1nytan a k\u00f6zeg\u00e9szs\u00e9g\u00fcgy szolg\u00e1lat\u00e1ban &#8211; \u00cdgy zajlott a HAI-SO workshop int\u00e9zet\u00fcnkben."},"content":{"rendered":"<p style=\"text-align: justify\">2026. augusztus 25-\u00e9n a <a href=\"https:\/\/semmelweis.hu\/emk\/szakertoi-tevekenyseg-projektek\/futo-projektek\/hai-so\/\" target=\"_blank\" rel=\"noopener\">HAI-SO projekt<\/a> workshopj\u00e1nak keret\u00e9ben <strong>Prof. Mauricio Santillana<\/strong>, a Northeastern University professzora \u00e9s a Harvard T.H. Chan School of Public Health epidemiol\u00f3giai adjunktus professzora tartott el\u0151ad\u00e1st <strong>\u201eMachine Learning &amp; Computational Epidemiology For Public Health\u201d<\/strong> c\u00edmmel.<\/p>\n<figure id=\"attachment_27898\" aria-describedby=\"caption-attachment-27898\" style=\"width: 1000px\" class=\"wp-caption aligncenter\"><img loading=\"lazy\" decoding=\"async\" class=\"size-full wp-image-27898\" src=\"https:\/\/semmelweis.hu\/emk\/files\/2026\/09\/HAI-SO_workshop2026aug-2.jpg\" alt=\"HAI-SO (System Optimization Driven by Healthcare Artificial Intelligence) \" width=\"1000\" height=\"821\" srcset=\"https:\/\/semmelweis.hu\/emk\/files\/2026\/09\/HAI-SO_workshop2026aug-2.jpg 1000w, https:\/\/semmelweis.hu\/emk\/files\/2026\/09\/HAI-SO_workshop2026aug-2-400x328.jpg 400w, https:\/\/semmelweis.hu\/emk\/files\/2026\/09\/HAI-SO_workshop2026aug-2-768x631.jpg 768w, https:\/\/semmelweis.hu\/emk\/files\/2026\/09\/HAI-SO_workshop2026aug-2-753x618.jpg 753w\" sizes=\"auto, (max-width: 1000px) 100vw, 1000px\" \/><figcaption id=\"caption-attachment-27898\" class=\"wp-caption-text\">Prof. Mauricio Santillana el\u0151ad\u00e1sa &#8211; \u201eMachine Learning &amp; Computational Epidemiology For Public Health\u201d<\/figcaption><\/figure>\n<p style=\"text-align: justify\">Az el\u0151ad\u00e1s azt mutatta be, hogyan alkalmazhat\u00f3k a <strong>g\u00e9pi tanul\u00e1s \u00e9s a sz\u00e1m\u00edt\u00f3g\u00e9pes j\u00e1rv\u00e1nytan<\/strong> m\u00f3dszerei a k\u00f6zeg\u00e9szs\u00e9g\u00fcgyben. Az eg\u00e9szs\u00e9g\u00fcgyi adatok mennyis\u00e9g\u00e9nek \u00e9s sokf\u00e9les\u00e9g\u00e9nek n\u00f6veked\u00e9s\u00e9vel a korszer\u0171, adatvez\u00e9relt megk\u00f6zel\u00edt\u00e9sek \u00faj lehet\u0151s\u00e9geket k\u00edn\u00e1lnak a betegs\u00e9gek dinamik\u00e1j\u00e1nak nyomon k\u00f6vet\u00e9s\u00e9re \u00e9s el\u0151rejelz\u00e9s\u00e9re, valamint a bizony\u00edt\u00e9kokon alapul\u00f3 k\u00f6zeg\u00e9szs\u00e9g\u00fcgyi d\u00f6nt\u00e9shozatal t\u00e1mogat\u00e1s\u00e1ra.<\/p>\n<figure id=\"attachment_27899\" aria-describedby=\"caption-attachment-27899\" style=\"width: 1000px\" class=\"wp-caption alignnone\"><img loading=\"lazy\" decoding=\"async\" class=\"wp-image-27899 size-full\" src=\"https:\/\/semmelweis.hu\/emk\/files\/2026\/09\/HAI-SO_workshop2026aug-3.jpg\" alt=\"HAI-SO (System Optimization Driven by Healthcare Artificial Intelligence) \" width=\"1000\" height=\"704\" srcset=\"https:\/\/semmelweis.hu\/emk\/files\/2026\/09\/HAI-SO_workshop2026aug-3.jpg 1000w, https:\/\/semmelweis.hu\/emk\/files\/2026\/09\/HAI-SO_workshop2026aug-3-400x282.jpg 400w, https:\/\/semmelweis.hu\/emk\/files\/2026\/09\/HAI-SO_workshop2026aug-3-768x541.jpg 768w, https:\/\/semmelweis.hu\/emk\/files\/2026\/09\/HAI-SO_workshop2026aug-3-753x530.jpg 753w\" sizes=\"auto, (max-width: 1000px) 100vw, 1000px\" \/><figcaption id=\"caption-attachment-27899\" class=\"wp-caption-text\">Dr. Sz\u00f3cska Mikl\u00f3s \u00e9s Prof. Mauricio Santillana<\/figcaption><\/figure>\n<p style=\"text-align: justify\">A workshop kiv\u00e1l\u00f3 lehet\u0151s\u00e9get biztos\u00edtott a HAI-SO projektben r\u00e9szt vev\u0151 kutat\u00f3k \u00e9s szakemberek sz\u00e1m\u00e1ra a <strong>tud\u00e1smegoszt\u00e1sra<\/strong> \u00e9s a <strong>nemzetk\u00f6zi egy\u00fcttm\u0171k\u00f6d\u00e9s<\/strong> er\u0151s\u00edt\u00e9s\u00e9re.<\/p>\n<p style=\"text-align: justify\">A Harvard szak\u00e9rt\u0151inek bevon\u00e1sa egy\u00fattal t\u00e1mogatja a projekt elk\u00f6telezetts\u00e9g\u00e9t az er\u0151s <strong>nemzetk\u00f6zi tudom\u00e1nyos partners\u00e9gek<\/strong> kialak\u00edt\u00e1sa ir\u00e1nt az eg\u00e9szs\u00e9g\u00fcgyi mesters\u00e9ges intelligencia \u00e9s az adatvez\u00e9relt rendszeroptimaliz\u00e1l\u00e1s ter\u00fclet\u00e9n.<\/p>\n<figure id=\"attachment_27897\" aria-describedby=\"caption-attachment-27897\" style=\"width: 1000px\" class=\"wp-caption alignnone\"><img loading=\"lazy\" decoding=\"async\" class=\"wp-image-27897 size-full\" src=\"https:\/\/semmelweis.hu\/emk\/files\/2026\/09\/HAI-SO_workshop2026aug-1.jpg\" alt=\"HAI-SO (System Optimization Driven by Healthcare Artificial Intelligence) \" width=\"1000\" height=\"671\" srcset=\"https:\/\/semmelweis.hu\/emk\/files\/2026\/09\/HAI-SO_workshop2026aug-1.jpg 1000w, https:\/\/semmelweis.hu\/emk\/files\/2026\/09\/HAI-SO_workshop2026aug-1-400x268.jpg 400w, https:\/\/semmelweis.hu\/emk\/files\/2026\/09\/HAI-SO_workshop2026aug-1-768x515.jpg 768w, https:\/\/semmelweis.hu\/emk\/files\/2026\/09\/HAI-SO_workshop2026aug-1-753x505.jpg 753w, https:\/\/semmelweis.hu\/emk\/files\/2026\/09\/HAI-SO_workshop2026aug-1-203x135.jpg 203w\" sizes=\"auto, (max-width: 1000px) 100vw, 1000px\" \/><figcaption id=\"caption-attachment-27897\" class=\"wp-caption-text\">A HAI-SO projekt workshopj\u00e1nak r\u00e9sztvev\u0151i<\/figcaption><\/figure>\n<div class=\"fontos_div w-100\">\n<p style=\"text-align: justify\">A <strong>HAI-SO (<em>System Optimization Driven by Healthcare Artificial Intelligence<\/em>) projekt<\/strong> c\u00e9lja, hogy a <a href=\"https:\/\/semmelweis.hu\/emk\/elerhetosegek\/mesterseges-intelligencia-az-egeszsegugyben-hirlevel\/\" target=\"_blank\" rel=\"noopener\"><strong>mesters\u00e9ges intelligencia<\/strong><\/a> \u00e9s a nagyl\u00e9pt\u00e9k\u0171 <a href=\"https:\/\/semmelweis.hu\/emk\/oktatas\/mesterkepzes\/egeszsegugyi-adattudomany-msc\/\" target=\"_blank\" rel=\"noopener\"><strong>eg\u00e9szs\u00e9g\u00fcgyi adatelemz\u00e9s<\/strong><\/a> eszk\u00f6zeivel hozz\u00e1j\u00e1ruljon az eg\u00e9szs\u00e9g\u00fcgyi rendszerek hat\u00e9konyabb m\u0171k\u00f6d\u00e9s\u00e9hez \u00e9s rendszer szint\u0171 optimaliz\u00e1ci\u00f3j\u00e1hoz.<\/p>\n<\/div>\n","protected":false},"excerpt":{"rendered":"<p>2026. augusztus 25-\u00e9n a <a href=\"https:\/\/semmelweis.hu\/emk\/szakertoi-tevekenyseg-projektek\/futo-projektek\/hai-so\/\" target=\"_blank\" rel=\"noopener\">HAI-SO projekt<\/a> workshopj\u00e1nak keret\u00e9ben Prof. Mauricio Santillana, a Northeastern University professzora \u00e9s a Harvard T.H. Chan School of Public Health epidemiol\u00f3giai adjunktus professzora tartott el\u0151ad\u00e1st \u201eMachine Learning &amp; Computational Epidemiology For Public Health\u201d c\u00edmmel. Az el\u0151ad\u00e1s azt mutatta be, hogyan alkalmazhat\u00f3k a g\u00e9pi tanul\u00e1s \u00e9s a sz\u00e1m\u00edt\u00f3g\u00e9pes j\u00e1rv\u00e1nytan m\u00f3dszerei a k\u00f6zeg\u00e9szs\u00e9g\u00fcgyben. Az eg\u00e9szs\u00e9g\u00fcgyi &hellip;<\/p>\n","protected":false},"author":102350,"featured_media":27897,"comment_status":"closed","ping_status":"closed","sticky":false,"template":"","format":"standard","meta":{"_acf_changed":false,"footnotes":""},"categories":[6],"tags":[1354],"class_list":["post-27896","post","type-post","status-publish","format-standard","has-post-thumbnail","hentry","category-hirek","tag-hai-so"],"acf":[],"_links":{"self":[{"href":"https:\/\/semmelweis.hu\/emk\/wp-json\/wp\/v2\/posts\/27896","targetHints":{"allow":["GET"]}}],"collection":[{"href":"https:\/\/semmelweis.hu\/emk\/wp-json\/wp\/v2\/posts"}],"about":[{"href":"https:\/\/semmelweis.hu\/emk\/wp-json\/wp\/v2\/types\/post"}],"author":[{"embeddable":true,"href":"https:\/\/semmelweis.hu\/emk\/wp-json\/wp\/v2\/users\/102350"}],"replies":[{"embeddable":true,"href":"https:\/\/semmelweis.hu\/emk\/wp-json\/wp\/v2\/comments?post=27896"}],"version-history":[{"count":3,"href":"https:\/\/semmelweis.hu\/emk\/wp-json\/wp\/v2\/posts\/27896\/revisions"}],"predecessor-version":[{"id":27902,"href":"https:\/\/semmelweis.hu\/emk\/wp-json\/wp\/v2\/posts\/27896\/revisions\/27902"}],"wp:featuredmedia":[{"embeddable":true,"href":"https:\/\/semmelweis.hu\/emk\/wp-json\/wp\/v2\/media\/27897"}],"wp:attachment":[{"href":"https:\/\/semmelweis.hu\/emk\/wp-json\/wp\/v2\/media?parent=27896"}],"wp:term":[{"taxonomy":"category","embeddable":true,"href":"https:\/\/semmelweis.hu\/emk\/wp-json\/wp\/v2\/categories?post=27896"},{"taxonomy":"post_tag","embeddable":true,"href":"https:\/\/semmelweis.hu\/emk\/wp-json\/wp\/v2\/tags?post=27896"}],"curies":[{"name":"wp","href":"https:\/\/api.w.org\/{rel}","templated":true}]}}