{"id":27107,"date":"2026-04-22T14:51:43","date_gmt":"2026-04-22T12:51:43","guid":{"rendered":"https:\/\/semmelweis.hu\/emk\/?p=27107"},"modified":"2026-04-22T14:57:49","modified_gmt":"2026-04-22T12:57:49","slug":"menedzsment-innovaciok-az-egeszsegugyben-hazi-konferencian-jartak-a-vegzos-egeszsegugyi-menedzser-hallgatoink","status":"publish","type":"post","link":"https:\/\/semmelweis.hu\/emk\/2026\/04\/22\/menedzsment-innovaciok-az-egeszsegugyben-hazi-konferencian-jartak-a-vegzos-egeszsegugyi-menedzser-hallgatoink\/","title":{"rendered":"Menedzsment-innov\u00e1ci\u00f3k az eg\u00e9szs\u00e9g\u00fcgyben &#8211; h\u00e1zi konferenci\u00e1n j\u00e1rtak a v\u00e9gz\u0151s eg\u00e9szs\u00e9g\u00fcgyi menedzser hallgat\u00f3ink"},"content":{"rendered":"<p style=\"text-align: justify\">V\u00e9g\u00e9hez k\u00f6zeledik az <strong><a href=\"https:\/\/semmelweis.hu\/emk\/oktatas\/mesterkepzes\/egeszsegugyi-menedzser-msc\/\" target=\"_blank\" rel=\"noopener\">eg\u00e9szs\u00e9g\u00fcgyi menedzserk\u00e9pz\u00e9s<\/a><\/strong>\u00fcnk\u00a02024-es \u00e9vfolyamainak k\u00e9pz\u00e9se. A k\u00e9t v\u00e9gz\u0151s \u00e9vfolyam a <span class=\"html-span xdj266r x14z9mp xat24cr x1lziwak xexx8yu xyri2b x18d9i69 x1c1uobl x1hl2dhg x16tdsg8 x1vvkbs\"><span class=\"xt0psk2\"><span class=\"xjp7ctv\">Semmelweis Egyetem EKK Eg\u00e9szs\u00e9g\u00fcgyi Menedzserk\u00e9pz\u0151 K\u00f6zpont<\/span><\/span><\/span> (EMK) hagyom\u00e1nyai szerint k\u00e9t napra elvonult Balatonsz\u00e1rsz\u00f3ra, hogy ki-ki besz\u00e1moljon a projektj\u00e9r\u0151l, megossza tapasztalatait a <strong>Menedzsment-innov\u00e1ci\u00f3k az eg\u00e9szs\u00e9g\u00fcgyben <\/strong>c\u00edmet visel\u0151 h\u00e1zi konferenci\u00e1n.<\/p>\n<p><img loading=\"lazy\" decoding=\"async\" class=\"aligncenter size-full wp-image-27108\" src=\"https:\/\/semmelweis.hu\/emk\/files\/2026\/04\/EMSc24_balatonszarszo-1_web.jpg\" alt=\"eg\u00e9szs\u00e9g\u00fcgyi menedzser 2024\" width=\"1000\" height=\"529\" srcset=\"https:\/\/semmelweis.hu\/emk\/files\/2026\/04\/EMSc24_balatonszarszo-1_web.jpg 1000w, https:\/\/semmelweis.hu\/emk\/files\/2026\/04\/EMSc24_balatonszarszo-1_web-400x212.jpg 400w, https:\/\/semmelweis.hu\/emk\/files\/2026\/04\/EMSc24_balatonszarszo-1_web-768x406.jpg 768w, https:\/\/semmelweis.hu\/emk\/files\/2026\/04\/EMSc24_balatonszarszo-1_web-753x398.jpg 753w\" sizes=\"auto, (max-width: 1000px) 100vw, 1000px\" \/><\/p>\n<p><img loading=\"lazy\" decoding=\"async\" class=\"aligncenter size-full wp-image-27109\" src=\"https:\/\/semmelweis.hu\/emk\/files\/2026\/04\/EMSc24_balatonszarszo-2_web.jpg\" alt=\"eg\u00e9szs\u00e9g\u00fcgyi menedzser 2024\" width=\"1000\" height=\"530\" srcset=\"https:\/\/semmelweis.hu\/emk\/files\/2026\/04\/EMSc24_balatonszarszo-2_web.jpg 1000w, https:\/\/semmelweis.hu\/emk\/files\/2026\/04\/EMSc24_balatonszarszo-2_web-400x212.jpg 400w, https:\/\/semmelweis.hu\/emk\/files\/2026\/04\/EMSc24_balatonszarszo-2_web-768x407.jpg 768w, https:\/\/semmelweis.hu\/emk\/files\/2026\/04\/EMSc24_balatonszarszo-2_web-753x399.jpg 753w\" sizes=\"auto, (max-width: 1000px) 100vw, 1000px\" \/><\/p>\n<div class=\"w-100 fontos_div\">M\u00e1r v\u00e9gzett hallgat\u00f3ink \u00edgy v\u00e9lekedtek k\u00e9pz\u00e9s\u00fcnkr\u0151l: <strong><a href=\"https:\/\/semmelweis.hu\/emk\/oktatas\/mesterkepzes\/egeszsegugyi-menedzser-msc\/#hallgatoinkmondtak\" target=\"_blank\" rel=\"noopener\">Hallgat\u00f3ink mondt\u00e1k\u00a0<\/a><\/strong><\/div>\n","protected":false},"excerpt":{"rendered":"<p>V\u00e9g\u00e9hez k\u00f6zeledik az <a href=\"https:\/\/semmelweis.hu\/emk\/oktatas\/mesterkepzes\/egeszsegugyi-menedzser-msc\/\" target=\"_blank\" rel=\"noopener\">eg\u00e9szs\u00e9g\u00fcgyi menedzserk\u00e9pz\u00e9s<\/a>\u00fcnk\u00a02024-es \u00e9vfolyamainak k\u00e9pz\u00e9se. A k\u00e9t v\u00e9gz\u0151s \u00e9vfolyam a Semmelweis Egyetem EKK Eg\u00e9szs\u00e9g\u00fcgyi Menedzserk\u00e9pz\u0151 K\u00f6zpont (EMK) hagyom\u00e1nyai szerint k\u00e9t napra elvonult Balatonsz\u00e1rsz\u00f3ra, hogy ki-ki besz\u00e1moljon a projektj\u00e9r\u0151l, megossza tapasztalatait a Menedzsment-innov\u00e1ci\u00f3k az eg\u00e9szs\u00e9g\u00fcgyben c\u00edmet visel\u0151 h\u00e1zi konferenci\u00e1n.<\/p>\n<p>M\u00e1r v\u00e9gzett hallgat\u00f3ink \u00edgy v\u00e9lekedtek k\u00e9pz\u00e9s\u00fcnkr\u0151l: <a href=\"https:\/\/semmelweis.hu\/emk\/oktatas\/mesterkepzes\/egeszsegugyi-menedzser-msc\/#hallgatoinkmondtak\" target=\"_blank\" rel=\"noopener\">Hallgat\u00f3ink mondt\u00e1k\u00a0<\/a><\/p>\n","protected":false},"author":102350,"featured_media":27108,"comment_status":"closed","ping_status":"closed","sticky":false,"template":"","format":"standard","meta":{"_acf_changed":false,"footnotes":""},"categories":[6],"tags":[366,1272,1270],"class_list":["post-27107","post","type-post","status-publish","format-standard","has-post-thumbnail","hentry","category-hirek","tag-egeszsegugyi-menedzser","tag-innovacio","tag-menedzsment"],"acf":[],"_links":{"self":[{"href":"https:\/\/semmelweis.hu\/emk\/wp-json\/wp\/v2\/posts\/27107","targetHints":{"allow":["GET"]}}],"collection":[{"href":"https:\/\/semmelweis.hu\/emk\/wp-json\/wp\/v2\/posts"}],"about":[{"href":"https:\/\/semmelweis.hu\/emk\/wp-json\/wp\/v2\/types\/post"}],"author":[{"embeddable":true,"href":"https:\/\/semmelweis.hu\/emk\/wp-json\/wp\/v2\/users\/102350"}],"replies":[{"embeddable":true,"href":"https:\/\/semmelweis.hu\/emk\/wp-json\/wp\/v2\/comments?post=27107"}],"version-history":[{"count":4,"href":"https:\/\/semmelweis.hu\/emk\/wp-json\/wp\/v2\/posts\/27107\/revisions"}],"predecessor-version":[{"id":27114,"href":"https:\/\/semmelweis.hu\/emk\/wp-json\/wp\/v2\/posts\/27107\/revisions\/27114"}],"wp:featuredmedia":[{"embeddable":true,"href":"https:\/\/semmelweis.hu\/emk\/wp-json\/wp\/v2\/media\/27108"}],"wp:attachment":[{"href":"https:\/\/semmelweis.hu\/emk\/wp-json\/wp\/v2\/media?parent=27107"}],"wp:term":[{"taxonomy":"category","embeddable":true,"href":"https:\/\/semmelweis.hu\/emk\/wp-json\/wp\/v2\/categories?post=27107"},{"taxonomy":"post_tag","embeddable":true,"href":"https:\/\/semmelweis.hu\/emk\/wp-json\/wp\/v2\/tags?post=27107"}],"curies":[{"name":"wp","href":"https:\/\/api.w.org\/{rel}","templated":true}]}}