{"id":27086,"date":"2025-05-20T13:21:50","date_gmt":"2025-05-20T11:21:50","guid":{"rendered":"https:\/\/semmelweis.hu\/emk\/?p=27086"},"modified":"2026-04-17T13:30:51","modified_gmt":"2026-04-17T11:30:51","slug":"65-ev-alatti-felnott-cukorbetegek-halalozasanak-es-stroke-elofordulasanak-kapcsolata-a-gondozas-gyakorisagaval","status":"publish","type":"post","link":"https:\/\/semmelweis.hu\/emk\/2025\/05\/20\/65-ev-alatti-felnott-cukorbetegek-halalozasanak-es-stroke-elofordulasanak-kapcsolata-a-gondozas-gyakorisagaval\/","title":{"rendered":"65 \u00e9v alatti feln\u0151tt cukorbetegek hal\u00e1loz\u00e1s\u00e1nak \u00e9s stroke-el\u0151fordul\u00e1s\u00e1nak kapcsolata a gondoz\u00e1s gyakoris\u00e1g\u00e1val"},"content":{"rendered":"<p style=\"text-align: justify\"><b>Dr. D\u00f3zsa\u00a0Katalin\u00a0M\u00e1ria, B\u00e9res\u00a0Orsolya, Dr. Bessenyey\u00a0Borb\u00e1la, Kov\u00e1ts\u00a0Tam\u00e1s, T\u00f3th\u00a0Tam\u00e1s, Dr. Pollner\u00a0P\u00e9ter<\/b><span style=\"font-weight: 400\">, int\u00e9zet\u00fcnk kutat\u00f3i \u00e9s szerz\u0151t\u00e1rsaik a hazai alapell\u00e1t\u00e1si adatokra \u00e9p\u00edtve vizsg\u00e1lt\u00e1k, hogy a cukorbetegek gondoz\u00e1s\u00e1nak rendszeress\u00e9ge milyen \u00f6sszef\u00fcgg\u00e9st mutat a s\u00falyos kimenetelekkel, k\u00fcl\u00f6n\u00f6sen a stroke el\u0151fordul\u00e1s\u00e1val \u00e9s a hal\u00e1loz\u00e1ssal.\u00a0<\/span><\/p>\n<div class=\"w-100 fontos_div\" style=\"text-align: justify\"><span style=\"font-weight: 400\">A <\/span><span style=\"font-weight: 400\"><strong>Diabetologia Hungaric\u00e1ban<\/strong> megjelent <\/span><span style=\"font-weight: 400\">kutat\u00e1s c\u00e9lja egy olyan \u00faj <strong>indik\u00e1tor<\/strong> kialak\u00edt\u00e1sa \u00e9s tesztel\u00e9se volt, amely a h\u00e1ziorvosi ell\u00e1t\u00e1s min\u0151s\u00e9g\u00e9vel is kapcsolatba hozhat\u00f3, \u00e9s illeszkedik a szakmai ir\u00e1nyelvekhez.<\/span><\/div>\n<p style=\"text-align: justify\"><span style=\"font-weight: 400\">A vizsg\u00e1lat a 2010\u20132019 k\u00f6z\u00f6tti id\u0151szakra terjedt ki, \u00e9s a Nemzeti Eg\u00e9szs\u00e9gbiztos\u00edt\u00e1si Alapkezel\u0151 adatb\u00e1zis\u00e1nak felhaszn\u00e1l\u00e1s\u00e1val elemezte a <strong>18\u201364 \u00e9v k\u00f6z\u00f6tti cukorbetegek ell\u00e1t\u00e1s\u00e1t<\/strong>. Az elemz\u00e9s az antidiabetikum-fel\u00edr\u00e1sokra, a gy\u00f3gyszerkiv\u00e1lt\u00e1sokra, valamint a HbA1c-vizsg\u00e1latokra \u00e9p\u00fclt. A betegeket a gondoz\u00e1s gyakoris\u00e1ga alapj\u00e1n k\u00e9t csoportra osztott\u00e1k (rendszeresen \u00e9s nem rendszeresen gondozottak), majd \u00f6sszehasonl\u00edtott\u00e1k k\u00f6r\u00fckben a <strong>stroke<\/strong> el\u0151fordul\u00e1s\u00e1t \u00e9s a <strong>hal\u00e1loz\u00e1si<\/strong> mutat\u00f3kat.<\/span><\/p>\n<p style=\"text-align: justify\"><span style=\"font-weight: 400\">A hal\u00e1loz\u00e1s tekintet\u00e9ben jelent\u0151s k\u00fcl\u00f6nbs\u00e9g mutatkozott: a nem rendszeresen gondozottak standardiz\u00e1lt hal\u00e1loz\u00e1sa mintegy nyolcszorosa volt a rendszeresen gondozottak\u00e9nak. B\u00e1r a stroke el\u0151fordul\u00e1sa \u00f6sszess\u00e9g\u00e9ben enyh\u00e9n cs\u00f6kkent, a CT-vel igazolt stroke-on \u00e1tesett betegek k\u00f6r\u00e9ben a hal\u00e1loz\u00e1s n\u00f6vekv\u0151 tendenci\u00e1t mutatott a nem rendszeresen gondozottakn\u00e1l, m\u00edg a rendszeresen gondozottakn\u00e1l nem v\u00e1ltozott \u00e9rdemben.\u00a0<\/span><\/p>\n<p style=\"text-align: justify\">A vizsg\u00e1lat alapj\u00e1n a gondoz\u00e1s rendszeress\u00e9ge szorosan \u00f6sszefon\u00f3dik a stroke \u00e9s a hal\u00e1loz\u00e1s kock\u00e1zat\u00e1val, \u00e9s lehet\u0151s\u00e9get ad egy, a h\u00e1ziorvosi ell\u00e1t\u00e1s teljes\u00edtm\u00e9ny\u00e9hez is k\u00f6thet\u0151 indik\u00e1tor alkalmaz\u00e1s\u00e1ra.<\/p>\n<div class=\"w-100 keretes\" style=\"text-align: justify\"><span style=\"font-weight: 400\">A cikk teljes terjedelm\u00e9ben ezen a linken \u00e9rhet\u0151 el: <\/span><a href=\"https:\/\/diabet.hu\/upload\/diabetes\/magazine\/dh25s1-preview.pdf?web_id=\" target=\"_blank\" rel=\"noopener\"><b>65 \u00e9v alatti feln\u0151tt cukorbetegek hal\u00e1loz\u00e1s\u00e1nak \u00e9s stroke-el\u0151fordul\u00e1s\u00e1nak kapcsolata a gondoz\u00e1s gyakoris\u00e1g\u00e1val<\/b><\/a><\/div>\n<figure id=\"attachment_27035\" aria-describedby=\"caption-attachment-27035\" style=\"width: 800px\" class=\"wp-caption aligncenter\"><img loading=\"lazy\" decoding=\"async\" class=\"size-full wp-image-27035\" src=\"https:\/\/semmelweis.hu\/emk\/files\/2026\/04\/256_kozlemeny_EMK_cover.jpg\" alt=\"diab\u00e9tesz\" width=\"800\" height=\"400\" srcset=\"https:\/\/semmelweis.hu\/emk\/files\/2026\/04\/256_kozlemeny_EMK_cover.jpg 800w, https:\/\/semmelweis.hu\/emk\/files\/2026\/04\/256_kozlemeny_EMK_cover-400x200.jpg 400w, https:\/\/semmelweis.hu\/emk\/files\/2026\/04\/256_kozlemeny_EMK_cover-768x384.jpg 768w, https:\/\/semmelweis.hu\/emk\/files\/2026\/04\/256_kozlemeny_EMK_cover-753x377.jpg 753w\" sizes=\"auto, (max-width: 800px) 100vw, 800px\" \/><figcaption id=\"caption-attachment-27035\" class=\"wp-caption-text\">EMK webh\u00edrek N\u00f3ri &#8211; 182 Orvosi Hetilap<\/figcaption><\/figure>\n","protected":false},"excerpt":{"rendered":"<p>Dr. D\u00f3zsa\u00a0Katalin\u00a0M\u00e1ria, B\u00e9res\u00a0Orsolya, Dr. Bessenyey\u00a0Borb\u00e1la, Kov\u00e1ts\u00a0Tam\u00e1s, T\u00f3th\u00a0Tam\u00e1s, Dr. Pollner\u00a0P\u00e9ter, int\u00e9zet\u00fcnk kutat\u00f3i \u00e9s szerz\u0151t\u00e1rsaik a hazai alapell\u00e1t\u00e1si adatokra \u00e9p\u00edtve vizsg\u00e1lt\u00e1k, hogy a cukorbetegek gondoz\u00e1s\u00e1nak rendszeress\u00e9ge milyen \u00f6sszef\u00fcgg\u00e9st mutat a s\u00falyos kimenetelekkel, k\u00fcl\u00f6n\u00f6sen a stroke el\u0151fordul\u00e1s\u00e1val \u00e9s a hal\u00e1loz\u00e1ssal.\u00a0 A Diabetologia Hungaric\u00e1ban megjelent kutat\u00e1s c\u00e9lja egy olyan \u00faj indik\u00e1tor kialak\u00edt\u00e1sa \u00e9s tesztel\u00e9se volt, amely a h\u00e1ziorvosi ell\u00e1t\u00e1s &hellip;<\/p>\n","protected":false},"author":102350,"featured_media":27035,"comment_status":"closed","ping_status":"closed","sticky":false,"template":"","format":"standard","meta":{"_acf_changed":false,"footnotes":""},"categories":[6],"tags":[338,1040,1255,547],"class_list":["post-27086","post","type-post","status-publish","format-standard","has-post-thumbnail","hentry","category-hirek","tag-cukorbetegseg","tag-diabetesz","tag-diabetologia-hungarica","tag-stroke"],"acf":[],"_links":{"self":[{"href":"https:\/\/semmelweis.hu\/emk\/wp-json\/wp\/v2\/posts\/27086","targetHints":{"allow":["GET"]}}],"collection":[{"href":"https:\/\/semmelweis.hu\/emk\/wp-json\/wp\/v2\/posts"}],"about":[{"href":"https:\/\/semmelweis.hu\/emk\/wp-json\/wp\/v2\/types\/post"}],"author":[{"embeddable":true,"href":"https:\/\/semmelweis.hu\/emk\/wp-json\/wp\/v2\/users\/102350"}],"replies":[{"embeddable":true,"href":"https:\/\/semmelweis.hu\/emk\/wp-json\/wp\/v2\/comments?post=27086"}],"version-history":[{"count":1,"href":"https:\/\/semmelweis.hu\/emk\/wp-json\/wp\/v2\/posts\/27086\/revisions"}],"predecessor-version":[{"id":27087,"href":"https:\/\/semmelweis.hu\/emk\/wp-json\/wp\/v2\/posts\/27086\/revisions\/27087"}],"wp:featuredmedia":[{"embeddable":true,"href":"https:\/\/semmelweis.hu\/emk\/wp-json\/wp\/v2\/media\/27035"}],"wp:attachment":[{"href":"https:\/\/semmelweis.hu\/emk\/wp-json\/wp\/v2\/media?parent=27086"}],"wp:term":[{"taxonomy":"category","embeddable":true,"href":"https:\/\/semmelweis.hu\/emk\/wp-json\/wp\/v2\/categories?post=27086"},{"taxonomy":"post_tag","embeddable":true,"href":"https:\/\/semmelweis.hu\/emk\/wp-json\/wp\/v2\/tags?post=27086"}],"curies":[{"name":"wp","href":"https:\/\/api.w.org\/{rel}","templated":true}]}}