{"id":27083,"date":"2026-01-12T13:13:41","date_gmt":"2026-01-12T12:13:41","guid":{"rendered":"https:\/\/semmelweis.hu\/emk\/?p=27083"},"modified":"2026-04-17T13:17:21","modified_gmt":"2026-04-17T11:17:21","slug":"betegbiztonsag-a-kezdetektol","status":"publish","type":"post","link":"https:\/\/semmelweis.hu\/emk\/2026\/01\/12\/betegbiztonsag-a-kezdetektol\/","title":{"rendered":"Betegbiztons\u00e1g a kezdetekt\u0151l!"},"content":{"rendered":"<p style=\"text-align: justify\"><b>Ugrin Irina<\/b><span style=\"font-weight: 400\"> \u00e9s <\/span><a href=\"https:\/\/semmelweis.hu\/emk\/oktatas\/munkatarsak-oktatoi-csapat\/sinka-laszlone-adamik-erika\/\" target=\"_blank\" rel=\"noopener\"><b>Sinka L\u00e1szl\u00f3n\u00e9 Adamik Erika<\/b><\/a><span style=\"font-weight: 400\">, <\/span><span style=\"font-weight: 400\">int\u00e9zet\u00fcnk <\/span><a href=\"https:\/\/semmelweis.hu\/ekk\/tanszekek\/betegbiztonsagi-tanszek\/\" target=\"_blank\" rel=\"noopener\"><span style=\"font-weight: 400\">Betegbiztons\u00e1gi tansz\u00e9k\u00e9nek<\/span><\/a><span style=\"font-weight: 400\"> munkat\u00e1rsai, az<\/span><a href=\"https:\/\/ime.memt.hu\/\" target=\"_blank\" rel=\"noopener\"><span style=\"font-weight: 400\"> IME Eg\u00e9szs\u00e9g\u00fcgyi vezet\u0151k szaklapja, tudom\u00e1nyos foly\u00f3irat<\/span><\/a><span style=\"font-weight: 400\">ba<\/span><span style=\"font-weight: 400\">n <\/span><span style=\"font-weight: 400\">megjelent besz\u00e1mol\u00f3jukban<\/span> <span style=\"font-weight: 400\">a 2025. szeptember 17-\u00e9n megrendezett<\/span><a href=\"https:\/\/semmelweis.hu\/hirek\/2025\/09\/22\/neves-forum-fokuszban-a-betegbiztonsag-javitasa-a-gyermekellatasban\/\" target=\"_blank\" rel=\"noopener\"><b> VII. Betegbiztons\u00e1gi Vil\u00e1gnapi Konferenci\u00e1r\u00f3l <\/b><\/a><span style=\"font-weight: 400\">\u00edrtak, amelynek f\u0151 t\u00e9m\u00e1ja a <\/span><b>\u201eBiztons\u00e1gos ell\u00e1t\u00e1s minden \u00fajsz\u00fcl\u00f6tt \u00e9s minden gyermek sz\u00e1m\u00e1ra\u201d<\/b><span style=\"font-weight: 400\"> volt.\u00a0<\/span><\/p>\n<p style=\"text-align: justify\"><span style=\"font-weight: 400\">A konferenci\u00e1n a szakemberek kiemelt\u00e9k, hogy a gyermekek nem kicsiny\u00edtett feln\u0151ttek, biol\u00f3giai saj\u00e1toss\u00e1gaik \u00e9s kommunik\u00e1ci\u00f3s korl\u00e1taik miatt a nemk\u00edv\u00e1natos esem\u00e9nyek hossz\u00fa t\u00e1von befoly\u00e1solhatj\u00e1k \u00e9letmin\u0151s\u00e9g\u00fcket, fejl\u0151d\u00e9s\u00fcket \u00e9s eg\u00e9szs\u00e9g\u00fcket.<\/span><\/p>\n<p style=\"text-align: justify\"><span style=\"font-weight: 400\">Az el\u0151ad\u00e1sok hangs\u00falyozt\u00e1k a megel\u0151z\u00e9s fontoss\u00e1g\u00e1t, a sz\u0171r\u0151vizsg\u00e1latok, a protokollok k\u00f6vetkezetes alkalmaz\u00e1sa, a struktur\u00e1lt k\u00e9pz\u00e9sek, valamint a sz\u00fcl\u0151k \u00e9s csal\u00e1dtagok akt\u00edv bevon\u00e1sa ter\u00e9n. Kiemelt t\u00e9mak\u00e9nt jelent meg a gyermekell\u00e1t\u00e1s biztons\u00e1ga, az infekci\u00f3kontroll, a s\u00fcrg\u0151ss\u00e9gi ell\u00e1t\u00e1s protokolljai, a digit\u00e1lis gy\u00f3gyszerel\u00e9si rendszerek, valamint a kommunik\u00e1ci\u00f3 \u00e9s a jogok \u00e9rv\u00e9nyes\u00edt\u00e9se a csal\u00e1dok bevon\u00e1s\u00e1val.<\/span><\/p>\n<p style=\"text-align: justify\"><span style=\"font-weight: 400\">A konferencia \u00fczenete vil\u00e1gos, <\/span><b>a gyermek- \u00e9s \u00fajsz\u00fcl\u00f6ttell\u00e1t\u00e1s biztons\u00e1ga csak komplex szeml\u00e9lettel, hat\u00e9kony kommunik\u00e1ci\u00f3val, eduk\u00e1ci\u00f3val \u00e9s standardiz\u00e1lt protokollok k\u00f6vetkezetes alkalmaz\u00e1s\u00e1val er\u0151s\u00edthet\u0151.<\/b><span style=\"font-weight: 400\"> A biztons\u00e1gos ell\u00e1t\u00e1s mindennapi gyakorlat\u00e1\u00e9rt a szakemberek, a sz\u00fcl\u0151k \u00e9s a d\u00f6nt\u00e9shoz\u00f3k k\u00f6z\u00f6s felel\u0151ss\u00e9ge sz\u00fcks\u00e9ges.<\/span><\/p>\n<div class=\"w-100 keretes\" style=\"text-align: justify\"><span style=\"font-weight: 400\">A VII. Betegbiztons\u00e1gi Vil\u00e1gnapi Konferenci\u00e1r\u00f3l sz\u00f3l\u00f3 besz\u00e1mol\u00f3 teljes terjedelm\u00e9ben ezen a linken \u00e9rhet\u0151 el: <\/span><a href=\"https:\/\/ojs.mtak.hu\/index.php\/ime\/article\/view\/20716\/17719\" target=\"_blank\" rel=\"noopener\"><b>Betegbiztons\u00e1g a kezdetekt\u0151l!<\/b><\/a><\/div>\n<p style=\"text-align: justify\"><img loading=\"lazy\" decoding=\"async\" class=\"aligncenter size-full wp-image-27036\" src=\"https:\/\/semmelweis.hu\/emk\/files\/2026\/04\/254_kozlemeny_EMK_cover.jpg\" alt=\"betegbiztons\u00e1gi konferencia\" width=\"800\" height=\"400\" srcset=\"https:\/\/semmelweis.hu\/emk\/files\/2026\/04\/254_kozlemeny_EMK_cover.jpg 800w, https:\/\/semmelweis.hu\/emk\/files\/2026\/04\/254_kozlemeny_EMK_cover-400x200.jpg 400w, https:\/\/semmelweis.hu\/emk\/files\/2026\/04\/254_kozlemeny_EMK_cover-768x384.jpg 768w, https:\/\/semmelweis.hu\/emk\/files\/2026\/04\/254_kozlemeny_EMK_cover-753x377.jpg 753w\" sizes=\"auto, (max-width: 800px) 100vw, 800px\" \/><\/p>\n","protected":false},"excerpt":{"rendered":"<p>Ugrin Irina \u00e9s <a href=\"https:\/\/semmelweis.hu\/emk\/oktatas\/munkatarsak-oktatoi-csapat\/sinka-laszlone-adamik-erika\/\" target=\"_blank\" rel=\"noopener\">Sinka L\u00e1szl\u00f3n\u00e9 Adamik Erika<\/a> , int\u00e9zet\u00fcnk <a href=\"https:\/\/semmelweis.hu\/ekk\/tanszekek\/betegbiztonsagi-tanszek\/\" target=\"_blank\" rel=\"noopener\">Betegbiztons\u00e1gi tansz\u00e9k\u00e9nek<\/a> munkat\u00e1rsai, az <a href=\"https:\/\/ime.memt.hu\/\" target=\"_blank\" rel=\"noopener\"> IME Eg\u00e9szs\u00e9g\u00fcgyi vezet\u0151k szaklapja, tudom\u00e1nyos foly\u00f3irat<\/a> ban megjelent besz\u00e1mol\u00f3jukban a 2025. szeptember 17-\u00e9n megrendezett <a href=\"https:\/\/semmelweis.hu\/hirek\/2025\/09\/22\/neves-forum-fokuszban-a-betegbiztonsag-javitasa-a-gyermekellatasban\/\" target=\"_blank\" rel=\"noopener\"> VII. Betegbiztons\u00e1gi Vil\u00e1gnapi Konferenci\u00e1r\u00f3l <\/a> \u00edrtak, amelynek f\u0151 t\u00e9m\u00e1ja a \u201eBiztons\u00e1gos ell\u00e1t\u00e1s minden \u00fajsz\u00fcl\u00f6tt \u00e9s minden gyermek sz\u00e1m\u00e1ra\u201d volt.\u00a0 A konferenci\u00e1n a szakemberek kiemelt\u00e9k, hogy a gyermekek nem kicsiny\u00edtett feln\u0151ttek, biol\u00f3giai saj\u00e1toss\u00e1gaik \u00e9s kommunik\u00e1ci\u00f3s korl\u00e1taik miatt a nemk\u00edv\u00e1natos esem\u00e9nyek hossz\u00fa t\u00e1von befoly\u00e1solhatj\u00e1k \u00e9letmin\u0151s\u00e9g\u00fcket, fejl\u0151d\u00e9s\u00fcket \u00e9s &hellip;<\/p>\n","protected":false},"author":102350,"featured_media":27036,"comment_status":"closed","ping_status":"closed","sticky":false,"template":"","format":"standard","meta":{"_acf_changed":false,"footnotes":""},"categories":[6],"tags":[73,994,137],"class_list":["post-27083","post","type-post","status-publish","format-standard","has-post-thumbnail","hentry","category-hirek","tag-betegbiztonsag","tag-betegbiztonsagi-vilagnap","tag-konferencia"],"acf":[],"_links":{"self":[{"href":"https:\/\/semmelweis.hu\/emk\/wp-json\/wp\/v2\/posts\/27083","targetHints":{"allow":["GET"]}}],"collection":[{"href":"https:\/\/semmelweis.hu\/emk\/wp-json\/wp\/v2\/posts"}],"about":[{"href":"https:\/\/semmelweis.hu\/emk\/wp-json\/wp\/v2\/types\/post"}],"author":[{"embeddable":true,"href":"https:\/\/semmelweis.hu\/emk\/wp-json\/wp\/v2\/users\/102350"}],"replies":[{"embeddable":true,"href":"https:\/\/semmelweis.hu\/emk\/wp-json\/wp\/v2\/comments?post=27083"}],"version-history":[{"count":2,"href":"https:\/\/semmelweis.hu\/emk\/wp-json\/wp\/v2\/posts\/27083\/revisions"}],"predecessor-version":[{"id":27085,"href":"https:\/\/semmelweis.hu\/emk\/wp-json\/wp\/v2\/posts\/27083\/revisions\/27085"}],"wp:featuredmedia":[{"embeddable":true,"href":"https:\/\/semmelweis.hu\/emk\/wp-json\/wp\/v2\/media\/27036"}],"wp:attachment":[{"href":"https:\/\/semmelweis.hu\/emk\/wp-json\/wp\/v2\/media?parent=27083"}],"wp:term":[{"taxonomy":"category","embeddable":true,"href":"https:\/\/semmelweis.hu\/emk\/wp-json\/wp\/v2\/categories?post=27083"},{"taxonomy":"post_tag","embeddable":true,"href":"https:\/\/semmelweis.hu\/emk\/wp-json\/wp\/v2\/tags?post=27083"}],"curies":[{"name":"wp","href":"https:\/\/api.w.org\/{rel}","templated":true}]}}