{"id":27079,"date":"2025-12-20T12:31:31","date_gmt":"2025-12-20T11:31:31","guid":{"rendered":"https:\/\/semmelweis.hu\/emk\/?p=27079"},"modified":"2026-04-17T12:48:21","modified_gmt":"2026-04-17T10:48:21","slug":"minden-masodik-valogatott-sportolot-erint-a-derekfajas","status":"publish","type":"post","link":"https:\/\/semmelweis.hu\/emk\/2025\/12\/20\/minden-masodik-valogatott-sportolot-erint-a-derekfajas\/","title":{"rendered":"Minden m\u00e1sodik v\u00e1logatott sportol\u00f3t \u00e9rint a der\u00e9kf\u00e1j\u00e1s"},"content":{"rendered":"<p style=\"text-align: justify\"><span style=\"font-weight: 400\">Az <\/span><b>als\u00f3 der\u00e9kt\u00e1ji f\u00e1jdalom<\/b><span style=\"font-weight: 400\"> az egyik leggyakoribb mozg\u00e1sszervi panasz vil\u00e1gszerte, amely az \u00e9lsportol\u00f3kat sem ker\u00fcli el. Magyar v\u00e1logatott sportol\u00f3k k\u00f6r\u00e9ben v\u00e9gzett kutat\u00e1st <strong>J\u00e1nkn\u00e9 Bacskai Katalin<\/strong> PhD-hallgat\u00f3 t\u00e9mavezet\u0151je, int\u00e9zet\u00fcnk munkat\u00e1rsa, <a href=\"https:\/\/semmelweis.hu\/emk\/oktatas\/munkatarsak-oktatoi-csapat\/dr-lam-judit\/\" target=\"_blank\" rel=\"noopener\"><strong>Dr. L\u00e1m Judit<\/strong><\/a> k\u00f6zrem\u0171k\u00f6d\u00e9s\u00e9vel. Eredm\u00e9nyeik arra vil\u00e1g\u00edtanak r\u00e1, hogy a probl\u00e9ma hazai szinten is kiemelked\u0151en gyakori \u00e9s a megel\u0151z\u00e9shez elengedhetetlen a kiv\u00e1lt\u00f3 t\u00e9nyez\u0151k pontosabb meg\u00e9rt\u00e9se.<\/span><\/p>\n<p style=\"text-align: justify\"><span style=\"font-weight: 400\">A <\/span><strong>Developments in Health Sciences<\/strong><span style=\"font-weight: 400\">-ben publik\u00e1lt vizsg\u00e1lat sor\u00e1n 770 v\u00e1logatott sportol\u00f3t elemeztek a k\u00f6telez\u0151 sportorvosi sz\u0171r\u00e9sek adatai \u00e9s k\u00e9rd\u0151\u00edves felm\u00e9r\u00e9s alapj\u00e1n. Az eredm\u00e9nyek szerint <\/span><b>a sportol\u00f3k k\u00f6zel fele (49,7%) tapasztalt der\u00e9kf\u00e1j\u00e1st<\/b><span style=\"font-weight: 400\">. A jelens\u00e9g szignifik\u00e1ns \u00f6sszef\u00fcgg\u00e9st mutatott a nemmel \u00e9s a sport\u00e1g t\u00edpus\u00e1val, a n\u0151k k\u00f6r\u00e9ben nagyobb ar\u00e1nyt m\u00e9rtek, \u00e9s a k\u00fczd\u0151sportokat \u0171z\u0151kn\u00e9l volt a leggyakoribb a panasz. A statisztikai elemz\u00e9s alapj\u00e1n a n\u0151i sportol\u00f3kn\u00e1l mintegy m\u00e1sf\u00e9lszer nagyobb a der\u00e9kf\u00e1j\u00e1s kialakul\u00e1s\u00e1nak es\u00e9lye.<\/span><\/p>\n<p style=\"text-align: justify\"><span style=\"font-weight: 400\">A kutat\u00e1s m\u00e1sodik r\u00e9sz\u00e9ben vizsg\u00e1lt, <\/span><b>fizioter\u00e1pi\u00e1ban r\u00e9szes\u00fcl\u0151 sportol\u00f3k t\u00f6bb mint fele \u00e1lland\u00f3 f\u00e1jdalomr\u00f3l <\/b><span style=\"font-weight: 400\">sz\u00e1molt be, \u00e9s a f\u00e1jdalom intenzit\u00e1sa jellemz\u0151en edz\u00e9sek \u00e9s versenyek ut\u00e1n volt magasabb.<\/span><\/p>\n<p style=\"text-align: justify\"><span style=\"font-weight: 400\">Az eredm\u00e9nyek meger\u0151s\u00edtik, hogy a der\u00e9kf\u00e1j\u00e1s jelent\u0151s m\u00e9rt\u00e9kben \u00e9rinti az \u00e9lsportol\u00f3kat, \u00e9s kialakul\u00e1s\u00e1ban t\u00f6bb t\u00e9nyez\u0151, k\u00f6zt\u00fck a nem \u00e9s a sport\u00e1g is szerepet j\u00e1tszik. A magas el\u0151fordul\u00e1si ar\u00e1ny a <\/span><b>megel\u0151z\u00e9s <\/b><span style=\"font-weight: 400\">fontoss\u00e1g\u00e1ra h\u00edvja fel a figyelmet, k\u00fcl\u00f6n\u00f6s tekintettel a sport\u00e1g-specifikus terhel\u00e9sre \u00e9s a versenyid\u0151szak k\u00fcl\u00f6nb\u00f6z\u0151 szakaszaira.<\/span><\/p>\n<div class=\"w-100 keretes\" style=\"text-align: justify\"><span style=\"font-weight: 400\">A teljes angol nyelv\u0171 publik\u00e1ci\u00f3 ezen a linken \u00e9rhet\u0151 el: <\/span><b><a href=\"https:\/\/akjournals.com\/view\/journals\/2066\/8\/2\/article-p123.xml\" target=\"_blank\" rel=\"noopener\">A survey on the prevalence of lower back pain in Hungarian national team athletes.<\/a>\u00a0<\/b><\/div>\n<div><img loading=\"lazy\" decoding=\"async\" class=\"aligncenter size-full wp-image-27037\" src=\"https:\/\/semmelweis.hu\/emk\/files\/2026\/04\/251_kozlemeny_EMK_cover.jpg\" alt=\"der\u00e9kf\u00e1jdalom\" width=\"800\" height=\"400\" srcset=\"https:\/\/semmelweis.hu\/emk\/files\/2026\/04\/251_kozlemeny_EMK_cover.jpg 800w, https:\/\/semmelweis.hu\/emk\/files\/2026\/04\/251_kozlemeny_EMK_cover-400x200.jpg 400w, https:\/\/semmelweis.hu\/emk\/files\/2026\/04\/251_kozlemeny_EMK_cover-768x384.jpg 768w, https:\/\/semmelweis.hu\/emk\/files\/2026\/04\/251_kozlemeny_EMK_cover-753x377.jpg 753w\" sizes=\"auto, (max-width: 800px) 100vw, 800px\" \/><\/div>\n","protected":false},"excerpt":{"rendered":"<p>Az als\u00f3 der\u00e9kt\u00e1ji f\u00e1jdalom az egyik leggyakoribb mozg\u00e1sszervi panasz vil\u00e1gszerte, amely az \u00e9lsportol\u00f3kat sem ker\u00fcli el. Magyar v\u00e1logatott sportol\u00f3k k\u00f6r\u00e9ben v\u00e9gzett kutat\u00e1st J\u00e1nkn\u00e9 Bacskai Katalin PhD-hallgat\u00f3 t\u00e9mavezet\u0151je, int\u00e9zet\u00fcnk munkat\u00e1rsa, <a href=\"https:\/\/semmelweis.hu\/emk\/oktatas\/munkatarsak-oktatoi-csapat\/dr-lam-judit\/\" target=\"_blank\" rel=\"noopener\">Dr. L\u00e1m Judit<\/a> k\u00f6zrem\u0171k\u00f6d\u00e9s\u00e9vel. Eredm\u00e9nyeik arra vil\u00e1g\u00edtanak r\u00e1, hogy a probl\u00e9ma hazai szinten is kiemelked\u0151en gyakori \u00e9s a megel\u0151z\u00e9shez elengedhetetlen a kiv\u00e1lt\u00f3 t\u00e9nyez\u0151k pontosabb meg\u00e9rt\u00e9se. A Developments in Health &hellip;<\/p>\n","protected":false},"author":102350,"featured_media":27037,"comment_status":"closed","ping_status":"closed","sticky":false,"template":"","format":"standard","meta":{"_acf_changed":false,"footnotes":""},"categories":[6],"tags":[1249,1251,1247,1253],"class_list":["post-27079","post","type-post","status-publish","format-standard","has-post-thumbnail","hentry","category-hirek","tag-derekfajdalom","tag-derektaji-fajdalom","tag-developments-in-health-sciences","tag-elsport"],"acf":[],"_links":{"self":[{"href":"https:\/\/semmelweis.hu\/emk\/wp-json\/wp\/v2\/posts\/27079","targetHints":{"allow":["GET"]}}],"collection":[{"href":"https:\/\/semmelweis.hu\/emk\/wp-json\/wp\/v2\/posts"}],"about":[{"href":"https:\/\/semmelweis.hu\/emk\/wp-json\/wp\/v2\/types\/post"}],"author":[{"embeddable":true,"href":"https:\/\/semmelweis.hu\/emk\/wp-json\/wp\/v2\/users\/102350"}],"replies":[{"embeddable":true,"href":"https:\/\/semmelweis.hu\/emk\/wp-json\/wp\/v2\/comments?post=27079"}],"version-history":[{"count":3,"href":"https:\/\/semmelweis.hu\/emk\/wp-json\/wp\/v2\/posts\/27079\/revisions"}],"predecessor-version":[{"id":27082,"href":"https:\/\/semmelweis.hu\/emk\/wp-json\/wp\/v2\/posts\/27079\/revisions\/27082"}],"wp:featuredmedia":[{"embeddable":true,"href":"https:\/\/semmelweis.hu\/emk\/wp-json\/wp\/v2\/media\/27037"}],"wp:attachment":[{"href":"https:\/\/semmelweis.hu\/emk\/wp-json\/wp\/v2\/media?parent=27079"}],"wp:term":[{"taxonomy":"category","embeddable":true,"href":"https:\/\/semmelweis.hu\/emk\/wp-json\/wp\/v2\/categories?post=27079"},{"taxonomy":"post_tag","embeddable":true,"href":"https:\/\/semmelweis.hu\/emk\/wp-json\/wp\/v2\/tags?post=27079"}],"curies":[{"name":"wp","href":"https:\/\/api.w.org\/{rel}","templated":true}]}}