{"id":27075,"date":"2025-12-10T11:26:09","date_gmt":"2025-12-10T10:26:09","guid":{"rendered":"https:\/\/semmelweis.hu\/emk\/?p=27075"},"modified":"2026-04-17T11:52:51","modified_gmt":"2026-04-17T09:52:51","slug":"betegbiztonsag-minden-korosztalynak-minden-lepesben","status":"publish","type":"post","link":"https:\/\/semmelweis.hu\/emk\/2025\/12\/10\/betegbiztonsag-minden-korosztalynak-minden-lepesben\/","title":{"rendered":"Betegbiztons\u00e1g minden koroszt\u00e1lynak, minden l\u00e9p\u00e9sben"},"content":{"rendered":"<p style=\"text-align: justify\"><a href=\"https:\/\/semmelweis.hu\/emk\/oktatas\/munkatarsak-oktatoi-csapat\/dr-lam-judit\/\" target=\"_blank\" rel=\"noopener\"><b>Dr. L\u00e1m Judit <\/b><\/a><span style=\"font-weight: 400\">\u00e9s <\/span><a href=\"https:\/\/semmelweis.hu\/emk\/oktatas\/munkatarsak-oktatoi-csapat\/dr-safadi-helena\/\" target=\"_blank\" rel=\"noopener\"><b>Dr. Safadi Hel\u00e9na<\/b><\/a><span style=\"font-weight: 400\">, int\u00e9zet\u00fcnk <\/span><a href=\"https:\/\/semmelweis.hu\/ekk\/tanszekek\/betegbiztonsagi-tanszek\/\"><span style=\"font-weight: 400\">Betegbiztons\u00e1gi tansz\u00e9k\u00e9nek<\/span><\/a><span style=\"font-weight: 400\"> munkat\u00e1rsai, az<a href=\"https:\/\/ime.memt.hu\/\" target=\"_blank\" rel=\"noopener\"> IME Eg\u00e9szs\u00e9g\u00fcgyi vezet\u0151k szaklapja, tudom\u00e1nyos foly\u00f3irat<\/a> \u0151szi lapsz\u00e1m\u00e1ban megjelent bek\u00f6sz\u00f6nt\u0151j\u00fckben a <\/span><b>betegbiztons\u00e1g <\/b><span style=\"font-weight: 400\">\u00e1tfog\u00f3, rendszerszint\u0171 megk\u00f6zel\u00edt\u00e9s\u00e9re ir\u00e1ny\u00edtj\u00e1k a figyelmet. A lapsz\u00e1m megjelen\u00e9se egybeesik a WHO 2025. \u00e9vi betegbiztons\u00e1g vil\u00e1gnapj\u00e1val, amelynek f\u00f3kusza: <\/span><b>\u201eBetegbiztons\u00e1g a kezdetekt\u0151l \u2013 biztons\u00e1g minden \u00fajsz\u00fcl\u00f6ttnek \u00e9s gyermeknek\u201d<\/b><span style=\"font-weight: 400\">. B\u00e1r a kiadv\u00e1ny nem kifejezetten gyermekell\u00e1t\u00e1si t\u00e9m\u00e1j\u00fa, a szerz\u0151k hangs\u00falyozz\u00e1k, hogy a betegbiztons\u00e1g minden koroszt\u00e1ly eset\u00e9ben alapvet\u0151, \u00e9s minden ell\u00e1t\u00e1si szinten tudatos figyelmet ig\u00e9nyel.<\/span><\/p>\n<p style=\"text-align: justify\"><span style=\"font-weight: 400\">A lapsz\u00e1m tanulm\u00e1nyai k\u00fcl\u00f6nb\u00f6z\u0151 n\u00e9z\u0151pontb\u00f3l mutatj\u00e1k be a biztons\u00e1gos ell\u00e1t\u00e1s felt\u00e9teleit. Az \u00e9letm\u00f3dorvosl\u00e1s, a kognit\u00edv sz\u0171r\u00e9sek, a beteginform\u00e1ci\u00f3s rendszerek \u00e9s a ment\u00e1lis eg\u00e9szs\u00e9g t\u00e1rsadalmi meg\u00edt\u00e9l\u00e9se mind hozz\u00e1j\u00e1rulhatnak a kock\u00e1zatok cs\u00f6kkent\u00e9s\u00e9hez. Kiemelt szerepet kap a j\u00f3l inform\u00e1lt beteg, a struktur\u00e1lt betegutak, valamint az empatikus, partneri kommunik\u00e1ci\u00f3.<\/span><\/p>\n<p style=\"text-align: justify\"><span style=\"font-weight: 400\">A k\u00f6zponti \u00fczenet, hogy <strong>a betegbiztons\u00e1g a prevenci\u00f3, az \u00e1tl\u00e1that\u00f3 d\u00f6nt\u00e9shozatal \u00e9s a t\u00e1mogat\u00f3 szervezeti kult\u00fara egy\u00fcttes eredm\u00e9nye<\/strong>. C\u00e9l egy olyan rendszer kialak\u00edt\u00e1sa, amelyben a beteg akt\u00edv, felk\u00e9sz\u00fclt r\u00e9sztvev\u0151, mik\u00f6zben az ell\u00e1t\u00f3k sz\u00e1m\u00e1ra is biztos\u00edtott a biztons\u00e1gos, kisz\u00e1m\u00edthat\u00f3 m\u0171k\u00f6d\u00e9s.<\/span><\/p>\n<div class=\"w-100 keretes\" style=\"text-align: justify\"><span style=\"font-weight: 400\">A bek\u00f6sz\u00f6nt\u0151 teljes terjedelm\u00e9ben ezen a linken \u00e9rhet\u0151 el: <\/span><b><a href=\"https:\/\/ojs.mtak.hu\/index.php\/ime\/article\/view\/19867\/17268\" target=\"_blank\" rel=\"noopener\">Betegbiztons\u00e1g minden koroszt\u00e1lynak, minden l\u00e9p\u00e9sben<\/a>.\u00a0<\/b><\/div>\n<div><img loading=\"lazy\" decoding=\"async\" class=\"aligncenter size-full wp-image-27038\" src=\"https:\/\/semmelweis.hu\/emk\/files\/2026\/04\/249_kozlemeny_EMK_cover.jpg\" alt=\"betegbiztons\u00e1g\" width=\"800\" height=\"400\" srcset=\"https:\/\/semmelweis.hu\/emk\/files\/2026\/04\/249_kozlemeny_EMK_cover.jpg 800w, https:\/\/semmelweis.hu\/emk\/files\/2026\/04\/249_kozlemeny_EMK_cover-400x200.jpg 400w, https:\/\/semmelweis.hu\/emk\/files\/2026\/04\/249_kozlemeny_EMK_cover-768x384.jpg 768w, https:\/\/semmelweis.hu\/emk\/files\/2026\/04\/249_kozlemeny_EMK_cover-753x377.jpg 753w\" sizes=\"auto, (max-width: 800px) 100vw, 800px\" \/><\/div>\n","protected":false},"excerpt":{"rendered":"<p><a href=\"https:\/\/semmelweis.hu\/emk\/oktatas\/munkatarsak-oktatoi-csapat\/dr-lam-judit\/\" target=\"_blank\" rel=\"noopener\">Dr. L\u00e1m Judit <\/a> \u00e9s <a href=\"https:\/\/semmelweis.hu\/emk\/oktatas\/munkatarsak-oktatoi-csapat\/dr-safadi-helena\/\" target=\"_blank\" rel=\"noopener\">Dr. Safadi Hel\u00e9na<\/a> , int\u00e9zet\u00fcnk <a href=\"https:\/\/semmelweis.hu\/ekk\/tanszekek\/betegbiztonsagi-tanszek\/\">Betegbiztons\u00e1gi tansz\u00e9k\u00e9nek<\/a> munkat\u00e1rsai, az <a href=\"https:\/\/ime.memt.hu\/\" target=\"_blank\" rel=\"noopener\"> IME Eg\u00e9szs\u00e9g\u00fcgyi vezet\u0151k szaklapja, tudom\u00e1nyos foly\u00f3irat<\/a> \u0151szi lapsz\u00e1m\u00e1ban megjelent bek\u00f6sz\u00f6nt\u0151j\u00fckben a betegbiztons\u00e1g \u00e1tfog\u00f3, rendszerszint\u0171 megk\u00f6zel\u00edt\u00e9s\u00e9re ir\u00e1ny\u00edtj\u00e1k a figyelmet. A lapsz\u00e1m megjelen\u00e9se egybeesik a WHO 2025. \u00e9vi betegbiztons\u00e1g vil\u00e1gnapj\u00e1val, amelynek f\u00f3kusza: \u201eBetegbiztons\u00e1g a kezdetekt\u0151l \u2013 biztons\u00e1g minden \u00fajsz\u00fcl\u00f6ttnek \u00e9s gyermeknek\u201d. B\u00e1r a kiadv\u00e1ny nem kifejezetten gyermekell\u00e1t\u00e1si t\u00e9m\u00e1j\u00fa, a szerz\u0151k hangs\u00falyozz\u00e1k, hogy a betegbiztons\u00e1g minden koroszt\u00e1ly eset\u00e9ben alapvet\u0151, &hellip;<\/p>\n","protected":false},"author":102350,"featured_media":27038,"comment_status":"closed","ping_status":"closed","sticky":false,"template":"","format":"standard","meta":{"_acf_changed":false,"footnotes":""},"categories":[6],"tags":[73,944],"class_list":["post-27075","post","type-post","status-publish","format-standard","has-post-thumbnail","hentry","category-hirek","tag-betegbiztonsag","tag-patient-safety"],"acf":[],"_links":{"self":[{"href":"https:\/\/semmelweis.hu\/emk\/wp-json\/wp\/v2\/posts\/27075","targetHints":{"allow":["GET"]}}],"collection":[{"href":"https:\/\/semmelweis.hu\/emk\/wp-json\/wp\/v2\/posts"}],"about":[{"href":"https:\/\/semmelweis.hu\/emk\/wp-json\/wp\/v2\/types\/post"}],"author":[{"embeddable":true,"href":"https:\/\/semmelweis.hu\/emk\/wp-json\/wp\/v2\/users\/102350"}],"replies":[{"embeddable":true,"href":"https:\/\/semmelweis.hu\/emk\/wp-json\/wp\/v2\/comments?post=27075"}],"version-history":[{"count":3,"href":"https:\/\/semmelweis.hu\/emk\/wp-json\/wp\/v2\/posts\/27075\/revisions"}],"predecessor-version":[{"id":27078,"href":"https:\/\/semmelweis.hu\/emk\/wp-json\/wp\/v2\/posts\/27075\/revisions\/27078"}],"wp:featuredmedia":[{"embeddable":true,"href":"https:\/\/semmelweis.hu\/emk\/wp-json\/wp\/v2\/media\/27038"}],"wp:attachment":[{"href":"https:\/\/semmelweis.hu\/emk\/wp-json\/wp\/v2\/media?parent=27075"}],"wp:term":[{"taxonomy":"category","embeddable":true,"href":"https:\/\/semmelweis.hu\/emk\/wp-json\/wp\/v2\/categories?post=27075"},{"taxonomy":"post_tag","embeddable":true,"href":"https:\/\/semmelweis.hu\/emk\/wp-json\/wp\/v2\/tags?post=27075"}],"curies":[{"name":"wp","href":"https:\/\/api.w.org\/{rel}","templated":true}]}}