{"id":27072,"date":"2025-12-08T17:26:59","date_gmt":"2025-12-08T16:26:59","guid":{"rendered":"https:\/\/semmelweis.hu\/emk\/?p=27072"},"modified":"2026-04-16T17:41:51","modified_gmt":"2026-04-16T15:41:51","slug":"elo-konyvtar-egy-a-mentalis-betegeket-korulvevo-tarsadalmi-falak-lebontasara-hivatott-kezdemenyezes-bemutatasa","status":"publish","type":"post","link":"https:\/\/semmelweis.hu\/emk\/2025\/12\/08\/elo-konyvtar-egy-a-mentalis-betegeket-korulvevo-tarsadalmi-falak-lebontasara-hivatott-kezdemenyezes-bemutatasa\/","title":{"rendered":"\u201e\u00c9l\u0151 K\u00f6nyvt\u00e1r\u201d \u2013 Egy, a ment\u00e1lis betegeket k\u00f6r\u00fclvev\u0151 t\u00e1rsadalmi falak lebont\u00e1s\u00e1ra hivatott kezdem\u00e9nyez\u00e9s bemutat\u00e1sa"},"content":{"rendered":"<p style=\"text-align: justify\"><span style=\"font-weight: 400\">Az <\/span><b>\u201e\u00c9l\u0151 k\u00f6nyvt\u00e1r\u201d<\/b><span style=\"font-weight: 400\"> m\u00f3dszer egy innovat\u00edv, szem\u00e9lyes tal\u00e1lkoz\u00e1sokon alapul\u00f3 kezdem\u00e9nyez\u00e9s, amely a ment\u00e1lis betegs\u00e9ggel \u00e9l\u0151ket \u00f6vez\u0151 t\u00e1rsadalmi stigmatiz\u00e1ci\u00f3 cs\u00f6kkent\u00e9s\u00e9t c\u00e9lozza. <\/span><a href=\"https:\/\/semmelweis.hu\/emk\/2025\/02\/24\/paciens-kommunikacio-es-betegedukacio-konferencia\/\" target=\"_blank\" rel=\"noopener\"><b>Szijj Levente<\/b><\/a><span style=\"font-weight: 400\">, int\u00e9zet\u00fcnk v\u00e9gzett <a href=\"https:\/\/semmelweis.hu\/emk\/oktatas\/mesterkepzes\/egeszsegugyi-menedzser-msc\/\" target=\"_blank\" rel=\"noopener\">eg\u00e9szs\u00e9g\u00fcgyi menedzser<\/a> mesterk\u00e9pz\u00e9s\u00e9nek hallgat\u00f3ja \u00e9s szerz\u0151t\u00e1rsa, <\/span><a href=\"https:\/\/semmelweis.hu\/emk\/oktatas\/munkatarsak-oktatoi-csapat\/lengyel-livia\/\" target=\"_blank\" rel=\"noopener\"><b>Lengyel L\u00edvia<\/b><\/a><span style=\"font-weight: 400\">, int\u00e9zet\u00fcnk munkat\u00e1rsa, <\/span><span style=\"font-weight: 400\">az IME Eg\u00e9szs\u00e9g\u00fcgyi vezet\u0151k szaklapja, tudom\u00e1nyos foly\u00f3iratban megjelent cikk\u00fckben <\/span><span style=\"font-weight: 400\">egy sz\u00e9kesfeh\u00e9rv\u00e1ri k\u00f6nyvt\u00e1ri program tapasztalatait mutatj\u00e1k be, amely sor\u00e1n <strong>pszichi\u00e1triai diagn\u00f3zissal \u00e9l\u0151 \u00f6nk\u00e9ntesek<\/strong> \u201e\u00c9l\u0151 k\u00f6nyvk\u00e9nt\u201d, m\u00edg az \u00e9rdekl\u0151d\u0151k \u201eOlvas\u00f3k\u00e9nt\u201d vettek r\u00e9szt struktur\u00e1lt, szem\u00e9lyes besz\u00e9lget\u00e9sekben.<\/span><\/p>\n<p style=\"text-align: justify\"><span style=\"font-weight: 400\">A program 2023. okt\u00f3ber 24. \u00e9s november 11. k\u00f6z\u00f6tt zajlott, n\u00e9gy \u201e\u00c9l\u0151 k\u00f6nyv\u201d \u00e9s 25 \u201eOlvas\u00f3\u201d r\u00e9szv\u00e9tel\u00e9vel, \u00f6sszesen 37 besz\u00e9lget\u00e9s keret\u00e9ben. A m\u00f3dszer l\u00e9nyege, hogy az \u201eOlvas\u00f3k\u201d k\u00f6zvetlen\u00fcl, ir\u00e1ny\u00edtott keretek k\u00f6z\u00f6tt ismerhetik meg a ment\u00e1lis betegs\u00e9ggel \u00e9l\u0151k \u00e9let\u00fatj\u00e1t, tapasztalatait, ez\u00e1ltal cs\u00f6kkentve a sztereot\u00edpi\u00e1kat \u00e9s el\u0151\u00edt\u00e9leteket. A besz\u00e9lget\u00e9seket k\u00f6lcs\u00f6n\u00f6s tisztelet \u00e9s nyitotts\u00e1g jellemezte, konfliktus vagy negat\u00edv incidens nem t\u00f6rt\u00e9nt, a visszajelz\u00e9sek pedig egy\u00e9rtelm\u0171en pozit\u00edvak voltak.<\/span><\/p>\n<p style=\"text-align: justify\"><span style=\"font-weight: 400\">A projekt r\u00e1mutat arra, hogy a<\/span><b> szem\u00e9lyes kontaktuson alapul\u00f3, nem form\u00e1lis tanul\u00e1si form\u00e1k <\/b><span style=\"font-weight: 400\">hat\u00e9konyabbak lehetnek a ment\u00e1lis betegs\u00e9gekkel kapcsolatos attit\u0171d\u00f6k form\u00e1l\u00e1s\u00e1ban, mint a hagyom\u00e1nyos, didaktikus oktat\u00e1s.\u00a0<\/span><\/p>\n<p style=\"text-align: justify\"><span style=\"font-weight: 400\">Az <\/span><span style=\"font-weight: 400\">int\u00e9zet\u00fcnkh\u00f6z <\/span><span style=\"font-weight: 400\">kapcsol\u00f3d\u00f3 kutat\u00e1s eredm\u00e9nyei alapj\u00e1n az \u201e\u00c9l\u0151 k\u00f6nyvt\u00e1r\u201d m\u00f3dszer \u00edg\u00e9retes eszk\u00f6z a <strong>stigmatiz\u00e1ci\u00f3 cs\u00f6kkent\u00e9s\u00e9re \u00e9s a ment\u00e1lis eg\u00e9szs\u00e9ggel kapcsolatos t\u00e1rsadalmi p\u00e1rbesz\u00e9d er\u0151s\u00edt\u00e9s\u00e9re<\/strong>. A szerz\u0151k hangs\u00falyozz\u00e1k, hogy hasonl\u00f3 programok sz\u00e9lesebb k\u00f6r\u0171 alkalmaz\u00e1sa hozz\u00e1j\u00e1rulhat a ment\u00e1lis betegs\u00e9ggel \u00e9l\u0151k t\u00e1rsadalmi integr\u00e1ci\u00f3j\u00e1hoz \u00e9s rehabilit\u00e1ci\u00f3j\u00e1hoz.<\/span><\/p>\n<div class=\"w-100 keretes\" style=\"text-align: justify\"><span style=\"font-weight: 400\">A teljes magyar nyelv\u0171 publik\u00e1ci\u00f3 a linkre kattintva \u00e9rhet\u0151 el: <\/span><b>\u00a0<a href=\"https:\/\/ojs.mtak.hu\/index.php\/ime\/article\/view\/19123\/17265\" target=\"_blank\" rel=\"noopener\">\u201e\u00c9l\u0151 K\u00f6nyvt\u00e1r\u201d \u2013 Egy, a ment\u00e1lis betegeket k\u00f6r\u00fclvev\u0151 t\u00e1rsadalmi falak lebont\u00e1s\u00e1ra hivatott kezdem\u00e9nyez\u00e9s bemutat\u00e1sa<\/a><\/b><\/div>\n<div><img loading=\"lazy\" decoding=\"async\" class=\"aligncenter size-full wp-image-27039\" src=\"https:\/\/semmelweis.hu\/emk\/files\/2026\/04\/248_kozlemeny_EMK_cover.jpg\" alt=\"\u00e9l\u0151 k\u00f6nyvt\u00e1r\" width=\"800\" height=\"400\" srcset=\"https:\/\/semmelweis.hu\/emk\/files\/2026\/04\/248_kozlemeny_EMK_cover.jpg 800w, https:\/\/semmelweis.hu\/emk\/files\/2026\/04\/248_kozlemeny_EMK_cover-400x200.jpg 400w, https:\/\/semmelweis.hu\/emk\/files\/2026\/04\/248_kozlemeny_EMK_cover-768x384.jpg 768w, https:\/\/semmelweis.hu\/emk\/files\/2026\/04\/248_kozlemeny_EMK_cover-753x377.jpg 753w\" sizes=\"auto, (max-width: 800px) 100vw, 800px\" \/><\/div>\n","protected":false},"excerpt":{"rendered":"<p>Az \u201e\u00c9l\u0151 k\u00f6nyvt\u00e1r\u201d m\u00f3dszer egy innovat\u00edv, szem\u00e9lyes tal\u00e1lkoz\u00e1sokon alapul\u00f3 kezdem\u00e9nyez\u00e9s, amely a ment\u00e1lis betegs\u00e9ggel \u00e9l\u0151ket \u00f6vez\u0151 t\u00e1rsadalmi stigmatiz\u00e1ci\u00f3 cs\u00f6kkent\u00e9s\u00e9t c\u00e9lozza. <a href=\"https:\/\/semmelweis.hu\/emk\/2025\/02\/24\/paciens-kommunikacio-es-betegedukacio-konferencia\/\" target=\"_blank\" rel=\"noopener\">Szijj Levente<\/a> , int\u00e9zet\u00fcnk v\u00e9gzett <a href=\"https:\/\/semmelweis.hu\/emk\/oktatas\/mesterkepzes\/egeszsegugyi-menedzser-msc\/\" target=\"_blank\" rel=\"noopener\">eg\u00e9szs\u00e9g\u00fcgyi menedzser<\/a> mesterk\u00e9pz\u00e9s\u00e9nek hallgat\u00f3ja \u00e9s szerz\u0151t\u00e1rsa, <a href=\"https:\/\/semmelweis.hu\/emk\/oktatas\/munkatarsak-oktatoi-csapat\/lengyel-livia\/\" target=\"_blank\" rel=\"noopener\">Lengyel L\u00edvia<\/a> , int\u00e9zet\u00fcnk munkat\u00e1rsa, az IME Eg\u00e9szs\u00e9g\u00fcgyi vezet\u0151k szaklapja, tudom\u00e1nyos foly\u00f3iratban megjelent cikk\u00fckben egy sz\u00e9kesfeh\u00e9rv\u00e1ri k\u00f6nyvt\u00e1ri program tapasztalatait mutatj\u00e1k be, amely sor\u00e1n pszichi\u00e1triai diagn\u00f3zissal \u00e9l\u0151 \u00f6nk\u00e9ntesek \u201e\u00c9l\u0151 k\u00f6nyvk\u00e9nt\u201d, m\u00edg &hellip;<\/p>\n","protected":false},"author":102350,"featured_media":27039,"comment_status":"closed","ping_status":"closed","sticky":false,"template":"","format":"standard","meta":{"_acf_changed":false,"footnotes":""},"categories":[6],"tags":[1243,1245,952],"class_list":["post-27072","post","type-post","status-publish","format-standard","has-post-thumbnail","hentry","category-hirek","tag-elo-konyvtar","tag-mentalis-betegseg","tag-mentalis-egeszseg"],"acf":[],"_links":{"self":[{"href":"https:\/\/semmelweis.hu\/emk\/wp-json\/wp\/v2\/posts\/27072","targetHints":{"allow":["GET"]}}],"collection":[{"href":"https:\/\/semmelweis.hu\/emk\/wp-json\/wp\/v2\/posts"}],"about":[{"href":"https:\/\/semmelweis.hu\/emk\/wp-json\/wp\/v2\/types\/post"}],"author":[{"embeddable":true,"href":"https:\/\/semmelweis.hu\/emk\/wp-json\/wp\/v2\/users\/102350"}],"replies":[{"embeddable":true,"href":"https:\/\/semmelweis.hu\/emk\/wp-json\/wp\/v2\/comments?post=27072"}],"version-history":[{"count":2,"href":"https:\/\/semmelweis.hu\/emk\/wp-json\/wp\/v2\/posts\/27072\/revisions"}],"predecessor-version":[{"id":27074,"href":"https:\/\/semmelweis.hu\/emk\/wp-json\/wp\/v2\/posts\/27072\/revisions\/27074"}],"wp:featuredmedia":[{"embeddable":true,"href":"https:\/\/semmelweis.hu\/emk\/wp-json\/wp\/v2\/media\/27039"}],"wp:attachment":[{"href":"https:\/\/semmelweis.hu\/emk\/wp-json\/wp\/v2\/media?parent=27072"}],"wp:term":[{"taxonomy":"category","embeddable":true,"href":"https:\/\/semmelweis.hu\/emk\/wp-json\/wp\/v2\/categories?post=27072"},{"taxonomy":"post_tag","embeddable":true,"href":"https:\/\/semmelweis.hu\/emk\/wp-json\/wp\/v2\/tags?post=27072"}],"curies":[{"name":"wp","href":"https:\/\/api.w.org\/{rel}","templated":true}]}}