{"id":27063,"date":"2025-12-07T17:02:43","date_gmt":"2025-12-07T16:02:43","guid":{"rendered":"https:\/\/semmelweis.hu\/emk\/?p=27063"},"modified":"2026-04-16T17:13:01","modified_gmt":"2026-04-16T15:13:01","slug":"a-fogorvosi-finanszirozasi-rendszer-valtozasanak-hatasa-a-fogorvosok-kozhangulatara","status":"publish","type":"post","link":"https:\/\/semmelweis.hu\/emk\/2025\/12\/07\/a-fogorvosi-finanszirozasi-rendszer-valtozasanak-hatasa-a-fogorvosok-kozhangulatara\/","title":{"rendered":"A fogorvosi finansz\u00edroz\u00e1si rendszer v\u00e1ltoz\u00e1s\u00e1nak hat\u00e1sa a fogorvosok k\u00f6zhangulat\u00e1ra"},"content":{"rendered":"<p style=\"text-align: justify\"><span style=\"font-weight: 400\">A 2021 elej\u00e9n bevezetett <\/span><b>praxisk\u00f6z\u00f6ss\u00e9gi <\/b><span style=\"font-weight: 400\">\u00e9s a 2023 janu\u00e1rj\u00e1t\u00f3l alkalmazott <\/span><b>indik\u00e1torrendszer <\/b><span style=\"font-weight: 400\">jelent\u0151s v\u00e1ltoz\u00e1sokat hozott a magyar fogorvosi alapell\u00e1t\u00e1s finansz\u00edroz\u00e1s\u00e1ban. A jogalkot\u00f3i d\u00f6nt\u00e9sek szakmai egyeztet\u00e9s \u00e9s pilotprogram n\u00e9lk\u00fcl, v\u00e1ratlanul l\u00e9ptek \u00e9letbe, ami a fogorvosi praxisok k\u00f6r\u00e9ben sz\u00e9lesk\u00f6r\u0171 visszhangot v\u00e1ltott ki. Munkat\u00e1rsunk, <a href=\"https:\/\/semmelweis.hu\/emk\/oktatas\/munkatarsak-oktatoi-csapat\/sinko-eszter-dr\/\" target=\"_blank\" rel=\"noopener\"><strong>Dr. Sink\u00f3 Eszter<\/strong><\/a>, valamint <strong>Dr. T\u00f3th Ildik\u00f3<\/strong> \u00e9s <strong>Dr. Nagy \u00c1kos<\/strong>, az <a href=\"https:\/\/semmelweis.hu\/emk\/oktatas\/mesterkepzes\/egeszsegugyi-minosegugyi-es-betegbiztonsagi-menedzsment-msc\/\" target=\"_blank\" rel=\"noopener\">eg\u00e9szs\u00e9g\u00fcgyi-min\u0151s\u00e9g\u00fcgyi \u00e9s betegbiztons\u00e1gi menedzsment (EMBM)<\/a> mesterk\u00e9pz\u00e9s\u00fcnk hallgat\u00f3i online, anonim k\u00e9rd\u0151\u00edves felm\u00e9r\u00e9sekkel vizsg\u00e1lt\u00e1k a v\u00e1ltoz\u00e1sok hat\u00e1s\u00e1t az \u00e9rintett <\/span><b>fogorvosok <\/b><span style=\"font-weight: 400\">hangulat\u00e1ra \u00e9s karrier\u00e1tad\u00e1si hajland\u00f3s\u00e1g\u00e1ra. A felm\u00e9r\u00e9s n\u00e9gy hull\u00e1mban zajlott 2022 \u00e1prilisa \u00e9s 2024 okt\u00f3bere k\u00f6z\u00f6tt, a \u201eNEAK-Fogorvosok\u201d Facebook-csoportban.<\/span><\/p>\n<p style=\"text-align: justify\"><span style=\"font-weight: 400\">Az <\/span><span style=\"font-weight: 400\">IME Eg\u00e9szs\u00e9g\u00fcgyi vezet\u0151k szaklapja, tudom\u00e1nyos foly\u00f3iratban megjelent tanulm\u00e1nyban k\u00f6zz\u00e9tett <\/span><span style=\"font-weight: 400\">eredm\u00e9nyek szerint a praxisk\u00f6z\u00f6ss\u00e9gi rendszer bevezet\u00e9sekor a fogorvosok <\/span><b>karrier\u00e1tad\u00e1si hajland\u00f3s\u00e1g<\/b><span style=\"font-weight: 400\">a 20,3%-os volt, ami a nemzetk\u00f6zi adatokhoz k\u00f6zel\u00edt. Ezzel szemben az indik\u00e1torrendszer, amelyet szakmai konzult\u00e1ci\u00f3 n\u00e9lk\u00fcl vezettek be, ezt az ar\u00e1nyt 2,2%-ra cs\u00f6kkentette, \u00e9s a rendszer elutas\u00edtotts\u00e1ga meghaladta a 90%-ot. A vizsg\u00e1lat r\u00e1vil\u00e1g\u00edtott a praxisk\u00f6z\u00f6ss\u00e9gek \u00e9s az \u00f6nhib\u00e1n k\u00edv\u00fcl kimarad\u00f3 praxisok k\u00f6z\u00f6tti jelent\u0151s k\u00fcl\u00f6nbs\u00e9gekre mind a hangulat, mind a karrier\u00e1tad\u00e1si hajland\u00f3s\u00e1g tekintet\u00e9ben.\u00a0<\/span><\/p>\n<p style=\"text-align: justify\"><span style=\"font-weight: 400\">A praxisk\u00f6z\u00f6ss\u00e9gi tags\u00e1g p\u00e9nz\u00fcgyi \u00e9s kollegi\u00e1lis t\u00e1mogat\u00e1st biztos\u00edt, ugyanakkor a kimarad\u00f3k sz\u00e1m\u00e1ra diszkriminat\u00edv hat\u00e1s\u00fa. A felm\u00e9r\u00e9s a TEK-k\u00f6rzetek, a k\u00f6rzetm\u00e9ret \u00e9s az elhelyezked\u00e9s figyelembev\u00e9tel\u00e9vel mutatta be a praxisok jellemz\u0151it, valamint az indik\u00e1torrendszer bevezet\u00e9s\u00e9nek alacsony elfogadotts\u00e1g\u00e1t, ami a finansz\u00edroz\u00e1s kisz\u00e1m\u00edthatatlans\u00e1g\u00e1b\u00f3l \u00e9s a bevezet\u00e9s el\u0151k\u00e9sz\u00edtetlens\u00e9g\u00e9b\u0151l fakad.<\/span><\/p>\n<p style=\"text-align: justify\"><span style=\"font-weight: 400\">\u00d6sszess\u00e9g\u00e9ben a vizsg\u00e1lat r\u00e1mutat, hogy a jogalkot\u00f3i d\u00f6nt\u00e9sek gyors \u00e9s egyeztet\u00e9s n\u00e9lk\u00fcli bevezet\u00e9se negat\u00edvan \u00e9rintette a <strong>fogorvosok hangulat\u00e1t \u00e9s a szakma j\u00f6v\u0151j\u00e9be vetett bizalm\u00e1t<\/strong>, mik\u00f6zben a praxisk\u00f6z\u00f6ss\u00e9gi rendszer bizonyos esetekben v\u00e9d\u0151 hat\u00e1st gyakorol a r\u00e9sztvev\u0151 praxisokra.<\/span><\/p>\n<div class=\"w-100 keretes\" style=\"text-align: justify\"><span style=\"font-weight: 400\">A teljes magyar nyelv\u0171 publik\u00e1ci\u00f3 a linkre kattintva \u00e9rhet\u0151 el: <\/span><a href=\"https:\/\/ojs.mtak.hu\/index.php\/ime\/article\/view\/19338\/17263\" target=\"_blank\" rel=\"noopener\"><b>A fogorvosi finansz\u00edroz\u00e1si rendszer v\u00e1ltoz\u00e1s\u00e1nak hat\u00e1sa a fogorvosok k\u00f6zhangulat\u00e1ra<\/b><\/a><\/div>\n<p><img loading=\"lazy\" decoding=\"async\" class=\"aligncenter size-full wp-image-27040\" src=\"https:\/\/semmelweis.hu\/emk\/files\/2026\/04\/247_kozlemeny_EMK_cover.jpg\" alt=\"fogorvos\" width=\"800\" height=\"400\" srcset=\"https:\/\/semmelweis.hu\/emk\/files\/2026\/04\/247_kozlemeny_EMK_cover.jpg 800w, https:\/\/semmelweis.hu\/emk\/files\/2026\/04\/247_kozlemeny_EMK_cover-400x200.jpg 400w, https:\/\/semmelweis.hu\/emk\/files\/2026\/04\/247_kozlemeny_EMK_cover-768x384.jpg 768w, https:\/\/semmelweis.hu\/emk\/files\/2026\/04\/247_kozlemeny_EMK_cover-753x377.jpg 753w\" sizes=\"auto, (max-width: 800px) 100vw, 800px\" \/><\/p>\n","protected":false},"excerpt":{"rendered":"<p>A 2021 elej\u00e9n bevezetett praxisk\u00f6z\u00f6ss\u00e9gi \u00e9s a 2023 janu\u00e1rj\u00e1t\u00f3l alkalmazott indik\u00e1torrendszer jelent\u0151s v\u00e1ltoz\u00e1sokat hozott a magyar fogorvosi alapell\u00e1t\u00e1s finansz\u00edroz\u00e1s\u00e1ban. A jogalkot\u00f3i d\u00f6nt\u00e9sek szakmai egyeztet\u00e9s \u00e9s pilotprogram n\u00e9lk\u00fcl, v\u00e1ratlanul l\u00e9ptek \u00e9letbe, ami a fogorvosi praxisok k\u00f6r\u00e9ben sz\u00e9lesk\u00f6r\u0171 visszhangot v\u00e1ltott ki. Munkat\u00e1rsunk, <a href=\"https:\/\/semmelweis.hu\/emk\/oktatas\/munkatarsak-oktatoi-csapat\/sinko-eszter-dr\/\" target=\"_blank\" rel=\"noopener\">Dr. Sink\u00f3 Eszter<\/a> , valamint Dr. T\u00f3th Ildik\u00f3 \u00e9s Dr. Nagy \u00c1kos, az <a href=\"https:\/\/semmelweis.hu\/emk\/oktatas\/mesterkepzes\/egeszsegugyi-minosegugyi-es-betegbiztonsagi-menedzsment-msc\/\" target=\"_blank\" rel=\"noopener\">eg\u00e9szs\u00e9g\u00fcgyi-min\u0151s\u00e9g\u00fcgyi \u00e9s betegbiztons\u00e1gi menedzsment (EMBM)<\/a> mesterk\u00e9pz\u00e9s\u00fcnk hallgat\u00f3i online, anonim k\u00e9rd\u0151\u00edves &hellip;<\/p>\n","protected":false},"author":102350,"featured_media":27040,"comment_status":"closed","ping_status":"closed","sticky":false,"template":"","format":"standard","meta":{"_acf_changed":false,"footnotes":""},"categories":[6],"tags":[1239,1241],"class_list":["post-27063","post","type-post","status-publish","format-standard","has-post-thumbnail","hentry","category-hirek","tag-fogorvos","tag-praxiskozosseg"],"acf":[],"_links":{"self":[{"href":"https:\/\/semmelweis.hu\/emk\/wp-json\/wp\/v2\/posts\/27063","targetHints":{"allow":["GET"]}}],"collection":[{"href":"https:\/\/semmelweis.hu\/emk\/wp-json\/wp\/v2\/posts"}],"about":[{"href":"https:\/\/semmelweis.hu\/emk\/wp-json\/wp\/v2\/types\/post"}],"author":[{"embeddable":true,"href":"https:\/\/semmelweis.hu\/emk\/wp-json\/wp\/v2\/users\/102350"}],"replies":[{"embeddable":true,"href":"https:\/\/semmelweis.hu\/emk\/wp-json\/wp\/v2\/comments?post=27063"}],"version-history":[{"count":3,"href":"https:\/\/semmelweis.hu\/emk\/wp-json\/wp\/v2\/posts\/27063\/revisions"}],"predecessor-version":[{"id":27066,"href":"https:\/\/semmelweis.hu\/emk\/wp-json\/wp\/v2\/posts\/27063\/revisions\/27066"}],"wp:featuredmedia":[{"embeddable":true,"href":"https:\/\/semmelweis.hu\/emk\/wp-json\/wp\/v2\/media\/27040"}],"wp:attachment":[{"href":"https:\/\/semmelweis.hu\/emk\/wp-json\/wp\/v2\/media?parent=27063"}],"wp:term":[{"taxonomy":"category","embeddable":true,"href":"https:\/\/semmelweis.hu\/emk\/wp-json\/wp\/v2\/categories?post=27063"},{"taxonomy":"post_tag","embeddable":true,"href":"https:\/\/semmelweis.hu\/emk\/wp-json\/wp\/v2\/tags?post=27063"}],"curies":[{"name":"wp","href":"https:\/\/api.w.org\/{rel}","templated":true}]}}