{"id":27060,"date":"2025-11-30T16:47:28","date_gmt":"2025-11-30T15:47:28","guid":{"rendered":"https:\/\/semmelweis.hu\/emk\/?p=27060"},"modified":"2026-04-16T17:26:50","modified_gmt":"2026-04-16T15:26:50","slug":"eletmodorvoslas-a-kronikus-betegsegek-megelozesenek-kulcsa-magyarorszagon","status":"publish","type":"post","link":"https:\/\/semmelweis.hu\/emk\/2025\/11\/30\/eletmodorvoslas-a-kronikus-betegsegek-megelozesenek-kulcsa-magyarorszagon\/","title":{"rendered":"\u00c9letm\u00f3dorvosl\u00e1s: a kr\u00f3nikus betegs\u00e9gek megel\u0151z\u00e9s\u00e9nek kulcsa Magyarorsz\u00e1gon"},"content":{"rendered":"<p style=\"text-align: justify\"><span style=\"font-weight: 400\">Az <strong>\u00e9letm\u00f3dorvosl\u00e1s<\/strong> mint \u00f6n\u00e1ll\u00f3 tudom\u00e1nyter\u00fclet az 1990-es \u00e9vekben indult fejl\u0151d\u00e9snek, c\u00e9lja pedig a kr\u00f3nikus nemfert\u0151z\u0151 betegs\u00e9gek rendszerszint\u0171 megel\u0151z\u00e9se \u00e9s kezel\u00e9se. <\/span><b>Dr. Babai L\u00e1szl\u00f3 <\/b><span style=\"font-weight: 400\">\u00e9s <\/span><b>Dr. Terebessy Andr\u00e1s<\/b>, <a href=\"https:\/\/semmelweis.hu\/emk\/oktatas\/mesterkepzes\/egeszsegugyi-menedzser-msc\/\" target=\"_blank\" rel=\"noopener\">eg\u00e9szs\u00e9g\u00fcgyi menedzser mesterk\u00e9pz\u00e9s\u00fcnk<\/a> 2025-ben v\u00e9gzett hallgat\u00f3i, szerz\u0151t\u00e1rsukkal, <b>Dr. Paulik Edittel<\/b>, \u00e9s t\u00e9mavezet\u0151j\u00fckkel, <b><a href=\"https:\/\/semmelweis.hu\/emk\/oktatas\/munkatarsak-oktatoi-csapat\/penzes-melinda-dr\/\" target=\"_blank\" rel=\"noopener\">Dr. P\u00e9nzes Melind\u00e1val<\/a><\/b>, int\u00e9zet\u00fcnk munkat\u00e1rs\u00e1val<span style=\"font-weight: 400\"> az IME Eg\u00e9szs\u00e9g\u00fcgyi vezet\u0151k szaklapja, tudom\u00e1nyos foly\u00f3iratban megjelent<\/span>\u00a0<span style=\"font-weight: 400\">tanulm\u00e1nyukban r\u00e1mutatnak arra, hogy a \u201elifestyle medicine\u201d (<\/span><b>\u00e9letm\u00f3dorvosl\u00e1s) <\/b><span style=\"font-weight: 400\">hat pill\u00e9re, a rendszeres testmozg\u00e1s, a helyes t\u00e1pl\u00e1lkoz\u00e1s, a megfelel\u0151 alv\u00e1s, a k\u00e1ros szenved\u00e9lyek ker\u00fcl\u00e9se, a stresszkezel\u00e9s \u00e9s a t\u00e1rsas kapcsolatok kulcsfontoss\u00e1g\u00faak a kr\u00f3nikus betegs\u00e9gek megel\u0151z\u00e9s\u00e9ben \u00e9s kezel\u00e9s\u00e9ben. <\/span><\/p>\n<p style=\"text-align: justify\"><span style=\"font-weight: 400\">A szerz\u0151k kiemelik, hogy Magyarorsz\u00e1gon az \u00e9letm\u00f3dorvosl\u00e1s integr\u00e1ci\u00f3ja a mindennapi eg\u00e9szs\u00e9g\u00fcgyi gyakorlatba jelenleg is zajlik, a hum\u00e1ner\u0151forr\u00e1s-rendszer kialakul\u00f3ban van, a szakir\u00e1ny\u00fa k\u00e9pz\u00e9s pedig els\u0151sorban a megel\u0151z\u0151 orvostan \u00e9s n\u00e9peg\u00e9szs\u00e9gtan ter\u00fclet\u00e9re korl\u00e1toz\u00f3dik.<\/span><\/p>\n<p style=\"text-align: justify\"><span style=\"font-weight: 400\">A hazai n\u00e9peg\u00e9szs\u00e9g\u00fcgyi adatok alapj\u00e1n az elker\u00fclhet\u0151 hal\u00e1loz\u00e1sok ar\u00e1nya meghaladja az uni\u00f3s \u00e1tlagot, a mortalit\u00e1s\u00e9rt<\/span><span style=\"font-weight: 400\"> (haland\u00f3s\u00e1g\u00e9rt) <\/span><span style=\"font-weight: 400\">pedig els\u0151sorban a sz\u00edv- \u00e9s \u00e9rrendszeri megbeteged\u00e9sek, valamint a daganatos k\u00f3rk\u00e9pek felel\u0151sek. Ebben a folyamatban a doh\u00e1nyz\u00e1s, az eg\u00e9szs\u00e9gtelen \u00e9trend \u00e9s a mozg\u00e1sszeg\u00e9ny \u00e9letm\u00f3d d\u00f6nt\u0151 szerepet j\u00e1tszanak. Az \u00e9letm\u00f3dorvosl\u00e1s szeml\u00e9letm\u00f3dja a hagyom\u00e1nyos orvosi modellel szemben a p\u00e1cienst a gy\u00f3gyul\u00e1s akt\u00edv r\u00e9sztvev\u0151jek\u00e9nt kezeli, ahol az <strong>\u00e9letm\u00f3d-tan\u00e1csad\u00e1s<\/strong> \u00e9s a ter\u00e1pia multidiszciplin\u00e1ris keretek k\u00f6z\u00f6tt val\u00f3sul meg. Az intervenci\u00f3k siker\u00e9hez az <strong>orvos<\/strong> mellett <strong>mozg\u00e1sterapeuta, dietetikus \u00e9s ment\u00e1lhigi\u00e9n\u00e9s szakember<\/strong> \u00f6sszehangolt munk\u00e1ja sz\u00fcks\u00e9ges.<\/span><\/p>\n<p style=\"text-align: justify\"><span style=\"font-weight: 400\">A tanulm\u00e1ny \u00f6sszegz\u00e9se szerint az \u00e9letm\u00f3dorvosl\u00e1s szisztematikus be\u00e9p\u00edt\u00e9se a hazai ell\u00e1t\u00f3rendszerbe kulcsfontoss\u00e1g\u00fa a betegs\u00e9gterhek cs\u00f6kkent\u00e9se \u00e9s az eg\u00e9szs\u00e9gben elt\u00f6lt\u00f6tt \u00e9let\u00e9vek sz\u00e1m\u00e1nak n\u00f6vel\u00e9se \u00e9rdek\u00e9ben. A m\u00f3dszertan sz\u00e9les k\u00f6r\u0171 alkalmaz\u00e1sa nem csup\u00e1n az egy\u00e9ni \u00e9letmin\u0151s\u00e9get jav\u00edtja, hanem nemzetgazdas\u00e1gi szinten is er\u0151s\u00edti a t\u00e1rsadalom versenyk\u00e9pess\u00e9g\u00e9t.<\/span><\/p>\n<div class=\"w-100 keretes\" style=\"text-align: justify\"><span style=\"font-weight: 400\">A teljes szakmai cikk a linkre kattintva \u00e9rhet\u0151 el:\u00a0 <\/span><a href=\"https:\/\/ojs.mtak.hu\/index.php\/ime\/article\/view\/19140\/17262\" target=\"_blank\" rel=\"noopener\"><b>\u00c9letm\u00f3dorvosl\u00e1s a kr\u00f3nikus betegs\u00e9gek megel\u0151z\u00e9s\u00e9ben \u00e9s kezel\u00e9s\u00e9ben: lehet\u0151s\u00e9gek \u00e9s kih\u00edv\u00e1sok a hazai eg\u00e9szs\u00e9g\u00fcgyi rendszerben<\/b><\/a><\/div>\n<div><img loading=\"lazy\" decoding=\"async\" class=\"aligncenter size-full wp-image-27041\" src=\"https:\/\/semmelweis.hu\/emk\/files\/2026\/04\/246_kozlemeny_EMK_cover.jpg\" alt=\"\u00e9letm\u00f3dorvosl\u00e1s\" width=\"800\" height=\"400\" srcset=\"https:\/\/semmelweis.hu\/emk\/files\/2026\/04\/246_kozlemeny_EMK_cover.jpg 800w, https:\/\/semmelweis.hu\/emk\/files\/2026\/04\/246_kozlemeny_EMK_cover-400x200.jpg 400w, https:\/\/semmelweis.hu\/emk\/files\/2026\/04\/246_kozlemeny_EMK_cover-768x384.jpg 768w, https:\/\/semmelweis.hu\/emk\/files\/2026\/04\/246_kozlemeny_EMK_cover-753x377.jpg 753w\" sizes=\"auto, (max-width: 800px) 100vw, 800px\" \/><\/div>\n","protected":false},"excerpt":{"rendered":"<p>Az \u00e9letm\u00f3dorvosl\u00e1s mint \u00f6n\u00e1ll\u00f3 tudom\u00e1nyter\u00fclet az 1990-es \u00e9vekben indult fejl\u0151d\u00e9snek, c\u00e9lja pedig a kr\u00f3nikus nemfert\u0151z\u0151 betegs\u00e9gek rendszerszint\u0171 megel\u0151z\u00e9se \u00e9s kezel\u00e9se. Dr. Babai L\u00e1szl\u00f3 \u00e9s Dr. Terebessy Andr\u00e1s, <a href=\"https:\/\/semmelweis.hu\/emk\/oktatas\/mesterkepzes\/egeszsegugyi-menedzser-msc\/\" target=\"_blank\" rel=\"noopener\">eg\u00e9szs\u00e9g\u00fcgyi menedzser mesterk\u00e9pz\u00e9s\u00fcnk<\/a> 2025-ben v\u00e9gzett hallgat\u00f3i, szerz\u0151t\u00e1rsukkal, Dr. Paulik Edittel, \u00e9s t\u00e9mavezet\u0151j\u00fckkel, <a href=\"https:\/\/semmelweis.hu\/emk\/oktatas\/munkatarsak-oktatoi-csapat\/penzes-melinda-dr\/\" target=\"_blank\" rel=\"noopener\">Dr. P\u00e9nzes Melind\u00e1val<\/a> , int\u00e9zet\u00fcnk munkat\u00e1rs\u00e1val az IME Eg\u00e9szs\u00e9g\u00fcgyi vezet\u0151k szaklapja, tudom\u00e1nyos foly\u00f3iratban megjelent\u00a0tanulm\u00e1nyukban r\u00e1mutatnak arra, hogy a \u201elifestyle medicine\u201d (\u00e9letm\u00f3dorvosl\u00e1s) hat &hellip;<\/p>\n","protected":false},"author":102350,"featured_media":27041,"comment_status":"closed","ping_status":"closed","sticky":false,"template":"","format":"standard","meta":{"_acf_changed":false,"footnotes":""},"categories":[6],"tags":[1235,1030,1237],"class_list":["post-27060","post","type-post","status-publish","format-standard","has-post-thumbnail","hentry","category-hirek","tag-eletmod","tag-eletmodorvoslas","tag-lifestyle-medicine"],"acf":[],"_links":{"self":[{"href":"https:\/\/semmelweis.hu\/emk\/wp-json\/wp\/v2\/posts\/27060","targetHints":{"allow":["GET"]}}],"collection":[{"href":"https:\/\/semmelweis.hu\/emk\/wp-json\/wp\/v2\/posts"}],"about":[{"href":"https:\/\/semmelweis.hu\/emk\/wp-json\/wp\/v2\/types\/post"}],"author":[{"embeddable":true,"href":"https:\/\/semmelweis.hu\/emk\/wp-json\/wp\/v2\/users\/102350"}],"replies":[{"embeddable":true,"href":"https:\/\/semmelweis.hu\/emk\/wp-json\/wp\/v2\/comments?post=27060"}],"version-history":[{"count":5,"href":"https:\/\/semmelweis.hu\/emk\/wp-json\/wp\/v2\/posts\/27060\/revisions"}],"predecessor-version":[{"id":27071,"href":"https:\/\/semmelweis.hu\/emk\/wp-json\/wp\/v2\/posts\/27060\/revisions\/27071"}],"wp:featuredmedia":[{"embeddable":true,"href":"https:\/\/semmelweis.hu\/emk\/wp-json\/wp\/v2\/media\/27041"}],"wp:attachment":[{"href":"https:\/\/semmelweis.hu\/emk\/wp-json\/wp\/v2\/media?parent=27060"}],"wp:term":[{"taxonomy":"category","embeddable":true,"href":"https:\/\/semmelweis.hu\/emk\/wp-json\/wp\/v2\/categories?post=27060"},{"taxonomy":"post_tag","embeddable":true,"href":"https:\/\/semmelweis.hu\/emk\/wp-json\/wp\/v2\/tags?post=27060"}],"curies":[{"name":"wp","href":"https:\/\/api.w.org\/{rel}","templated":true}]}}