{"id":27056,"date":"2025-11-29T16:25:49","date_gmt":"2025-11-29T15:25:49","guid":{"rendered":"https:\/\/semmelweis.hu\/emk\/?p=27056"},"modified":"2026-04-16T17:26:39","modified_gmt":"2026-04-16T15:26:39","slug":"dohanyzasrol-valo-leszokas-az-alapellatasban","status":"publish","type":"post","link":"https:\/\/semmelweis.hu\/emk\/2025\/11\/29\/dohanyzasrol-valo-leszokas-az-alapellatasban\/","title":{"rendered":"Doh\u00e1nyz\u00e1sr\u00f3l val\u00f3 leszok\u00e1s az alapell\u00e1t\u00e1sban: hat\u00e9kony \u00e9s megt\u00e9r\u00fcl\u0151 beavatkoz\u00e1sok"},"content":{"rendered":"<p style=\"text-align: justify\"><span style=\"font-weight: 400\">A <strong>doh\u00e1nyz\u00e1s<\/strong> tov\u00e1bbra is az egyik legjelent\u0151sebb eg\u00e9szs\u00e9gk\u00e1ros\u00edt\u00f3 t\u00e9nyez\u0151, amely komoly t\u00e1rsadalmi \u00e9s gazdas\u00e1gi terheket jelent. Ennek f\u00e9ny\u00e9ben kiemelt jelent\u0151s\u00e9ggel b\u00edr az alapell\u00e1t\u00e1sban alkalmazott doh\u00e1nyz\u00e1sr\u00f3l leszok\u00e1st t\u00e1mogat\u00f3 beavatkoz\u00e1sok vizsg\u00e1lata, k\u00fcl\u00f6n\u00f6sen a h\u00e1ziorvosi \u00e9s v\u00e9d\u0151n\u0151i rendszer keret\u00e9ben.<\/span><\/p>\n<p style=\"text-align: justify\"><span style=\"font-weight: 400\"><strong>Dr. Terebessy Andr\u00e1s, <\/strong><a href=\"https:\/\/semmelweis.hu\/emk\/oktatas\/mesterkepzes\/egeszsegugyi-menedzser-msc\/\" target=\"_blank\" rel=\"noopener\">eg\u00e9szs\u00e9g\u00fcgyi menedzser mesterk\u00e9pz\u00e9s\u00fcnk<\/a> 2025-ben v\u00e9gzett hallgat\u00f3ja t\u00e9mavezet\u0151j\u00e9vel, munkat\u00e1rsunkkal, <a href=\"https:\/\/semmelweis.hu\/emk\/oktatas\/munkatarsak-oktatoi-csapat\/penzes-melinda-dr\/\" target=\"_blank\" rel=\"noopener\"><strong>Dr. P\u00e9nzes Melind\u00e1val<\/strong><\/a> az <b>IME Eg\u00e9szs\u00e9g\u00fcgyi vezet\u0151k szaklapja, tudom\u00e1nyos foly\u00f3irat<\/b>ban megjelent tanulm\u00e1ny\u00e1ban azt elemzi, hogy ezek a beavatkoz\u00e1sok mennyire hat\u00e9konyak \u00e9s gazdas\u00e1gosak. A kutat\u00e1s nemzetk\u00f6zi szakirodalmi \u00e1ttekint\u00e9s alapj\u00e1n vizsg\u00e1lja a k\u00fcl\u00f6nb\u00f6z\u0151 m\u00f3dszereket, figyelembe v\u00e9ve a k\u00f6lts\u00e9ghat\u00e9konys\u00e1got, amely azt mutatja meg, hogy egy adott beavatkoz\u00e1s mennyi eg\u00e9szs\u00e9gnyeres\u00e9get eredm\u00e9nyez a r\u00e1ford\u00edtott k\u00f6lts\u00e9gekhez k\u00e9pest.<\/span><\/p>\n<p style=\"text-align: justify\"><span style=\"font-weight: 400\">Az elemz\u00e9s szerint az egyszer\u0171, r\u00f6vid <strong>orvosi tan\u00e1csad\u00e1s<\/strong> m\u00e1r \u00f6nmag\u00e1ban is hat\u00e9kony lehet, k\u00fcl\u00f6n\u00f6sen rendszeres alkalmaz\u00e1s eset\u00e9n. Emellett a <strong>telefonos \u00e9s digit\u00e1lis megold\u00e1sok<\/strong>, p\u00e9ld\u00e1ul tan\u00e1csad\u00f3 vonalak, automatikus h\u00edv\u00e1sok vagy \u00fczenetek, szint\u00e9n n\u00f6velhetik a leszok\u00e1s sikeress\u00e9g\u00e9t, mik\u00f6zben \u00e1ltal\u00e1ban kedvez\u0151 k\u00f6lts\u00e9ghat\u00e9konys\u00e1got mutatnak. A <strong>gy\u00f3gyszeres t\u00e1mogat\u00e1s<\/strong>, k\u00fcl\u00f6n\u00f6sen a nikotinp\u00f3tl\u00f3 k\u00e9sz\u00edtm\u00e9nyek alkalmaz\u00e1sa, t\u00f6bb vizsg\u00e1lat szerint hat\u00e9kony, \u00e9s ak\u00e1r hossz\u00fa t\u00e1v\u00fa k\u00f6lts\u00e9gmegtakar\u00edt\u00e1st is eredm\u00e9nyezhet a k\u00e9s\u0151bbi betegs\u00e9gek megel\u0151z\u00e9s\u00e9vel. Egyes speci\u00e1lis k\u00e9sz\u00edtm\u00e9nyek azonban nem minden c\u00e9lcsoportban bizonyultak eredm\u00e9nyesnek, ez\u00e9rt ezek tov\u00e1bbi vizsg\u00e1latot ig\u00e9nyelnek.<\/span><\/p>\n<p style=\"text-align: justify\"><span style=\"font-weight: 400\">A tanulm\u00e1ny kiemeli a <strong>p\u00e9nz\u00fcgyi \u00f6szt\u00f6nz\u0151k<\/strong> szerep\u00e9t, p\u00e9ld\u00e1ul a kisebb jutalmak sikeres leszok\u00e1s eset\u00e9n, valamint a c\u00e9lzott beavatkoz\u00e1s fontoss\u00e1g\u00e1t olyan csoportokn\u00e1l, mint a v\u00e1rand\u00f3s n\u0151k vagy kisgyermekes sz\u00fcl\u0151k, ahol a doh\u00e1nyz\u00e1s visszaszor\u00edt\u00e1sa nemcsak az egy\u00e9n, hanem a gyermekek eg\u00e9szs\u00e9g\u00e9t is v\u00e9di.<\/span><\/p>\n<div class=\"w-100 keretes\" style=\"text-align: justify\"><span style=\"font-weight: 400\">A teljes magyar nyelv\u0171 publik\u00e1ci\u00f3 a linkre kattintva \u00e9rhet\u0151 el: <\/span><a href=\"https:\/\/ojs.mtak.hu\/index.php\/ime\/article\/view\/18404\/17266\" target=\"_blank\" rel=\"noopener\"><b>Az alapell\u00e1t\u00e1sban alkalmazhat\u00f3 doh\u00e1nyz\u00e1sr\u00f3l leszok\u00e1st t\u00e1mogat\u00f3 intervenci\u00f3k hasznoss\u00e1ga: narrat\u00edv szakirodalmi \u00e1ttekint\u00e9s<\/b><\/a><\/div>\n<p><img loading=\"lazy\" decoding=\"async\" class=\"aligncenter size-full wp-image-27042\" src=\"https:\/\/semmelweis.hu\/emk\/files\/2026\/04\/245_kozlemeny_EMK_cover.jpg\" alt=\"Doh\u00e1nyz\u00e1sr\u00f3l val\u00f3 leszok\u00e1s az alapell\u00e1t\u00e1sban: hat\u00e9kony \u00e9s megt\u00e9r\u00fcl\u0151 beavatkoz\u00e1sok\" width=\"800\" height=\"400\" srcset=\"https:\/\/semmelweis.hu\/emk\/files\/2026\/04\/245_kozlemeny_EMK_cover.jpg 800w, https:\/\/semmelweis.hu\/emk\/files\/2026\/04\/245_kozlemeny_EMK_cover-400x200.jpg 400w, https:\/\/semmelweis.hu\/emk\/files\/2026\/04\/245_kozlemeny_EMK_cover-768x384.jpg 768w, https:\/\/semmelweis.hu\/emk\/files\/2026\/04\/245_kozlemeny_EMK_cover-753x377.jpg 753w\" sizes=\"auto, (max-width: 800px) 100vw, 800px\" \/><\/p>\n","protected":false},"excerpt":{"rendered":"<p>A doh\u00e1nyz\u00e1s tov\u00e1bbra is az egyik legjelent\u0151sebb eg\u00e9szs\u00e9gk\u00e1ros\u00edt\u00f3 t\u00e9nyez\u0151, amely komoly t\u00e1rsadalmi \u00e9s gazdas\u00e1gi terheket jelent. Ennek f\u00e9ny\u00e9ben kiemelt jelent\u0151s\u00e9ggel b\u00edr az alapell\u00e1t\u00e1sban alkalmazott doh\u00e1nyz\u00e1sr\u00f3l leszok\u00e1st t\u00e1mogat\u00f3 beavatkoz\u00e1sok vizsg\u00e1lata, k\u00fcl\u00f6n\u00f6sen a h\u00e1ziorvosi \u00e9s v\u00e9d\u0151n\u0151i rendszer keret\u00e9ben. Dr. Terebessy Andr\u00e1s, <a href=\"https:\/\/semmelweis.hu\/emk\/oktatas\/mesterkepzes\/egeszsegugyi-menedzser-msc\/\" target=\"_blank\" rel=\"noopener\">eg\u00e9szs\u00e9g\u00fcgyi menedzser mesterk\u00e9pz\u00e9s\u00fcnk<\/a> 2025-ben v\u00e9gzett hallgat\u00f3ja t\u00e9mavezet\u0151j\u00e9vel, munkat\u00e1rsunkkal, <a href=\"https:\/\/semmelweis.hu\/emk\/oktatas\/munkatarsak-oktatoi-csapat\/penzes-melinda-dr\/\" target=\"_blank\" rel=\"noopener\">Dr. P\u00e9nzes Melind\u00e1val<\/a> az IME Eg\u00e9szs\u00e9g\u00fcgyi vezet\u0151k szaklapja, tudom\u00e1nyos foly\u00f3iratban megjelent tanulm\u00e1ny\u00e1ban azt elemzi, &hellip;<\/p>\n","protected":false},"author":102350,"featured_media":27042,"comment_status":"closed","ping_status":"closed","sticky":false,"template":"","format":"standard","meta":{"_acf_changed":false,"footnotes":""},"categories":[6],"tags":[266,551],"class_list":["post-27056","post","type-post","status-publish","format-standard","has-post-thumbnail","hentry","category-hirek","tag-dohanyzas","tag-dohanyzasrol-valo-leszokas"],"acf":[],"_links":{"self":[{"href":"https:\/\/semmelweis.hu\/emk\/wp-json\/wp\/v2\/posts\/27056","targetHints":{"allow":["GET"]}}],"collection":[{"href":"https:\/\/semmelweis.hu\/emk\/wp-json\/wp\/v2\/posts"}],"about":[{"href":"https:\/\/semmelweis.hu\/emk\/wp-json\/wp\/v2\/types\/post"}],"author":[{"embeddable":true,"href":"https:\/\/semmelweis.hu\/emk\/wp-json\/wp\/v2\/users\/102350"}],"replies":[{"embeddable":true,"href":"https:\/\/semmelweis.hu\/emk\/wp-json\/wp\/v2\/comments?post=27056"}],"version-history":[{"count":4,"href":"https:\/\/semmelweis.hu\/emk\/wp-json\/wp\/v2\/posts\/27056\/revisions"}],"predecessor-version":[{"id":27070,"href":"https:\/\/semmelweis.hu\/emk\/wp-json\/wp\/v2\/posts\/27056\/revisions\/27070"}],"wp:featuredmedia":[{"embeddable":true,"href":"https:\/\/semmelweis.hu\/emk\/wp-json\/wp\/v2\/media\/27042"}],"wp:attachment":[{"href":"https:\/\/semmelweis.hu\/emk\/wp-json\/wp\/v2\/media?parent=27056"}],"wp:term":[{"taxonomy":"category","embeddable":true,"href":"https:\/\/semmelweis.hu\/emk\/wp-json\/wp\/v2\/categories?post=27056"},{"taxonomy":"post_tag","embeddable":true,"href":"https:\/\/semmelweis.hu\/emk\/wp-json\/wp\/v2\/tags?post=27056"}],"curies":[{"name":"wp","href":"https:\/\/api.w.org\/{rel}","templated":true}]}}