{"id":24734,"date":"2025-03-21T12:20:07","date_gmt":"2025-03-21T11:20:07","guid":{"rendered":"https:\/\/semmelweis.hu\/emk\/?p=24734"},"modified":"2025-03-21T12:20:07","modified_gmt":"2025-03-21T11:20:07","slug":"a-szocialis-szakma-erdekvedelmenek-jelene-es-jovoje-szvk-forum-2025-04-03","status":"publish","type":"post","link":"https:\/\/semmelweis.hu\/emk\/2025\/03\/21\/a-szocialis-szakma-erdekvedelmenek-jelene-es-jovoje-szvk-forum-2025-04-03\/","title":{"rendered":"A szoci\u00e1lis szakma \u00e9rdekv\u00e9delm\u00e9nek jelene \u00e9s j\u00f6v\u0151je &#8211; SZVK F\u00f3rum 2025.04.03."},"content":{"rendered":"<p style=\"text-align: justify\">A Semmelweis Egyetem szoci\u00e1lis vezet\u0151k\u00e9pz\u00e9s\u00e9nek r\u00e9sztvev\u0151i, a v\u00e9gzett koll\u00e9g\u00e1ink egyik \u201etal\u00e1lkoz\u00e1si pontja\u201d, az <strong>SZVK F\u00f3rum<\/strong>. A F\u00f3rum mindig egy-egy adott t\u00e9ma k\u00f6r\u00fcl biztos\u00edt keretet a v\u00e9lem\u00e9nyform\u00e1l\u00e1sra, vit\u00e1kra, \u00fcgyeink \u201emegbesz\u00e9l\u00e9s\u00e9re\u201d. A k\u00f6vetkez\u0151 alkalommal h\u00e1rom \u00e9vvel kor\u00e1bbi t\u00e9m\u00e1t hozunk vissza, mely \u00fajra nagyon aktu\u00e1lis: a szoci\u00e1lis szakma \u00e9rdekv\u00e9delmi helyzet\u00e9t.<\/p>\n<p style=\"text-align: justify\">A panelbesz\u00e9lget\u00e9s vend\u00e9gei szakszervezeti vezet\u0151k: <strong>Boros P\u00e9tern\u00e9<\/strong> (Magyar K\u00f6ztisztvisel\u0151k, K\u00f6zalkalmazottak \u00e9s K\u00f6zszolg\u00e1lati Dolgoz\u00f3k Szakszervezete), <strong>K\u00f6ves Ferenc<\/strong> (Szoci\u00e1lis \u00c1gazatban Dolgoz\u00f3k Szakszervezete), <strong>Mig\u00e1cs Tibor<\/strong> (Szoci\u00e1lis Munk\u00e1sok Demokratikus Szakszervezete) \u00e9s <strong>Sz\u0171cs Vikt\u00f3ria<\/strong> (B\u00f6lcs\u0151dei Dolgoz\u00f3k Demokratikus Szakszervezete).<\/p>\n<p style=\"text-align: justify\">Most is lehet\u0151s\u00e9g van <strong>el\u0151zetes k\u00e9rd\u00e9sek<\/strong> feltev\u00e9s\u00e9re, megfogalmaz\u00e1s\u00e1ra, de a r\u00e9sztvev\u0151k \u00e9l\u0151ben\/szem\u00e9lyesen is tehetnek fel k\u00e9rd\u00e9seket. Ezeket a v\u00e9lem\u00e9nyeket \u2013 ha el\u0151zetesen megk\u00fcldik a regisztr\u00e1ci\u00f3s oldalon \u2013 \u00f6sszegy\u0171jtj\u00fck \u00e9s k\u00e9pviselj\u00fck a besz\u00e9lget\u00e9sben.<\/p>\n<p style=\"text-align: justify\">A k\u00f6vetkez\u0151 SZVK F\u00f3rum id\u0151pontja<\/p>\n<p style=\"text-align: center\"><span style=\"font-size: 18pt\"><strong style=\"text-align: center\">2025. \u00e1prilis 3-a, cs\u00fct\u00f6rt\u00f6k, 16:45.<\/strong><\/span><\/p>\n<p style=\"text-align: justify\">Id\u0151tartama v\u00e1rhat\u00f3an 80-120 perc, de ig\u00e9ny eset\u00e9n ak\u00e1r tov\u00e1bb is folytathatjuk a besz\u00e9lget\u00e9st.<\/p>\n<p style=\"text-align: justify\"><strong>Helysz\u00edne:<\/strong> 1125 Budapest, K\u00fatv\u00f6lgyi \u00fat 2., Semmelweis Egyetem EKK EMK, nagyel\u0151ad\u00f3.<\/p>\n<p style=\"text-align: justify\">A besz\u00e9lget\u00e9sr\u0151l hangfelv\u00e9tel k\u00e9sz\u00fcl, amelyet a <a href=\"https:\/\/open.spotify.com\/show\/1UgLjGudO7iHBszEByRPyu?si=dWjNaIlhT6GJI5RFUmafFQ\" target=\"_blank\" rel=\"noopener\">KIKAZOK podcast<\/a> ad\u00e1sai sor\u00e1ban visszahallgathat\u00f3v\u00e1 tesz\u00fcnk.<\/p>\n<p style=\"text-align: center\"><span style=\"font-size: 18pt\">T\u00e9ma: <strong>a szoci\u00e1lis szakma \u00e9rdekv\u00e9delm\u00e9nek jelene \u00e9s j\u00f6v\u0151je<\/strong><\/span><\/p>\n<p style=\"text-align: justify\">Az SZVK F\u00f3rumon val\u00f3 r\u00e9szv\u00e9tel ingyenes, de <strong>regisztr\u00e1ci\u00f3hoz <\/strong>k\u00f6t\u00f6tt.<\/p>\n<p style=\"text-align: center\"><a class=\"btn btn-secondary\" href=\"https:\/\/docs.google.com\/forms\/d\/e\/1FAIpQLSeo-5zv9tn8CN230frHUaHMXpK192AELRGMCj75KlqM1M7R8g\/viewform\">REGISZTR\u00c1CI\u00d3<\/a><\/p>\n<p style=\"text-align: justify\">Szeretettel v\u00e1runk minden \u00e9rdekl\u0151d\u0151t:<br \/>\na Semmelweis Egyetem <a href=\"https:\/\/semmelweis.hu\/emk\/szocialis-vezetokepzo-tudaskozpont\/\" target=\"_blank\" rel=\"noopener\"><strong>Szoci\u00e1lis Vezet\u0151k\u00e9pz\u0151 Tud\u00e1sk\u00f6zpont<\/strong><\/a> szervez\u0151 csapata<\/p>\n","protected":false},"excerpt":{"rendered":"<p>A Semmelweis Egyetem szoci\u00e1lis vezet\u0151k\u00e9pz\u00e9s\u00e9nek r\u00e9sztvev\u0151i, a v\u00e9gzett koll\u00e9g\u00e1ink egyik \u201etal\u00e1lkoz\u00e1si pontja\u201d, az SZVK F\u00f3rum. A F\u00f3rum mindig egy-egy adott t\u00e9ma k\u00f6r\u00fcl biztos\u00edt keretet a v\u00e9lem\u00e9nyform\u00e1l\u00e1sra, vit\u00e1kra, \u00fcgyeink \u201emegbesz\u00e9l\u00e9s\u00e9re\u201d. A k\u00f6vetkez\u0151 alkalommal h\u00e1rom \u00e9vvel kor\u00e1bbi t\u00e9m\u00e1t hozunk vissza, mely \u00fajra nagyon aktu\u00e1lis: a szoci\u00e1lis szakma \u00e9rdekv\u00e9delmi helyzet\u00e9t. A panelbesz\u00e9lget\u00e9s vend\u00e9gei szakszervezeti vezet\u0151k: Boros P\u00e9tern\u00e9 (Magyar &hellip;<\/p>\n","protected":false},"author":102350,"featured_media":24736,"comment_status":"closed","ping_status":"closed","sticky":false,"template":"","format":"standard","meta":{"_acf_changed":false,"footnotes":""},"categories":[6],"tags":[705,703],"class_list":["post-24734","post","type-post","status-publish","format-standard","has-post-thumbnail","hentry","category-hirek","tag-szocialis-szakma","tag-szvk-forum"],"acf":[],"_links":{"self":[{"href":"https:\/\/semmelweis.hu\/emk\/wp-json\/wp\/v2\/posts\/24734","targetHints":{"allow":["GET"]}}],"collection":[{"href":"https:\/\/semmelweis.hu\/emk\/wp-json\/wp\/v2\/posts"}],"about":[{"href":"https:\/\/semmelweis.hu\/emk\/wp-json\/wp\/v2\/types\/post"}],"author":[{"embeddable":true,"href":"https:\/\/semmelweis.hu\/emk\/wp-json\/wp\/v2\/users\/102350"}],"replies":[{"embeddable":true,"href":"https:\/\/semmelweis.hu\/emk\/wp-json\/wp\/v2\/comments?post=24734"}],"version-history":[{"count":2,"href":"https:\/\/semmelweis.hu\/emk\/wp-json\/wp\/v2\/posts\/24734\/revisions"}],"predecessor-version":[{"id":24737,"href":"https:\/\/semmelweis.hu\/emk\/wp-json\/wp\/v2\/posts\/24734\/revisions\/24737"}],"wp:featuredmedia":[{"embeddable":true,"href":"https:\/\/semmelweis.hu\/emk\/wp-json\/wp\/v2\/media\/24736"}],"wp:attachment":[{"href":"https:\/\/semmelweis.hu\/emk\/wp-json\/wp\/v2\/media?parent=24734"}],"wp:term":[{"taxonomy":"category","embeddable":true,"href":"https:\/\/semmelweis.hu\/emk\/wp-json\/wp\/v2\/categories?post=24734"},{"taxonomy":"post_tag","embeddable":true,"href":"https:\/\/semmelweis.hu\/emk\/wp-json\/wp\/v2\/tags?post=24734"}],"curies":[{"name":"wp","href":"https:\/\/api.w.org\/{rel}","templated":true}]}}