{"id":24527,"date":"2025-02-14T09:29:07","date_gmt":"2025-02-14T08:29:07","guid":{"rendered":"https:\/\/semmelweis.hu\/emk\/?p=24527"},"modified":"2025-03-27T13:25:45","modified_gmt":"2025-03-27T12:25:45","slug":"mesterseges-intelligencia-az-egeszsegugyben-cimmel-uj-hirlevelet-inditunk","status":"publish","type":"post","link":"https:\/\/semmelweis.hu\/emk\/2025\/02\/14\/mesterseges-intelligencia-az-egeszsegugyben-cimmel-uj-hirlevelet-inditunk\/","title":{"rendered":"Mesters\u00e9ges intelligencia az eg\u00e9szs\u00e9g\u00fcgyben c\u00edmmel \u00faj h\u00edrlevelet ind\u00edtunk"},"content":{"rendered":"<p style=\"text-align: justify\">Int\u00e9zet\u00fcnk \u00e9s szakmai partner\u00fcnk, a <a href=\"https:\/\/memt.hu\/\" target=\"_blank\" rel=\"noopener\"><strong>Magyar Eg\u00e9szs\u00e9g\u00fcgyi Menedzsment T\u00e1rsas\u00e1g<\/strong> (MEMT)<\/a> elk\u00f6telezett az eg\u00e9szs\u00e9g\u00fcgyi innov\u00e1ci\u00f3k hazai elterjeszt\u00e9se \u00e9s a t\u00e9ma ir\u00e1nt \u00e9rdekl\u0151d\u0151k folyamatos t\u00e1j\u00e9koztat\u00e1sa ir\u00e1nt.<\/p>\n<div class=\"keretes w-100\">\n<p style=\"text-align: justify\"><strong>\u00c9rtes\u00fclj\u00f6n \u00d6n is a mesters\u00e9ges intelligencia az eg\u00e9szs\u00e9g\u00fcgyben t\u00e9m\u00e1ban megjelent h\u00edrekr\u0151l, publik\u00e1ci\u00f3kr\u00f3l, esem\u00e9nyekr\u0151l!\u00a0<\/strong><\/p>\n<p style=\"text-align: center\"><a class=\"button\" href=\"https:\/\/97febb0d.sibforms.com\/serve\/MUIFACFhqhGmy5b6Ch0mBP3tLWc10_WMEqcUQv1V0hs7Mp1-Z0er1oRwPe2CsYCuaqd5rbKEOb28MLFnhY2406-KF-HMHf1EEZCLGSwoVOcC2isakYEqpbK2yo14Q8w0se6ImIFZEaLaxBlm_e1V8Ub4RwZhENWKOAFvZNANREnzoXtMIYQ_Iqtzi8foUwopAND8fURb7D9GpTWr\">FELIRATKOZOM<\/a><\/p>\n<\/div>\n<p style=\"text-align: justify\">C\u00e9lunk, hogy az <strong>adatvez\u00e9relt d\u00f6nt\u00e9sel\u0151k\u00e9sz\u00edt\u00e9s<\/strong>re alapozva, a magyar p\u00e1ciensek ell\u00e1t\u00e1sa gyorsabb\u00e1 \u00e9s hat\u00e9konyabb\u00e1 v\u00e1ljon. Az <strong>adatvez\u00e9relt eg\u00e9szs\u00e9g\u00fcgy \u00e9s a digit\u00e1lis paradigmav\u00e1lt\u00e1s hazai szakmai m\u0171helyek\u00e9nt \u00e9s m\u00f3dszertani k\u00f6zpontjak\u00e9nt<\/strong> folyamatosan figyelemmel k\u00eds\u00e9rj\u00fck a fejleszt\u00e9seket. <strong>Mesters\u00e9gesintelligencia-radar<\/strong>unk \u00f6sszegezni tudja a vil\u00e1g eg\u00e9szs\u00e9g\u00fcgyi szektorainak megold\u00e1sait, l\u00e1tjuk, hogy az elm\u00falt 5 \u00e9vben t\u00f6bb mint 600 AI-alap\u00fa megold\u00e1s kapott orvosi eszk\u00f6z min\u0151s\u00edt\u00e9st a vil\u00e1gon.<\/p>\n<div class=\"fontos_div w-100\" style=\"text-align: justify\">\n<p>Tavaly \u0151szt\u0151l egy \u00faj, <a href=\"https:\/\/semmelweis.hu\/emk\/oktatas\/mesterkepzes\/egeszsegugyi-adattudomany-msc\/\" target=\"_blank\" rel=\"noopener\"><strong>eg\u00e9szs\u00e9g\u00fcgyi adattudom\u00e1ny mesterk\u00e9pz\u00e9s<\/strong><\/a>t is ind\u00edtottunk, \u00edgy egy int\u00e9zm\u00e9nyben \u00f6sszpontos\u00edtjuk az oktat\u00e1st, a tehets\u00e9ggondoz\u00e1st \u00e9s a fejleszt\u00e9seinket.<\/p>\n<\/div>\n<p style=\"text-align: justify\">\u00d6sszess\u00e9g\u00e9ben a mesters\u00e9ges intelligencia<\/p>\n<ul style=\"text-align: justify\">\n<li>seg\u00edti az eg\u00e9szs\u00e9g\u00fcgyi rendszerek hat\u00e9konys\u00e1g\u00e1t,<\/li>\n<li>t\u00e1mogatja a k\u00f3rh\u00e1zi m\u0171k\u00f6d\u00e9st,<\/li>\n<li>\u00e9s a betegell\u00e1t\u00e1shoz n\u00e9lk\u00fcl\u00f6zhetetlen inform\u00e1ci\u00f3khoz val\u00f3 hozz\u00e1f\u00e9r\u00e9st.<\/li>\n<\/ul>\n<h6 style=\"text-align: justify\"><strong>Mi\u00e9rt ind\u00edtjuk a h\u00edrlevelet?<\/strong><\/h6>\n<p style=\"text-align: justify\">Az elm\u00falt \u00e9vtizedekben a <strong>mesters\u00e9ges intelligencia (MI\/AI)<\/strong> szinte az \u00f6sszes ipar\u00e1gat \u00e1tform\u00e1lta, az eg\u00e9szs\u00e9g\u00fcgyet is megv\u00e1ltoztatta, bele\u00e9rtve az orvosl\u00e1st, a betegell\u00e1t\u00e1st, valamint az eg\u00e9szs\u00e9g\u00fcgyi fejleszt\u00e9seket is.<\/p>\n<p style=\"text-align: justify\">Az MI alap\u00fa rendszerek seg\u00edts\u00e9g\u00e9vel ma m\u00e1r k\u00f6nnyebben \u00e9s gyorsabban lehet azonos\u00edtani a betegs\u00e9geket, ak\u00e1r a <strong>k\u00e9palkot\u00f3 diagnosztikai vizsg\u00e1latok elemz\u00e9se<\/strong>, ak\u00e1r a <strong>betegs\u00e9gek kock\u00e1zati el\u0151rejelz\u00e9se<\/strong> alapj\u00e1n.<\/p>\n<p style=\"text-align: justify\">Az egyedi betegadatok \u00f3ri\u00e1si seg\u00edts\u00e9get ny\u00fajtanak az orvosoknak a szem\u00e9lyre szabott kezel\u00e9si tervek kialak\u00edt\u00e1s\u00e1ban, hiszen az MI k\u00f6nnyen \u00e9s gyorsan rendszerezi a klinikai eredm\u00e9nyeket, az evidenci\u00e1kat, a genetikai adotts\u00e1gokat.<\/p>\n<p style=\"text-align: justify\">Az MI \u00f3ri\u00e1si mennyis\u00e9g\u0171 <strong>eg\u00e9szs\u00e9g\u00fcgyi adat<\/strong>ot k\u00e9pes elemezni, \u00edgy a szakemberek az eg\u00e9sz vil\u00e1got \u00e9rint\u0151, glob\u00e1lis el\u0151rejelz\u00e9seket alkothatnak, p\u00e9ld\u00e1ul a j\u00e1rv\u00e1nyok terjed\u00e9s\u00e9r\u0151l. M\u00e1r ott van a m\u0171t\u0151kben is. Gondoljunk a sz\u00e1m\u00edt\u00f3g\u00e9ppel tervezett m\u0171t\u00e9tekre vagy a robotikai seb\u00e9szeti beavatkoz\u00e1sokra!<\/p>\n<p style=\"text-align: justify\">Az MI seg\u00edts\u00e9g\u00e9vel lehet\u0151v\u00e9 v\u00e1lt a <strong>f\u00f6ldrajzilag t\u00e1vol \u00e9l\u0151 p\u00e1ciensek ell\u00e1t\u00e1sa<\/strong> is: az okos eszk\u00f6z\u00f6k \u00e9s az MI kombin\u00e1ci\u00f3ja lehet\u0151v\u00e9 teszi a p\u00e1ciens \u00e1llapot\u00e1nak otthoni megfigyel\u00e9s\u00e9t, ami seg\u00edti az id\u0151s vagy kr\u00f3nikus betegek gondoz\u00e1s\u00e1t \u00e9s az id\u0151ben t\u00f6rt\u00e9n\u0151 beavatkoz\u00e1st.<\/p>\n<div class=\"keretes w-100\">\n<p style=\"text-align: justify\"><strong><img loading=\"lazy\" decoding=\"async\" class=\"alignleft wp-image-3006 \" src=\"https:\/\/semmelweis.hu\/emk\/files\/2024\/09\/Joo-Tamas-379-PS-scaled-1-400x267.jpg\" alt=\"Jo\u00f3 Tam\u00e1s lead\" width=\"284\" height=\"190\" srcset=\"https:\/\/semmelweis.hu\/emk\/files\/2024\/09\/Joo-Tamas-379-PS-scaled-1-400x267.jpg 400w, https:\/\/semmelweis.hu\/emk\/files\/2024\/09\/Joo-Tamas-379-PS-scaled-1-1024x683.jpg 1024w, https:\/\/semmelweis.hu\/emk\/files\/2024\/09\/Joo-Tamas-379-PS-scaled-1-768x512.jpg 768w, https:\/\/semmelweis.hu\/emk\/files\/2024\/09\/Joo-Tamas-379-PS-scaled-1-1536x1024.jpg 1536w, https:\/\/semmelweis.hu\/emk\/files\/2024\/09\/Joo-Tamas-379-PS-scaled-1-2048x1366.jpg 2048w, https:\/\/semmelweis.hu\/emk\/files\/2024\/09\/Joo-Tamas-379-PS-scaled-1-753x502.jpg 753w, https:\/\/semmelweis.hu\/emk\/files\/2024\/09\/Joo-Tamas-379-PS-scaled-1-203x135.jpg 203w\" sizes=\"auto, (max-width: 284px) 100vw, 284px\" \/><span style=\"font-size: 12pt\">A mesters\u00e9ges intelligencia az eg\u00e9szs\u00e9g\u00fcgyben h\u00edrlev\u00e9l f\u0151szerkeszt\u0151je: <a href=\"https:\/\/semmelweis.hu\/emk\/oktatas\/munkatarsak-oktatoi-csapat\/joo-tamas-dr\/\" target=\"_blank\" rel=\"noopener\">dr. Jo\u00f3 Tam\u00e1s<\/a><\/span><\/strong><br \/>\n<span style=\"font-size: 12pt\">Egyetemi docens, eg\u00e9szs\u00e9g\u00fcgyi k\u00f6zgazd\u00e1sz, adatvez\u00e9relt eg\u00e9szs\u00e9g\u00fcgyi szak\u00e9rt\u0151, az eg\u00e9szs\u00e9g\u00fcgyi adattudom\u00e1ny mesterk\u00e9pz\u00e9s programvezet\u0151je \u00e9s szakmai felel\u0151se, a MEMT eln\u00f6khelyettese, a Bel\u00fcgyminiszt\u00e9rium \u00e9s a NAV mesters\u00e9ges intelligencia munkacsoportjainak tagja.<\/span><\/p>\n<\/div>\n<h6 style=\"text-align: justify\"><strong>Kikhez sz\u00f3lunk?<\/strong><\/h6>\n<p style=\"text-align: justify\"><strong>Mesters\u00e9ges intelligencia az eg\u00e9szs\u00e9g\u00fcgyben<\/strong> c\u00edm\u0171 h\u00edrlevel\u00fcnket els\u0151sorban<\/p>\n<ul>\n<li style=\"text-align: justify\">gyakorl\u00f3 orvosoknak,<\/li>\n<li style=\"text-align: justify\">eg\u00e9szs\u00e9g\u00fcgyi szakembereknek (szakorvosoknak, h\u00e1ziorvosoknak, n\u0151v\u00e9reknek, asszisztenseknek,<\/li>\n<li style=\"text-align: justify\">eg\u00e9szs\u00e9g\u00fcgyi adattud\u00f3soknak,<\/li>\n<li style=\"text-align: justify\">eg\u00e9szs\u00e9g\u00fcgyi informatik\u00e1val foglalkoz\u00f3knak<\/li>\n<li style=\"text-align: justify\">\u00e9s eg\u00e9szs\u00e9g\u00fcgyi d\u00f6nt\u00e9shoz\u00f3knak (p\u00e9ld\u00e1ul miniszt\u00e9riumok vezet\u0151inek)\u00a0aj\u00e1nljuk.<\/li>\n<\/ul>\n<p style=\"text-align: justify\">A t\u00e9m\u00e1hoz kapcsol\u00f3d\u00f3 aktu\u00e1lis szakmai h\u00edrekr\u0151l, j\u00f3gyakorlatokr\u00f3l, k\u00fclf\u00f6ldi \u00e9s hazai publik\u00e1ci\u00f3kr\u00f3l sz\u00e1molunk be havi rendszeress\u00e9ggel.<\/p>\n<hr \/>\n<div class=\"keretes w-100\">\n<p><strong>A megjelent h\u00edrlevelek <a href=\"https:\/\/semmelweis.hu\/emk\/elerhetosegek\/mesterseges-intelligencia-az-egeszsegugyben-hirlevel\/\" target=\"_blank\" rel=\"noopener\">ezen az oldalon<\/a> tekinthet\u0151k meg.<\/strong><\/p>\n<\/div>\n","protected":false},"excerpt":{"rendered":"<p>Int\u00e9zet\u00fcnk \u00e9s szakmai partner\u00fcnk, a <a href=\"https:\/\/memt.hu\/\" target=\"_blank\" rel=\"noopener\">Magyar Eg\u00e9szs\u00e9g\u00fcgyi Menedzsment T\u00e1rsas\u00e1g (MEMT)<\/a> elk\u00f6telezett az eg\u00e9szs\u00e9g\u00fcgyi innov\u00e1ci\u00f3k hazai elterjeszt\u00e9se \u00e9s a t\u00e9ma ir\u00e1nt \u00e9rdekl\u0151d\u0151k folyamatos t\u00e1j\u00e9koztat\u00e1sa ir\u00e1nt. \u00c9rtes\u00fclj\u00f6n \u00d6n is a mesters\u00e9ges intelligencia az eg\u00e9szs\u00e9g\u00fcgyben t\u00e9m\u00e1ban megjelent h\u00edrekr\u0151l, publik\u00e1ci\u00f3kr\u00f3l, esem\u00e9nyekr\u0151l!\u00a0 <a class=\"button\" href=\"https:\/\/97febb0d.sibforms.com\/serve\/MUIFACFhqhGmy5b6Ch0mBP3tLWc10_WMEqcUQv1V0hs7Mp1-Z0er1oRwPe2CsYCuaqd5rbKEOb28MLFnhY2406-KF-HMHf1EEZCLGSwoVOcC2isakYEqpbK2yo14Q8w0se6ImIFZEaLaxBlm_e1V8Ub4RwZhENWKOAFvZNANREnzoXtMIYQ_Iqtzi8foUwopAND8fURb7D9GpTWr\">FELIRATKOZOM<\/a> C\u00e9lunk, hogy az adatvez\u00e9relt d\u00f6nt\u00e9sel\u0151k\u00e9sz\u00edt\u00e9sre alapozva, a magyar p\u00e1ciensek ell\u00e1t\u00e1sa gyorsabb\u00e1 \u00e9s hat\u00e9konyabb\u00e1 v\u00e1ljon. Az adatvez\u00e9relt eg\u00e9szs\u00e9g\u00fcgy \u00e9s a digit\u00e1lis paradigmav\u00e1lt\u00e1s hazai szakmai &hellip;<\/p>\n","protected":false},"author":102350,"featured_media":24537,"comment_status":"closed","ping_status":"closed","sticky":false,"template":"","format":"standard","meta":{"_acf_changed":false,"footnotes":""},"categories":[6],"tags":[290,294],"class_list":["post-24527","post","type-post","status-publish","format-standard","has-post-thumbnail","hentry","category-hirek","tag-adatvezerelt-egeszsegugy","tag-mesterseges-intelligencia"],"acf":[],"_links":{"self":[{"href":"https:\/\/semmelweis.hu\/emk\/wp-json\/wp\/v2\/posts\/24527","targetHints":{"allow":["GET"]}}],"collection":[{"href":"https:\/\/semmelweis.hu\/emk\/wp-json\/wp\/v2\/posts"}],"about":[{"href":"https:\/\/semmelweis.hu\/emk\/wp-json\/wp\/v2\/types\/post"}],"author":[{"embeddable":true,"href":"https:\/\/semmelweis.hu\/emk\/wp-json\/wp\/v2\/users\/102350"}],"replies":[{"embeddable":true,"href":"https:\/\/semmelweis.hu\/emk\/wp-json\/wp\/v2\/comments?post=24527"}],"version-history":[{"count":10,"href":"https:\/\/semmelweis.hu\/emk\/wp-json\/wp\/v2\/posts\/24527\/revisions"}],"predecessor-version":[{"id":24783,"href":"https:\/\/semmelweis.hu\/emk\/wp-json\/wp\/v2\/posts\/24527\/revisions\/24783"}],"wp:featuredmedia":[{"embeddable":true,"href":"https:\/\/semmelweis.hu\/emk\/wp-json\/wp\/v2\/media\/24537"}],"wp:attachment":[{"href":"https:\/\/semmelweis.hu\/emk\/wp-json\/wp\/v2\/media?parent=24527"}],"wp:term":[{"taxonomy":"category","embeddable":true,"href":"https:\/\/semmelweis.hu\/emk\/wp-json\/wp\/v2\/categories?post=24527"},{"taxonomy":"post_tag","embeddable":true,"href":"https:\/\/semmelweis.hu\/emk\/wp-json\/wp\/v2\/tags?post=24527"}],"curies":[{"name":"wp","href":"https:\/\/api.w.org\/{rel}","templated":true}]}}