{"id":23779,"date":"2024-11-26T11:46:49","date_gmt":"2024-11-26T10:46:49","guid":{"rendered":"https:\/\/semmelweis.hu\/emk\/?p=23779"},"modified":"2024-11-27T11:54:37","modified_gmt":"2024-11-27T10:54:37","slug":"artificial-intelligence-the-cooperation-between-humans-and-machines-at-the-science-expo","status":"publish","type":"post","link":"https:\/\/semmelweis.hu\/emk\/en\/2024\/11\/26\/artificial-intelligence-the-cooperation-between-humans-and-machines-at-the-science-expo\/","title":{"rendered":"Artificial Intelligence: the cooperation between Humans and Machines at the Science Expo"},"content":{"rendered":"<p style=\"text-align: justify\"><span data-sheets-root=\"1\">Our Director, <strong>Dr. Mikl\u00f3s Sz\u00f3cska<\/strong>, also participated in the panel discussion entitled <strong>Artificial Intelligence: the cooperation between Humans and Machines<\/strong> at the <a href=\"https:\/\/niu.hu\/events\/science-expo\" target=\"_blank\" rel=\"noopener\"><strong>Science Expo<\/strong><\/a> held in Budapest in the Museum of Fine Arts (Sz\u00e9pm\u0171v\u00e9szeti M\u00fazeum). <\/span><span data-sheets-root=\"1\"><strong style=\"font-size: 1rem\">Roland Jakab, Andras Bencz\u00far, M\u00e1rk Jelasity, Szabolcs Szolnoki, P\u00e9ter Horv\u00e1th, and Budai Tam\u00e1<\/strong><span style=\"font-size: 1rem\"><strong>s<\/strong> were the other roundtable discussion participants<\/span>.<\/span><\/p>\n<p><img loading=\"lazy\" decoding=\"async\" class=\"aligncenter wp-image-23774 size-full\" src=\"https:\/\/semmelweis.hu\/emk\/files\/2024\/11\/science_expo.jpg\" alt=\"Science Expo 2024 Sz\u00f3cska Mikl\u00f3s\" width=\"2048\" height=\"1365\" srcset=\"https:\/\/semmelweis.hu\/emk\/files\/2024\/11\/science_expo.jpg 2048w, https:\/\/semmelweis.hu\/emk\/files\/2024\/11\/science_expo-400x267.jpg 400w, https:\/\/semmelweis.hu\/emk\/files\/2024\/11\/science_expo-1024x683.jpg 1024w, https:\/\/semmelweis.hu\/emk\/files\/2024\/11\/science_expo-768x512.jpg 768w, https:\/\/semmelweis.hu\/emk\/files\/2024\/11\/science_expo-1536x1024.jpg 1536w, https:\/\/semmelweis.hu\/emk\/files\/2024\/11\/science_expo-753x502.jpg 753w, https:\/\/semmelweis.hu\/emk\/files\/2024\/11\/science_expo-203x135.jpg 203w\" sizes=\"auto, (max-width: 2048px) 100vw, 2048px\" \/><\/p>\n<div class=\"fontos_div\">\n<p style=\"text-align: justify\"><span data-sheets-root=\"1\">The event, which was part of the <strong>World Science Forum<\/strong>, one of the world&#8217;s most important science policy conferences, was organized in cooperation with the Ministry of Culture and Innovation (Kultur\u00e1lis \u00e9s Innov\u00e1ci\u00f3s Miniszt\u00e9rium), the Hungarian Academy of Sciences (Magyar Tudom\u00e1nyos Akad\u00e9mia, MTA), the Hungarian Innovation Agency (Nemzeti Innov\u00e1ci\u00f3s \u00dcgyn\u00f6ks\u00e9g), the HUN-REN Hungarian Research Network (HUN-REN Magyar Kutat\u00e1si H\u00e1l\u00f3zat), the National Academy of Scientist Education (Nemzeti Tud\u00f3sk\u00e9pz\u0151 Akad\u00e9mia) and the largest Hungarian universities.<\/span><\/p>\n<\/div>\n","protected":false},"excerpt":{"rendered":"<p>Our Director, Dr. Mikl\u00f3s Sz\u00f3cska, also participated in the panel discussion entitled Artificial Intelligence: the cooperation between Humans and Machines at the <a href=\"https:\/\/niu.hu\/events\/science-expo\" target=\"_blank\" rel=\"noopener\">Science Expo<\/a> held in Budapest in the Museum of Fine Arts (Sz\u00e9pm\u0171v\u00e9szeti M\u00fazeum). Roland Jakab, Andras Bencz\u00far, M\u00e1rk Jelasity, Szabolcs Szolnoki, P\u00e9ter Horv\u00e1th, and Budai Tam\u00e1s were the other roundtable discussion participants. The event, which &hellip;<\/p>\n","protected":false},"author":102350,"featured_media":23774,"comment_status":"closed","ping_status":"closed","sticky":false,"template":"","format":"standard","meta":{"_acf_changed":false,"footnotes":""},"categories":[33],"tags":[461,481,483],"class_list":["post-23779","post","type-post","status-publish","format-standard","has-post-thumbnail","hentry","category-news","tag-artificial-intelligence","tag-science-expo-en","tag-world-science-forum-en"],"acf":[],"_links":{"self":[{"href":"https:\/\/semmelweis.hu\/emk\/wp-json\/wp\/v2\/posts\/23779","targetHints":{"allow":["GET"]}}],"collection":[{"href":"https:\/\/semmelweis.hu\/emk\/wp-json\/wp\/v2\/posts"}],"about":[{"href":"https:\/\/semmelweis.hu\/emk\/wp-json\/wp\/v2\/types\/post"}],"author":[{"embeddable":true,"href":"https:\/\/semmelweis.hu\/emk\/wp-json\/wp\/v2\/users\/102350"}],"replies":[{"embeddable":true,"href":"https:\/\/semmelweis.hu\/emk\/wp-json\/wp\/v2\/comments?post=23779"}],"version-history":[{"count":2,"href":"https:\/\/semmelweis.hu\/emk\/wp-json\/wp\/v2\/posts\/23779\/revisions"}],"predecessor-version":[{"id":23781,"href":"https:\/\/semmelweis.hu\/emk\/wp-json\/wp\/v2\/posts\/23779\/revisions\/23781"}],"wp:featuredmedia":[{"embeddable":true,"href":"https:\/\/semmelweis.hu\/emk\/wp-json\/wp\/v2\/media\/23774"}],"wp:attachment":[{"href":"https:\/\/semmelweis.hu\/emk\/wp-json\/wp\/v2\/media?parent=23779"}],"wp:term":[{"taxonomy":"category","embeddable":true,"href":"https:\/\/semmelweis.hu\/emk\/wp-json\/wp\/v2\/categories?post=23779"},{"taxonomy":"post_tag","embeddable":true,"href":"https:\/\/semmelweis.hu\/emk\/wp-json\/wp\/v2\/tags?post=23779"}],"curies":[{"name":"wp","href":"https:\/\/api.w.org\/{rel}","templated":true}]}}