{"id":23768,"date":"2024-11-26T11:33:00","date_gmt":"2024-11-26T10:33:00","guid":{"rendered":"https:\/\/semmelweis.hu\/emk\/?p=23768"},"modified":"2024-11-27T11:56:20","modified_gmt":"2024-11-27T10:56:20","slug":"a-mesterseges-intelligencia-egyuttmukodese-az-emberrel-temaju-kerekasztal-beszelgetes-a-science-expon","status":"publish","type":"post","link":"https:\/\/semmelweis.hu\/emk\/2024\/11\/26\/a-mesterseges-intelligencia-egyuttmukodese-az-emberrel-temaju-kerekasztal-beszelgetes-a-science-expon\/","title":{"rendered":"A mesters\u00e9ges intelligencia egy\u00fcttm\u0171k\u00f6d\u00e9se az emberrel t\u00e9m\u00e1j\u00fa kerekasztal-besz\u00e9lget\u00e9s a Science Exp\u00f3n"},"content":{"rendered":"<p style=\"text-align: justify\">Igazgat\u00f3nk, <strong>dr. Sz\u00f3cska Mikl\u00f3s<\/strong> is r\u00e9szt vett a<strong> <a href=\"https:\/\/niu.hu\/events\/science-expo\" target=\"_blank\" rel=\"noopener\">Science Expo<\/a><\/strong> keret\u00e9ben a <strong>Mesters\u00e9ges intelligencia: Az ember \u00e9s a g\u00e9pek egy\u00fcttm\u0171k\u00f6d\u00e9se<\/strong> c\u00edm\u0171 panelbesz\u00e9lget\u00e9sen, amelyre a vil\u00e1g egyik legjelent\u0151sebb tudom\u00e1nypolitikai konferenci\u00e1j\u00e1n, a Tudom\u00e1nyos Vil\u00e1gkonferencia (World Science Forum) r\u00e9szek\u00e9nt ker\u00fclt sor a Sz\u00e9pm\u0171v\u00e9szeti M\u00fazeumban.<\/p>\n<p style=\"text-align: justify\">A kerekasztal-besz\u00e9lget\u00e9s tov\u00e1bbi tagjai<strong> Jakab Roland, Bencz\u00far Andr\u00e1s, Jelasity M\u00e1rk, Szolnoki Szabolcs, Horv\u00e1th P\u00e9ter, <\/strong>valamint <strong>Budai Tam\u00e1s<\/strong> voltak.<\/p>\n<p><img loading=\"lazy\" decoding=\"async\" class=\"aligncenter wp-image-23774 size-large\" src=\"https:\/\/semmelweis.hu\/emk\/files\/2024\/11\/science_expo-1024x683.jpg\" alt=\"Science Expo 2024 Sz\u00f3cska Mikl\u00f3s\" width=\"753\" height=\"502\" srcset=\"https:\/\/semmelweis.hu\/emk\/files\/2024\/11\/science_expo-1024x683.jpg 1024w, https:\/\/semmelweis.hu\/emk\/files\/2024\/11\/science_expo-400x267.jpg 400w, https:\/\/semmelweis.hu\/emk\/files\/2024\/11\/science_expo-768x512.jpg 768w, https:\/\/semmelweis.hu\/emk\/files\/2024\/11\/science_expo-1536x1024.jpg 1536w, https:\/\/semmelweis.hu\/emk\/files\/2024\/11\/science_expo-753x502.jpg 753w, https:\/\/semmelweis.hu\/emk\/files\/2024\/11\/science_expo-203x135.jpg 203w, https:\/\/semmelweis.hu\/emk\/files\/2024\/11\/science_expo.jpg 2048w\" sizes=\"auto, (max-width: 753px) 100vw, 753px\" \/><\/p>\n<div class=\"fontos_div\">\n<p style=\"text-align: justify\">A kiemelt \u00e9rdekl\u0151d\u00e9s mellett lezajlott esem\u00e9ny a Kultur\u00e1lis \u00e9s Innov\u00e1ci\u00f3s Miniszt\u00e9rium, a Magyar Tudom\u00e1nyos Akad\u00e9mia (MTA), a Nemzeti Innov\u00e1ci\u00f3s \u00dcgyn\u00f6ks\u00e9g, a HUN-REN Magyar Kutat\u00e1si H\u00e1l\u00f3zat, a Nemzeti Tud\u00f3sk\u00e9pz\u0151 Akad\u00e9mia, valamint a legnagyobb hazai egyetemek egy\u00fcttm\u0171k\u00f6d\u00e9s\u00e9ben val\u00f3sult meg.<\/p>\n<\/div>\n","protected":false},"excerpt":{"rendered":"<p>Igazgat\u00f3nk, dr. Sz\u00f3cska Mikl\u00f3s is r\u00e9szt vett a <a href=\"https:\/\/niu.hu\/events\/science-expo\" target=\"_blank\" rel=\"noopener\">Science Expo<\/a> keret\u00e9ben a Mesters\u00e9ges intelligencia: Az ember \u00e9s a g\u00e9pek egy\u00fcttm\u0171k\u00f6d\u00e9se c\u00edm\u0171 panelbesz\u00e9lget\u00e9sen, amelyre a vil\u00e1g egyik legjelent\u0151sebb tudom\u00e1nypolitikai konferenci\u00e1j\u00e1n, a Tudom\u00e1nyos Vil\u00e1gkonferencia (World Science Forum) r\u00e9szek\u00e9nt ker\u00fclt sor a Sz\u00e9pm\u0171v\u00e9szeti M\u00fazeumban. A kerekasztal-besz\u00e9lget\u00e9s tov\u00e1bbi tagjai Jakab Roland, Bencz\u00far Andr\u00e1s, Jelasity M\u00e1rk, Szolnoki Szabolcs, Horv\u00e1th P\u00e9ter, valamint Budai &hellip;<\/p>\n","protected":false},"author":102350,"featured_media":23774,"comment_status":"closed","ping_status":"closed","sticky":false,"template":"","format":"standard","meta":{"_acf_changed":false,"footnotes":""},"categories":[6],"tags":[294,477,479],"class_list":["post-23768","post","type-post","status-publish","format-standard","has-post-thumbnail","hentry","category-hirek","tag-mesterseges-intelligencia","tag-science-expo","tag-world-science-forum"],"acf":[],"_links":{"self":[{"href":"https:\/\/semmelweis.hu\/emk\/wp-json\/wp\/v2\/posts\/23768","targetHints":{"allow":["GET"]}}],"collection":[{"href":"https:\/\/semmelweis.hu\/emk\/wp-json\/wp\/v2\/posts"}],"about":[{"href":"https:\/\/semmelweis.hu\/emk\/wp-json\/wp\/v2\/types\/post"}],"author":[{"embeddable":true,"href":"https:\/\/semmelweis.hu\/emk\/wp-json\/wp\/v2\/users\/102350"}],"replies":[{"embeddable":true,"href":"https:\/\/semmelweis.hu\/emk\/wp-json\/wp\/v2\/comments?post=23768"}],"version-history":[{"count":5,"href":"https:\/\/semmelweis.hu\/emk\/wp-json\/wp\/v2\/posts\/23768\/revisions"}],"predecessor-version":[{"id":23778,"href":"https:\/\/semmelweis.hu\/emk\/wp-json\/wp\/v2\/posts\/23768\/revisions\/23778"}],"wp:featuredmedia":[{"embeddable":true,"href":"https:\/\/semmelweis.hu\/emk\/wp-json\/wp\/v2\/media\/23774"}],"wp:attachment":[{"href":"https:\/\/semmelweis.hu\/emk\/wp-json\/wp\/v2\/media?parent=23768"}],"wp:term":[{"taxonomy":"category","embeddable":true,"href":"https:\/\/semmelweis.hu\/emk\/wp-json\/wp\/v2\/categories?post=23768"},{"taxonomy":"post_tag","embeddable":true,"href":"https:\/\/semmelweis.hu\/emk\/wp-json\/wp\/v2\/tags?post=23768"}],"curies":[{"name":"wp","href":"https:\/\/api.w.org\/{rel}","templated":true}]}}