{"id":22802,"date":"2024-09-12T13:26:53","date_gmt":"2024-09-12T11:26:53","guid":{"rendered":"https:\/\/semmelweis.hu\/emk\/?p=22802"},"modified":"2025-05-21T15:57:33","modified_gmt":"2025-05-21T13:57:33","slug":"magy2024-evi-magyar-orvos-egeszsegugyi-vilagtalalkozorol","status":"publish","type":"post","link":"https:\/\/semmelweis.hu\/emk\/2024\/09\/12\/magy2024-evi-magyar-orvos-egeszsegugyi-vilagtalalkozorol\/","title":{"rendered":"H\u00e1ny cukorbeteget l\u00e1t el a magyar eg\u00e9szs\u00e9g\u00fcgy \u00e9s hogyan?"},"content":{"rendered":"<p style=\"text-align: justify\"><strong>Besz\u00e1mol\u00f3 a 2024. \u00e9vi Magyar Orvos-Eg\u00e9szs\u00e9g\u00fcgyi Vil\u00e1gtal\u00e1lkoz\u00f3r\u00f3l <\/strong><\/p>\n<p style=\"text-align: justify\">2024. augusztus 29-31. k\u00f6z\u00f6tt ker\u00fclt sor a <a href=\"https:\/\/motesz.hu\/hirek.aspx?nid=127572&amp;cid=32\" target=\"_blank\" rel=\"noopener\">2024. \u00e9vi Magyar Orvos-Eg\u00e9szs\u00e9g\u00fcgyi Vil\u00e1gtal\u00e1lkoz\u00f3ra<\/a> a Magyar Orvost\u00e1rsas\u00e1gok \u00e9s Egyes\u00fcletek Sz\u00f6vets\u00e9ge (MOTESZ) szervez\u00e9s\u00e9ben, amelyen int\u00e9zet\u00fcnk munkat\u00e1rsa, <a href=\"https:\/\/m2.mtmt.hu\/gui2\/?type=authors&amp;mode=browse&amp;sel=10079245\" target=\"_blank\" rel=\"noopener\"><strong>Dr. D\u00f3zsa Katalin<\/strong><\/a> is el\u0151adott. Szerz\u0151t\u00e1rsai k\u00f6z\u00f6tt <strong>Kov\u00e1ts Tam\u00e1s, Dr. Pollner P\u00e9ter \u00e9s Dr. Jo\u00f3 Tam\u00e1s<\/strong> koll\u00e9g\u00e1ink is szerepeltek.<\/p>\n<p style=\"text-align: justify\">Prezent\u00e1ci\u00f3j\u00e1ban bemutatta t\u00f6bbek k\u00f6z\u00f6tt <strong>A 2-es t\u00edpus\u00fa cukorbetegs\u00e9g cs\u00f6kkenthet\u0151 terhei Magyarorsz\u00e1gon a h\u00e1ziorvosi ell\u00e1t\u00e1s szemsz\u00f6g\u00e9b\u0151l <\/strong>c\u00edm\u0171 PhD kutat\u00e1sa f\u0151 eredm\u00e9nyeit, amelyeket m\u00e1r r\u00e9szben publik\u00e1lt a Magyar Diabetes T\u00e1rsas\u00e1g \u00e9s a Magyar Hypertonia T\u00e1rsas\u00e1g szaklapj\u00e1ban is.<\/p>\n<p style=\"text-align: justify\">Dr. D\u00f3zsa Katalin ez \u00faton is k\u00f6sz\u00f6net\u00e9t fejezi ki <a href=\"https:\/\/www.researchgate.net\/profile\/Peter-Kempler\" target=\"_blank\" rel=\"noopener\">Prof. Dr. Kempler P\u00e9ternek<\/a> a tudom\u00e1nyos szakmai t\u00e1mogat\u00e1s\u00e1\u00e9t, a konferenci\u00e1ra t\u00f6rt\u00e9n\u0151 megh\u00edv\u00e1s\u00e9rt, \u00e9s lehet\u0151s\u00e9g\u00e9rt a kutat\u00e1si eredm\u00e9nyeink bemutat\u00e1shoz. K\u00f6sz\u00f6netet mond tov\u00e1bb\u00e1 az <a href=\"https:\/\/semmelweis.hu\/adatvezerelt-egeszseg\/\" target=\"_blank\" rel=\"noopener\">EMK Nemzeti Labor Csapat\u00e1nak<\/a>, valamint t\u00e9mavezet\u0151inek,\u00a0Dr. Pollner P\u00e9ternek \u00e9s Dr. Jo\u00f3 Tam\u00e1snak a hasznos tan\u00e1csaik\u00e9rt \u00e9s t\u00e1mogat\u00e1suk\u00e9rt ebben a fontos \u00f6sszt\u00e1rsadalmi jelent\u0151s\u00e9g\u0171\u00a0t\u00e9m\u00e1ban.<\/p>\n<p style=\"text-align: justify\"><a href=\"https:\/\/semmelweis.hu\/emk\/files\/2024\/09\/Magyarorvosegeszsegugyivilagtalalkozo_Dozsa_Katalin.jpeg\"><img loading=\"lazy\" decoding=\"async\" class=\"wp-image-22844 alignleft\" src=\"https:\/\/semmelweis.hu\/emk\/files\/2024\/09\/Magyarorvosegeszsegugyivilagtalalkozo_Dozsa_Katalin-400x267.jpeg\" alt=\"D\u00f3zsa Katalin dr.\" width=\"403\" height=\"269\" srcset=\"https:\/\/semmelweis.hu\/emk\/files\/2024\/09\/Magyarorvosegeszsegugyivilagtalalkozo_Dozsa_Katalin-400x267.jpeg 400w, https:\/\/semmelweis.hu\/emk\/files\/2024\/09\/Magyarorvosegeszsegugyivilagtalalkozo_Dozsa_Katalin-768x512.jpeg 768w, https:\/\/semmelweis.hu\/emk\/files\/2024\/09\/Magyarorvosegeszsegugyivilagtalalkozo_Dozsa_Katalin-753x502.jpeg 753w, https:\/\/semmelweis.hu\/emk\/files\/2024\/09\/Magyarorvosegeszsegugyivilagtalalkozo_Dozsa_Katalin-203x135.jpeg 203w, https:\/\/semmelweis.hu\/emk\/files\/2024\/09\/Magyarorvosegeszsegugyivilagtalalkozo_Dozsa_Katalin.jpeg 1000w\" sizes=\"auto, (max-width: 403px) 100vw, 403px\" \/><\/a>A kutat\u00e1s sor\u00e1n kapott eredm\u00e9nyekr\u0151l, \u00e9s a kutat\u00e1si ter\u00fcleteik k\u00f6z\u00f6s k\u00e9rd\u00e9seir\u0151l Dr. D\u00f3zsa Katalinnak alkalma ny\u00edlt besz\u00e9lgetni olyan szaktekint\u00e9lyekkel, mint p\u00e9ld\u00e1ul <strong>Prof. Dr. Wagner R\u00f3bert<\/strong>tel, a D\u00fcsseldorfi Egyetemi Klinika professzor\u00e1val, a diab\u00e9tesz prec\u00edzi\u00f3s medicina szak\u00e9rt\u0151j\u00e9vel, aki a\u00a0German Diabetes Center (DDZ), Leibniz Center for Diabetes Research vezet\u0151je, tov\u00e1bb\u00e1 <strong>Prof. Dr. Nagy Zolt\u00e1n<\/strong>nal, egyetem\u00fcnk Szem\u00e9szeti Klinik\u00e1j\u00e1nak igazgat\u00f3j\u00e1val, akivel a cukorbetegs\u00e9g szem\u00e9szeti sz\u00f6v\u0151dm\u00e9nyeinek diagnosztikai fejleszt\u00e9si lehet\u0151s\u00e9g\u00e9r\u0151l\u00a0folytattak \u00e9rt\u00e9kes eszmecser\u00e9t.<\/p>\n<p style=\"text-align: justify\"><a href=\"https:\/\/semmelweis.hu\/emk\/files\/2024\/09\/DozsaKatalin_OlahIIona.jpeg\"><img loading=\"lazy\" decoding=\"async\" class=\"alignleft wp-image-22804 \" src=\"https:\/\/semmelweis.hu\/emk\/files\/2024\/09\/DozsaKatalin_OlahIIona-323x400.jpeg\" alt=\"Dr. D\u00f3zsa Katalin \u00e9s Dr. Ol\u00e1h Ilona\" width=\"403\" height=\"500\" srcset=\"https:\/\/semmelweis.hu\/emk\/files\/2024\/09\/DozsaKatalin_OlahIIona-323x400.jpeg 323w, https:\/\/semmelweis.hu\/emk\/files\/2024\/09\/DozsaKatalin_OlahIIona-827x1024.jpeg 827w, https:\/\/semmelweis.hu\/emk\/files\/2024\/09\/DozsaKatalin_OlahIIona-768x951.jpeg 768w, https:\/\/semmelweis.hu\/emk\/files\/2024\/09\/DozsaKatalin_OlahIIona-753x933.jpeg 753w, https:\/\/semmelweis.hu\/emk\/files\/2024\/09\/DozsaKatalin_OlahIIona.jpeg 960w\" sizes=\"auto, (max-width: 403px) 100vw, 403px\" \/><\/a>Ut\u00f3bbi kapcs\u00e1n k\u00fcl\u00f6n \u00f6r\u00f6m, hogy Dr. D\u00f3zsa Katalin a <a href=\"https:\/\/diabet.hu\/info.aspx?sp=155&amp;web_id=AA7B7653E4117D7\" target=\"_blank\" rel=\"noopener\">Magyar Diabetes T\u00e1rsas\u00e1g Csal\u00e1dorvosi Munkacsoportj\u00e1t<\/a>\u00a0 is\u00a0k\u00e9pviselhette\u00a0a vil\u00e1gtal\u00e1lkoz\u00f3n <strong>Dr. Ol\u00e1h Ilona<\/strong> belgy\u00f3gy\u00e1sz-diabetol\u00f3gus-h\u00e1ziorvos koll\u00e9g\u00e1j\u00e1val egy\u00fctt, aki kor\u00e1bban egyetemi oktat\u00f3ja volt, \u00e9s akinek hat\u00e1s\u00e1ra \u00e9rdekl\u0151d\u00e9se h\u00e1ziorvosk\u00e9nt a diabetol\u00f3gia ir\u00e1ny\u00e1ba fordult.\u00a0Dr. D\u00f3zsa Katalin rem\u00e9ny\u00e9t fejezte ki, hogy tan\u00e1raival, t\u00e9mavezet\u0151ivel\u00a0\u00e9s munkat\u00e1rsaival k\u00f6z\u00f6s er\u0151fesz\u00edt\u00e9seik eredm\u00e9nyek\u00e9nt 5-10 \u00e9ven bel\u00fcl gy\u00f6keresen meg fog v\u00e1ltozni mindaz\u00a0a lehet\u0151s\u00e9g, eszk\u00f6zt\u00e1r, amivel most dolgozhatnak, \u00e9s m\u00e1r a h\u00e1ziorvosi\u00a0alapell\u00e1t\u00e1st\u00f3l\u00a0kezdve k\u00e9pesek lesznek az eg\u00e9szs\u00e9g\u00fcgyi szakemberek a megel\u0151z\u0151 f\u00e1zisban igazolni \u00e9s a szakell\u00e1t\u00e1ssal szorosan egy\u00fcttm\u0171k\u00f6dve meggy\u00f3gy\u00edtani a\u00a02-es t\u00edpus\u00fa\u00a0cukorbetegs\u00e9get, illetve annak szervi sz\u00f6v\u0151dm\u00e9nyeit, amely ma t\u00f6bb mint 1 milli\u00f3 honfit\u00e1rsunkat \u00e9rinti.<\/p>\n<p style=\"text-align: justify\">Rem\u00e9li azt is, hogy a vil\u00e1gban dolgoz\u00f3 kiv\u00e1l\u00f3 magyar orvosok, egyetemi oktat\u00f3k mind \u00e9vente, mind folyamatosan egyre sz\u00e9lesebb k\u00f6rben tudnak egy\u00fctt gondolkodni \u00e9s alkotni a betegek \u00e9s a kock\u00e1zattal \u00e9l\u0151k eg\u00e9szs\u00e9gben meg\u0151rz\u00e9se, \u00e9letmin\u0151s\u00e9g\u00e9nek jav\u00edt\u00e1sa, valamint a j\u00f6v\u0151 eg\u00e9szs\u00e9g\u00fcgyi rendszereinek megteremt\u00e9se \u00e9rdek\u00e9ben.\u00a0<\/p>\n<div class=\"fontos_div w-100\">\n<p style=\"text-align: justify\">Dr. D\u00f3zsa Katalin <strong>H\u00e1ny cukorbeteget l\u00e1t el a magyar eg\u00e9szs\u00e9g\u00fcgy, \u00e9s hogyan?<\/strong> c\u00edm\u0171 kutat\u00e1si besz\u00e1mol\u00f3ja az <a href=\"https:\/\/akjournals.com\/view\/journals\/650\/165\/35\/article-p1346.xml\" target=\"_blank\" rel=\"noopener\">Orvosi Hetilap 165. \u00e9vfolyam 35. sz\u00e1m\u00e1ban<\/a> olvashat\u00f3.\u00a0<\/p>\n<\/div>\n<p style=\"text-align: justify\">K\u00f6sz\u00f6nj\u00fck a r\u00e9szletes besz\u00e1mol\u00f3t, tov\u00e1bbi sikeres munk\u00e1t, eredm\u00e9nyes kutat\u00e1st k\u00edv\u00e1nunk Dr. D\u00f3zsa Katalinnak!<\/p>\n","protected":false},"excerpt":{"rendered":"<p>Besz\u00e1mol\u00f3 a 2024. \u00e9vi Magyar Orvos-Eg\u00e9szs\u00e9g\u00fcgyi Vil\u00e1gtal\u00e1lkoz\u00f3r\u00f3l 2024. augusztus 29-31. k\u00f6z\u00f6tt ker\u00fclt sor a <a href=\"https:\/\/motesz.hu\/hirek.aspx?nid=127572&amp;cid=32\" target=\"_blank\" rel=\"noopener\">2024. \u00e9vi Magyar Orvos-Eg\u00e9szs\u00e9g\u00fcgyi Vil\u00e1gtal\u00e1lkoz\u00f3ra<\/a> a Magyar Orvost\u00e1rsas\u00e1gok \u00e9s Egyes\u00fcletek Sz\u00f6vets\u00e9ge (MOTESZ) szervez\u00e9s\u00e9ben, amelyen int\u00e9zet\u00fcnk munkat\u00e1rsa, <a href=\"https:\/\/m2.mtmt.hu\/gui2\/?type=authors&amp;mode=browse&amp;sel=10079245\" target=\"_blank\" rel=\"noopener\">Dr. D\u00f3zsa Katalin<\/a> is el\u0151adott. Szerz\u0151t\u00e1rsai k\u00f6z\u00f6tt Kov\u00e1ts Tam\u00e1s, Dr. Pollner P\u00e9ter \u00e9s Dr. Jo\u00f3 Tam\u00e1s koll\u00e9g\u00e1ink is szerepeltek. Prezent\u00e1ci\u00f3j\u00e1ban bemutatta t\u00f6bbek k\u00f6z\u00f6tt A 2-es t\u00edpus\u00fa cukorbetegs\u00e9g cs\u00f6kkenthet\u0151 terhei Magyarorsz\u00e1gon a h\u00e1ziorvosi ell\u00e1t\u00e1s &hellip;<\/p>\n","protected":false},"author":102350,"featured_media":22842,"comment_status":"closed","ping_status":"closed","sticky":false,"template":"","format":"standard","meta":{"_acf_changed":false,"footnotes":""},"categories":[6],"tags":[338,113],"class_list":["post-22802","post","type-post","status-publish","format-standard","has-post-thumbnail","hentry","category-hirek","tag-cukorbetegseg","tag-kutatas"],"acf":[],"_links":{"self":[{"href":"https:\/\/semmelweis.hu\/emk\/wp-json\/wp\/v2\/posts\/22802","targetHints":{"allow":["GET"]}}],"collection":[{"href":"https:\/\/semmelweis.hu\/emk\/wp-json\/wp\/v2\/posts"}],"about":[{"href":"https:\/\/semmelweis.hu\/emk\/wp-json\/wp\/v2\/types\/post"}],"author":[{"embeddable":true,"href":"https:\/\/semmelweis.hu\/emk\/wp-json\/wp\/v2\/users\/102350"}],"replies":[{"embeddable":true,"href":"https:\/\/semmelweis.hu\/emk\/wp-json\/wp\/v2\/comments?post=22802"}],"version-history":[{"count":10,"href":"https:\/\/semmelweis.hu\/emk\/wp-json\/wp\/v2\/posts\/22802\/revisions"}],"predecessor-version":[{"id":25076,"href":"https:\/\/semmelweis.hu\/emk\/wp-json\/wp\/v2\/posts\/22802\/revisions\/25076"}],"wp:featuredmedia":[{"embeddable":true,"href":"https:\/\/semmelweis.hu\/emk\/wp-json\/wp\/v2\/media\/22842"}],"wp:attachment":[{"href":"https:\/\/semmelweis.hu\/emk\/wp-json\/wp\/v2\/media?parent=22802"}],"wp:term":[{"taxonomy":"category","embeddable":true,"href":"https:\/\/semmelweis.hu\/emk\/wp-json\/wp\/v2\/categories?post=22802"},{"taxonomy":"post_tag","embeddable":true,"href":"https:\/\/semmelweis.hu\/emk\/wp-json\/wp\/v2\/tags?post=22802"}],"curies":[{"name":"wp","href":"https:\/\/api.w.org\/{rel}","templated":true}]}}