{"id":22715,"date":"2024-07-25T12:14:29","date_gmt":"2024-07-25T10:14:29","guid":{"rendered":"https:\/\/semmelweis.hu\/emk\/?p=22715"},"modified":"2024-07-25T12:14:29","modified_gmt":"2024-07-25T10:14:29","slug":"uj-aranylaz-tombol-az-egeszsegugyben-interju-szocska-miklossal","status":"publish","type":"post","link":"https:\/\/semmelweis.hu\/emk\/2024\/07\/25\/uj-aranylaz-tombol-az-egeszsegugyben-interju-szocska-miklossal\/","title":{"rendered":"\u00daj aranyl\u00e1z tombol az eg\u00e9szs\u00e9g\u00fcgyben &#8211; interj\u00fa Sz\u00f3cska Mikl\u00f3ssal"},"content":{"rendered":"<p>Az eg\u00e9szs\u00e9g\u00fcgyi adat fel\u00e9rt\u00e9kel\u0151d\u00f6tt \u00e9s r\u00e1csatlakozott egyfajta aranyl\u00e1z. T\u00f6bb sz\u00e1zmilli\u00f3 doll\u00e1ros startupok j\u00f6ttek l\u00e9tre, amelyek mesters\u00e9ges intelligencia-alapon k\u00f6zel\u00edtik meg egy-egy probl\u00e9ma megold\u00e1s\u00e1t. De el\u00e9rkezett ahhoz a ponthoz az \u00fcgy, amikor fel kell tenni a k\u00e9rd\u00e9st: meddig engedj\u00fck, hogy egy-egy projekt szigetszer\u0171en, szigor\u00faan csak \u00fczleti szempontokat szem el\u0151tt tartva bontakozzon ki, \u00e9s mikort\u00f3l besz\u00e9l\u00fcnk arr\u00f3l, hogy rendszerk\u00e9pess\u00e9gre kell t\u00f6rekedni &#8211; h\u00edvta fel a figyelmet a Portfolio-nak adott interj\u00faj\u00e1ban Sz\u00f3cska Mikl\u00f3s.\u00a0<\/p>\n<p>A teljes cikk itt olvashat\u00f3: <a href=\"https:\/\/www.portfolio.hu\/gazdasag\/20240725\/uj-aranylaz-tombol-az-egeszsegugyben-most-kell-esznel-lenni-interju-700029\">https:\/\/www.portfolio.hu\/gazdasag\/20240725\/uj-aranylaz-tombol-az-egeszsegugyben-most-kell-esznel-lenni-interju-700029<\/a><\/p>\n","protected":false},"excerpt":{"rendered":"<p>Az eg\u00e9szs\u00e9g\u00fcgyi adat fel\u00e9rt\u00e9kel\u0151d\u00f6tt \u00e9s r\u00e1csatlakozott egyfajta aranyl\u00e1z. T\u00f6bb sz\u00e1zmilli\u00f3 doll\u00e1ros startupok j\u00f6ttek l\u00e9tre, amelyek mesters\u00e9ges intelligencia-alapon k\u00f6zel\u00edtik meg egy-egy probl\u00e9ma megold\u00e1s\u00e1t. De el\u00e9rkezett ahhoz a ponthoz az \u00fcgy, amikor fel kell tenni a k\u00e9rd\u00e9st: meddig engedj\u00fck, hogy egy-egy projekt szigetszer\u0171en, szigor\u00faan csak \u00fczleti szempontokat szem el\u0151tt tartva bontakozzon ki, \u00e9s mikort\u00f3l besz\u00e9l\u00fcnk arr\u00f3l, hogy &hellip;<\/p>\n","protected":false},"author":102351,"featured_media":22716,"comment_status":"closed","ping_status":"closed","sticky":false,"template":"","format":"standard","meta":{"_acf_changed":false,"footnotes":""},"categories":[6],"tags":[],"class_list":["post-22715","post","type-post","status-publish","format-standard","has-post-thumbnail","hentry","category-hirek"],"acf":[],"_links":{"self":[{"href":"https:\/\/semmelweis.hu\/emk\/wp-json\/wp\/v2\/posts\/22715","targetHints":{"allow":["GET"]}}],"collection":[{"href":"https:\/\/semmelweis.hu\/emk\/wp-json\/wp\/v2\/posts"}],"about":[{"href":"https:\/\/semmelweis.hu\/emk\/wp-json\/wp\/v2\/types\/post"}],"author":[{"embeddable":true,"href":"https:\/\/semmelweis.hu\/emk\/wp-json\/wp\/v2\/users\/102351"}],"replies":[{"embeddable":true,"href":"https:\/\/semmelweis.hu\/emk\/wp-json\/wp\/v2\/comments?post=22715"}],"version-history":[{"count":1,"href":"https:\/\/semmelweis.hu\/emk\/wp-json\/wp\/v2\/posts\/22715\/revisions"}],"predecessor-version":[{"id":22717,"href":"https:\/\/semmelweis.hu\/emk\/wp-json\/wp\/v2\/posts\/22715\/revisions\/22717"}],"wp:featuredmedia":[{"embeddable":true,"href":"https:\/\/semmelweis.hu\/emk\/wp-json\/wp\/v2\/media\/22716"}],"wp:attachment":[{"href":"https:\/\/semmelweis.hu\/emk\/wp-json\/wp\/v2\/media?parent=22715"}],"wp:term":[{"taxonomy":"category","embeddable":true,"href":"https:\/\/semmelweis.hu\/emk\/wp-json\/wp\/v2\/categories?post=22715"},{"taxonomy":"post_tag","embeddable":true,"href":"https:\/\/semmelweis.hu\/emk\/wp-json\/wp\/v2\/tags?post=22715"}],"curies":[{"name":"wp","href":"https:\/\/api.w.org\/{rel}","templated":true}]}}