{"id":22517,"date":"2024-07-03T16:01:37","date_gmt":"2024-07-03T14:01:37","guid":{"rendered":"https:\/\/semmelweis.hu\/emk\/?p=22517"},"modified":"2024-07-03T16:01:37","modified_gmt":"2024-07-03T14:01:37","slug":"munkatarsaink-is-elismeresben-kituntetesben-reszesultek-a-semmelweis-napi-unnepsegen","status":"publish","type":"post","link":"https:\/\/semmelweis.hu\/emk\/2024\/07\/03\/munkatarsaink-is-elismeresben-kituntetesben-reszesultek-a-semmelweis-napi-unnepsegen\/","title":{"rendered":"Munkat\u00e1rsaink is elismer\u00e9sben, kit\u00fcntet\u00e9sben r\u00e9szes\u00fcltek a Semmelweis-napi \u00fcnneps\u00e9gen"},"content":{"rendered":"<p>Munkat\u00e1rsaink is elismer\u00e9sben, kit\u00fcntet\u00e9sben r\u00e9szes\u00fcltek a Semmelweis Egyetem n\u00e9vad\u00f3ja, Semmelweis Ign\u00e1c sz\u00fclet\u00e9s\u00e9nek 206. \u00e9vfordul\u00f3ja, valamint a magyar eg\u00e9szs\u00e9g\u00fcgy napja, a <a href=\"https:\/\/semmelweis.hu\/hirek\/2024\/06\/28\/koszoruzasokkal-emlekeztek-az-egyetem-nevadojara-semmelweis-napon\/\" target=\"_blank\" rel=\"noopener\">Semmelweis-nap alkalm\u00e1b\u00f3l megrendezett egyetemi \u00fcnneps\u00e9gen<\/a>.<\/p>\n<p><strong>Dr. P\u00e9nzes Melinda<\/strong> egyetemi docensi kinevez\u00e9sben r\u00e9szes\u00fclt j\u00falius 1-j\u00e9t\u0151l.<\/p>\n<figure id=\"attachment_22522\" aria-describedby=\"caption-attachment-22522\" style=\"width: 753px\" class=\"wp-caption aligncenter\"><a href=\"https:\/\/semmelweis.hu\/emk\/files\/2024\/07\/RS197317__19A9022-scr.jpg\"><img loading=\"lazy\" decoding=\"async\" class=\"wp-image-22522 size-large\" src=\"https:\/\/semmelweis.hu\/emk\/files\/2024\/07\/RS197317__19A9022-scr-1024x683.jpg\" alt=\"dr. P\u00e9nzes Melinda - Semmelweis-nap 2024\" width=\"753\" height=\"502\" srcset=\"https:\/\/semmelweis.hu\/emk\/files\/2024\/07\/RS197317__19A9022-scr-1024x683.jpg 1024w, https:\/\/semmelweis.hu\/emk\/files\/2024\/07\/RS197317__19A9022-scr-400x267.jpg 400w, https:\/\/semmelweis.hu\/emk\/files\/2024\/07\/RS197317__19A9022-scr-768x512.jpg 768w, https:\/\/semmelweis.hu\/emk\/files\/2024\/07\/RS197317__19A9022-scr-753x502.jpg 753w, https:\/\/semmelweis.hu\/emk\/files\/2024\/07\/RS197317__19A9022-scr-203x135.jpg 203w, https:\/\/semmelweis.hu\/emk\/files\/2024\/07\/RS197317__19A9022-scr.jpg 1200w\" sizes=\"auto, (max-width: 753px) 100vw, 753px\" \/><\/a><figcaption id=\"caption-attachment-22522\" class=\"wp-caption-text\">Dr. P\u00e9nzes Melinda<\/figcaption><\/figure>\n<p><strong>Dr. Antal Zsuzsanna <\/strong>\u00e9s <strong>Dr. L\u0151rincz Orsolya<\/strong> D\u00e9k\u00e1ni Dics\u00e9retet kapott a <a href=\"https:\/\/semmelweis.hu\/emk\/2024\/03\/20\/munkatarsaink-is-kituntetesben-reszesultek-a-marcius-15-e-alkalmabol-rendezett-unnepsegen\/\" target=\"_blank\" rel=\"noopener\">m\u00e1rcius 15-ei \u00fcnneps\u00e9g<\/a> alkalm\u00e1b\u00f3l, kit\u00fcntet\u00e9s\u00fcket a Semmelweis-napi \u00fcnneps\u00e9gen vett\u00e9k \u00e1t.<\/p>\n<p><figure id=\"attachment_22520\" aria-describedby=\"caption-attachment-22520\" style=\"width: 753px\" class=\"wp-caption aligncenter\"><a href=\"https:\/\/semmelweis.hu\/emk\/files\/2024\/07\/RS197289__19A9884-scr.jpg\"><img loading=\"lazy\" decoding=\"async\" class=\"size-large wp-image-22520\" src=\"https:\/\/semmelweis.hu\/emk\/files\/2024\/07\/RS197289__19A9884-scr-1024x683.jpg\" alt=\"dr. Antal Zsuzsanna - Semmelweis-nap 2024\" width=\"753\" height=\"502\" srcset=\"https:\/\/semmelweis.hu\/emk\/files\/2024\/07\/RS197289__19A9884-scr-1024x683.jpg 1024w, https:\/\/semmelweis.hu\/emk\/files\/2024\/07\/RS197289__19A9884-scr-400x267.jpg 400w, https:\/\/semmelweis.hu\/emk\/files\/2024\/07\/RS197289__19A9884-scr-768x512.jpg 768w, https:\/\/semmelweis.hu\/emk\/files\/2024\/07\/RS197289__19A9884-scr-753x502.jpg 753w, https:\/\/semmelweis.hu\/emk\/files\/2024\/07\/RS197289__19A9884-scr-203x135.jpg 203w, https:\/\/semmelweis.hu\/emk\/files\/2024\/07\/RS197289__19A9884-scr.jpg 1200w\" sizes=\"auto, (max-width: 753px) 100vw, 753px\" \/><\/a><figcaption id=\"caption-attachment-22520\" class=\"wp-caption-text\">Dr. Antal Zsuzsanna<\/figcaption><\/figure> <figure id=\"attachment_22521\" aria-describedby=\"caption-attachment-22521\" style=\"width: 753px\" class=\"wp-caption aligncenter\"><a href=\"https:\/\/semmelweis.hu\/emk\/files\/2024\/07\/RS197290__19A9891-scr.jpg\"><img loading=\"lazy\" decoding=\"async\" class=\"size-large wp-image-22521\" src=\"https:\/\/semmelweis.hu\/emk\/files\/2024\/07\/RS197290__19A9891-scr-1024x683.jpg\" alt=\"dr. L\u0151rincz Orsolya - Semmelweis-nap 2024\" width=\"753\" height=\"502\" srcset=\"https:\/\/semmelweis.hu\/emk\/files\/2024\/07\/RS197290__19A9891-scr-1024x683.jpg 1024w, https:\/\/semmelweis.hu\/emk\/files\/2024\/07\/RS197290__19A9891-scr-400x267.jpg 400w, https:\/\/semmelweis.hu\/emk\/files\/2024\/07\/RS197290__19A9891-scr-768x512.jpg 768w, https:\/\/semmelweis.hu\/emk\/files\/2024\/07\/RS197290__19A9891-scr-753x502.jpg 753w, https:\/\/semmelweis.hu\/emk\/files\/2024\/07\/RS197290__19A9891-scr-203x135.jpg 203w, https:\/\/semmelweis.hu\/emk\/files\/2024\/07\/RS197290__19A9891-scr.jpg 1200w\" sizes=\"auto, (max-width: 753px) 100vw, 753px\" \/><\/a><figcaption id=\"caption-attachment-22521\" class=\"wp-caption-text\">Dr. L\u0151rincz Orsolya<\/figcaption><\/figure><\/p>\n<p>Gratul\u00e1lunk eredm\u00e9nyeikhez, tov\u00e1bbi sikeres munk\u00e1t k\u00edv\u00e1nunk!<\/p>\n<p>Az <a href=\"https:\/\/semmelweis.hu\/hirek\/2024\/06\/29\/koszoruzassal-kituntetesekkel-es-diszunnepseggel-zarodott-a-semmelweis-nap\/\" target=\"_blank\" rel=\"noopener\">\u00fcnneps\u00e9gsorozatr\u00f3l<\/a> \u00e9s a tov\u00e1bbi <a href=\"https:\/\/semmelweis.hu\/hirek\/files\/2024\/06\/kituntetettek-nevsora.pdf\" target=\"_blank\" rel=\"noopener\">d\u00edjazottakr\u00f3l<\/a> a Semmelweis Egyetem is r\u00e9szletesen is besz\u00e1molt.\u00a0<\/p>\n<p>Fot\u00f3: Barta B\u00e1lint, Zellei Bogl\u00e1rka \u2013 Semmelweis Egyetem<\/p>\n","protected":false},"excerpt":{"rendered":"<p>Munkat\u00e1rsaink is elismer\u00e9sben, kit\u00fcntet\u00e9sben r\u00e9szes\u00fcltek a Semmelweis Egyetem n\u00e9vad\u00f3ja, Semmelweis Ign\u00e1c sz\u00fclet\u00e9s\u00e9nek 206. \u00e9vfordul\u00f3ja, valamint a magyar eg\u00e9szs\u00e9g\u00fcgy napja, a <a href=\"https:\/\/semmelweis.hu\/hirek\/2024\/06\/28\/koszoruzasokkal-emlekeztek-az-egyetem-nevadojara-semmelweis-napon\/\" target=\"_blank\" rel=\"noopener\">Semmelweis-nap alkalm\u00e1b\u00f3l megrendezett egyetemi \u00fcnneps\u00e9gen<\/a> . Dr. P\u00e9nzes Melinda egyetemi docensi kinevez\u00e9sben r\u00e9szes\u00fclt j\u00falius 1-j\u00e9t\u0151l. Dr. Antal Zsuzsanna \u00e9s Dr. L\u0151rincz Orsolya D\u00e9k\u00e1ni Dics\u00e9retet kapott a <a href=\"https:\/\/semmelweis.hu\/emk\/2024\/03\/20\/munkatarsaink-is-kituntetesben-reszesultek-a-marcius-15-e-alkalmabol-rendezett-unnepsegen\/\" target=\"_blank\" rel=\"noopener\">m\u00e1rcius 15-ei \u00fcnneps\u00e9g<\/a> alkalm\u00e1b\u00f3l, kit\u00fcntet\u00e9s\u00fcket a Semmelweis-napi \u00fcnneps\u00e9gen vett\u00e9k \u00e1t. Gratul\u00e1lunk eredm\u00e9nyeikhez, tov\u00e1bbi sikeres munk\u00e1t k\u00edv\u00e1nunk! Az &hellip;<\/p>\n","protected":false},"author":102350,"featured_media":22535,"comment_status":"closed","ping_status":"closed","sticky":false,"template":"","format":"standard","meta":{"_acf_changed":false,"footnotes":""},"categories":[6],"tags":[376,374,378],"class_list":["post-22517","post","type-post","status-publish","format-standard","has-post-thumbnail","hentry","category-hirek","tag-dicseret","tag-kinevezes","tag-semmelweis-nap"],"acf":[],"_links":{"self":[{"href":"https:\/\/semmelweis.hu\/emk\/wp-json\/wp\/v2\/posts\/22517","targetHints":{"allow":["GET"]}}],"collection":[{"href":"https:\/\/semmelweis.hu\/emk\/wp-json\/wp\/v2\/posts"}],"about":[{"href":"https:\/\/semmelweis.hu\/emk\/wp-json\/wp\/v2\/types\/post"}],"author":[{"embeddable":true,"href":"https:\/\/semmelweis.hu\/emk\/wp-json\/wp\/v2\/users\/102350"}],"replies":[{"embeddable":true,"href":"https:\/\/semmelweis.hu\/emk\/wp-json\/wp\/v2\/comments?post=22517"}],"version-history":[{"count":10,"href":"https:\/\/semmelweis.hu\/emk\/wp-json\/wp\/v2\/posts\/22517\/revisions"}],"predecessor-version":[{"id":22536,"href":"https:\/\/semmelweis.hu\/emk\/wp-json\/wp\/v2\/posts\/22517\/revisions\/22536"}],"wp:featuredmedia":[{"embeddable":true,"href":"https:\/\/semmelweis.hu\/emk\/wp-json\/wp\/v2\/media\/22535"}],"wp:attachment":[{"href":"https:\/\/semmelweis.hu\/emk\/wp-json\/wp\/v2\/media?parent=22517"}],"wp:term":[{"taxonomy":"category","embeddable":true,"href":"https:\/\/semmelweis.hu\/emk\/wp-json\/wp\/v2\/categories?post=22517"},{"taxonomy":"post_tag","embeddable":true,"href":"https:\/\/semmelweis.hu\/emk\/wp-json\/wp\/v2\/tags?post=22517"}],"curies":[{"name":"wp","href":"https:\/\/api.w.org\/{rel}","templated":true}]}}