{"id":22482,"date":"2024-06-25T11:32:28","date_gmt":"2024-06-25T09:32:28","guid":{"rendered":"https:\/\/semmelweis.hu\/emk\/?p=22482"},"modified":"2024-06-25T13:30:23","modified_gmt":"2024-06-25T11:30:23","slug":"balatonfureden-indul-az-egeszsegpart-digitalis-szuroprogram-2024-junius-28-30","status":"publish","type":"post","link":"https:\/\/semmelweis.hu\/emk\/2024\/06\/25\/balatonfureden-indul-az-egeszsegpart-digitalis-szuroprogram-2024-junius-28-30\/","title":{"rendered":"Balatonf\u00fcreden indul az EG\u00c9SZS\u00c9GPART digit\u00e1lis sz\u0171r\u0151program &#8211; 2024. j\u00fanius 28-30."},"content":{"rendered":"<p><strong>A Magyar Eg\u00e9szs\u00e9g\u00fcgyi Menedzsment T\u00e1rsas\u00e1g 2021 nyar\u00e1n ind\u00edtotta \u00fatj\u00e1ra digit\u00e1lis eg\u00e9szs\u00e9g\u00fcgyi sz\u0171r\u0151k\u00f6zpontj\u00e1t. Az EG\u00c9SZS\u00c9GPART rendezv\u00e9nysorozat c\u00e9lja, hogy a helyi lakosok \u00e9s a Balaton mellett nyaral\u00f3k sz\u00e1m\u00e1ra eg\u00e9szs\u00e9g\u00fcgyi sz\u0171r\u00e9seket biztos\u00edtson, valamint interakt\u00edv programokkal t\u00e1mogassa az eg\u00e9szs\u00e9gtudatos \u00e9letm\u00f3dot. <\/strong><\/p>\n<p>A magyar lakoss\u00e1g eg\u00e9szs\u00e9gi \u00e1llapota nemzetk\u00f6zi \u00f6sszehasonl\u00edt\u00e1sban is kritikus, ami els\u0151sorban a mozg\u00e1sszeg\u00e9ny \u00e9letm\u00f3dnak, a helytelen t\u00e1pl\u00e1lkoz\u00e1snak \u00e9s a k\u00e1ros szenved\u00e9lyeknek k\u00f6sz\u00f6nhet\u0151. A leggyakoribb betegs\u00e9gek, mint p\u00e9ld\u00e1ul a cukorbetegs\u00e9g \u00e9s a sz\u00edv- \u00e9s \u00e9rrendszeri megbeteged\u00e9sek rendszeres sz\u0171r\u00e9ssel id\u0151ben felismerhet\u0151ek, kezelhet\u0151ek lenn\u00e9nek, eg\u00e9szs\u00e9gtudatoss\u00e1ggal \u00e9s \u00e9letm\u00f3dv\u00e1lt\u00e1ssal pedig megel\u0151zhet\u0151ek.<\/p>\n<p>Az el\u0151z\u0151 \u00e9vekhez hasonl\u00f3an id\u00e9n is kiemelt figyelmet kap a <strong>b\u0151rgy\u00f3gy\u00e1szati vizsg\u00e1lat<\/strong>, ahol a kor\u00e1bbi Eg\u00e9szs\u00e9gpart sz\u0171r\u00e9seink sor\u00e1n minden 8. r\u00e9sztvev\u0151n\u00e9l tal\u00e1ltunk beavatkoz\u00e1st ig\u00e9nyl\u0151 elv\u00e1ltoz\u00e1st. A korai st\u00e1diumban felismert a melan\u00f3ma hat\u00e9konyan kezelhet\u0151 \u00e9s a t\u00fal\u00e9l\u00e9si es\u00e9lyek jelent\u0151sen n\u00f6velhet\u0151k.<\/p>\n<p>Az idei sz\u0171r\u0151programban a kor\u00e1bbin\u00e1l is nagyobb szerepet kapnak a <strong>digit\u00e1lis \u00e9s mesters\u00e9ges intelligencia alap\u00fa megold\u00e1sok<\/strong>. Az Eg\u00e9szs\u00e9gpart digit\u00e1lis eg\u00e9szs\u00e9g\u00fcgyi sz\u0171r\u0151k\u00f6zpontja helybe megy, a ny\u00e1ri szabads\u00e1g alatt a strandok k\u00f6zel\u00e9ben tessz\u00fck el\u00e9rhet\u0151v\u00e9 a sz\u0171r\u00e9seket, valamint a mindennapi \u00e9letbe is be\u00e9p\u00edthet\u0151, ak\u00e1r szem\u00e9lyre szabott \u00e9letm\u00f3dtan\u00e1csokat adunk.<\/p>\n<p><strong>Az Eg\u00e9szs\u00e9gparton ig\u00e9nybe vehet\u0151 sz\u0171r\u0151programok \u00e9s interakt\u00edv programok:<\/strong><\/p>\n<ul>\n<li>\u00c1ltal\u00e1nos \u00e1llapotfelm\u00e9r\u00e9s (v\u00e9rcukor-, trigliceridszint- \u00e9s koleszterinszint-m\u00e9r\u00e9s, v\u00e9rnyom\u00e1s- \u00e9s pulzusm\u00e9r\u00e9s)<\/li>\n<li>EKG-vizsg\u00e1lat<\/li>\n<li>B\u0151rgy\u00f3gy\u00e1szati sz\u0171r\u0151vizsg\u00e1lat<\/li>\n<li>Digit\u00e1lis sz\u00e1j\u00fcregi sz\u0171r\u0151vizsg\u00e1lat<\/li>\n<li>\u00c9letm\u00f3di kock\u00e1zatfelm\u00e9r\u00e9s \u00e9s \u00e9letm\u00f3dtan\u00e1csad\u00e1s<\/li>\n<li>Funkcion\u00e1lis mozg\u00e1sminta sz\u0171r\u00e9s<\/li>\n<li>Test\u00f6sszet\u00e9tel-vizsg\u00e1lat<\/li>\n<li>Dietetikai tan\u00e1csad\u00e1s<\/li>\n<li>Interakt\u00edv prevenci\u00f3s aktivit\u00e1sok kicsiknek \u00e9s nagyoknak: j\u00e1t\u00e9kkal, sporttal \u00e9s zen\u00e9vel-t\u00e1nccal.<\/li>\n<\/ul>\n<p>Az EG\u00c9SZS\u00c9GPART digit\u00e1lis eg\u00e9szs\u00e9g\u00fcgyi sz\u0171r\u0151k\u00f6zpontja j\u00fanius, j\u00falius \u00e9s augusztus h\u00e1rom h\u00e9tv\u00e9g\u00e9j\u00e9n h\u00e1rom n\u00e9pszer\u0171 balatoni strandra l\u00e1togat el, j\u00fanius 28-t\u00f3l 30-ig <strong>Balatonf\u00fcredre<\/strong>, j\u00falius 19-t\u0151l 21-ig <strong>Balatonalm\u00e1diba<\/strong>, valamint augusztus 9-t\u0151l 12-ig <strong>Gyenesdi\u00e1sra<\/strong>.<\/p>\n<p style=\"text-align: center\"><a href=\"https:\/\/semmelweis.hu\/emk\/files\/2024\/06\/egeszsegpart_osszes_2024_facebook-scaled.jpg\"><img loading=\"lazy\" decoding=\"async\" class=\"aligncenter size-large wp-image-22483\" src=\"https:\/\/semmelweis.hu\/emk\/files\/2024\/06\/egeszsegpart_osszes_2024_facebook-1024x582.jpg\" alt=\"Eg\u00e9szs\u00e9gpart 2024\" width=\"753\" height=\"428\" srcset=\"https:\/\/semmelweis.hu\/emk\/files\/2024\/06\/egeszsegpart_osszes_2024_facebook-1024x582.jpg 1024w, https:\/\/semmelweis.hu\/emk\/files\/2024\/06\/egeszsegpart_osszes_2024_facebook-400x228.jpg 400w, https:\/\/semmelweis.hu\/emk\/files\/2024\/06\/egeszsegpart_osszes_2024_facebook-768x437.jpg 768w, https:\/\/semmelweis.hu\/emk\/files\/2024\/06\/egeszsegpart_osszes_2024_facebook-1536x874.jpg 1536w, https:\/\/semmelweis.hu\/emk\/files\/2024\/06\/egeszsegpart_osszes_2024_facebook-2048x1165.jpg 2048w, https:\/\/semmelweis.hu\/emk\/files\/2024\/06\/egeszsegpart_osszes_2024_facebook-753x428.jpg 753w\" sizes=\"auto, (max-width: 753px) 100vw, 753px\" \/><\/a><\/p>\n<p>A programsorozat a <strong>Magyar Eg\u00e9szs\u00e9g\u00fcgyi Menedzsment T\u00e1rsas\u00e1g<\/strong> szervez\u00e9s\u00e9ben, az <strong>Orsz\u00e1gos K\u00f3rh\u00e1zi F\u0151igazgat\u00f3s\u00e1g<\/strong> \u00e9s a <strong>Semmelweis Egyetem Eg\u00e9szs\u00e9g\u00fcgyi Menedzserk\u00e9pz\u0151 K\u00f6zpont<\/strong> szakmai t\u00e1mogat\u00e1s\u00e1val, valamint a helyi \u00f6nkorm\u00e1nyzatok, illetve k\u00e9pvisel\u0151k hozz\u00e1j\u00e1rul\u00e1s\u00e1val j\u00f6n l\u00e9tre.<\/p>\n<p><strong>Az Eg\u00e9szs\u00e9gpart programjainak tov\u00e1bbi partnerei:<\/strong> Nemzeti N\u00e9peg\u00e9szs\u00e9g\u00fcgyi \u00e9s Gy\u00f3gyszer\u00e9szeti K\u00f6zpont, Semmelweis Egyetem \u00c1ltal\u00e1nos Orvostudom\u00e1nyi Kar Csal\u00e1dorvosi Tansz\u00e9k, SE \u00c1OK B\u0151r-, Nemik\u00f3rtani \u00e9s B\u0151ronkol\u00f3giai Klinika, Semmelweis Egyetem Fog\u00e1szati \u00e9s Sz\u00e1jseb\u00e9szeti Oktat\u00f3 Int\u00e9zet, valamint SE \u00c1OK N\u00e9peg\u00e9szs\u00e9gtani Int\u00e9zet, tov\u00e1bb\u00e1 a Budapesti Orvostanhallgat\u00f3k Egyes\u00fclete, a Magyar Fogorvostanhallgat\u00f3k Egyes\u00fclete, a Magyar Testnevel\u00e9si \u00e9s Sporttudom\u00e1nyi Egyetem, illetve a Veszpr\u00e9m \u00e9s Zala V\u00e1rmegyei Rend\u0151rf\u0151kapit\u00e1nys\u00e1gok B\u0171nmegel\u0151z\u00e9si Oszt\u00e1lyai.\u00a0\u00a0<\/p>\n<hr \/>\n<p><strong>Sajt\u00f3kapcsolat:<\/strong><\/p>\n<p>Lengyel L\u00edvia<br \/>\nMagyar Eg\u00e9szs\u00e9g\u00fcgyi Menedzsment T\u00e1rsas\u00e1g (MEMT)<br \/>\nTelefon: +36 30 274 4365<br \/>\ne-mail: <a href=\"mailto:lengyel.livia@memt.hu\" target=\"_blank\" rel=\"noopener\">lengyel.livia@memt.hu<\/a><\/p>\n<p>Tov\u00e1bbi inform\u00e1ci\u00f3 programsorozatunkr\u00f3l az <a href=\"blank\" target=\"_blank\" rel=\"noopener\">egeszsegpart.com<\/a> oldalon olvashat\u00f3.<\/p>\n<hr \/>\n<p>A j\u00fanius 28-t\u00f3l 30-ig tart\u00f3 balatonf\u00fcredi sz\u0171r\u00e9sek pontos helysz\u00edne: Kisfaludy Strand ter\u00fclete.<\/p>\n<p>Nyit\u00e1s mindennap 10 \u00f3rakor, programz\u00e1r\u00e1s p\u00e9nteken \u00e9s szombaton 18 \u00f3rakor, vas\u00e1rnap 14 \u00f3rakor.<\/p>\n<p>&nbsp;<\/p>\n<p><a href=\"https:\/\/semmelweis.hu\/emk\/files\/2024\/06\/sajtoanyag_logo_egeszsegpart.png\"><img loading=\"lazy\" decoding=\"async\" class=\"aligncenter size-large wp-image-22484\" src=\"https:\/\/semmelweis.hu\/emk\/files\/2024\/06\/sajtoanyag_logo_egeszsegpart-1024x74.png\" alt=\"Eg\u00e9szs\u00e9gpart log\u00f3k 2024\" width=\"753\" height=\"54\" srcset=\"https:\/\/semmelweis.hu\/emk\/files\/2024\/06\/sajtoanyag_logo_egeszsegpart-1024x74.png 1024w, https:\/\/semmelweis.hu\/emk\/files\/2024\/06\/sajtoanyag_logo_egeszsegpart-400x29.png 400w, https:\/\/semmelweis.hu\/emk\/files\/2024\/06\/sajtoanyag_logo_egeszsegpart-768x55.png 768w, https:\/\/semmelweis.hu\/emk\/files\/2024\/06\/sajtoanyag_logo_egeszsegpart-1536x111.png 1536w, https:\/\/semmelweis.hu\/emk\/files\/2024\/06\/sajtoanyag_logo_egeszsegpart-2048x148.png 2048w, https:\/\/semmelweis.hu\/emk\/files\/2024\/06\/sajtoanyag_logo_egeszsegpart-753x54.png 753w\" sizes=\"auto, (max-width: 753px) 100vw, 753px\" \/><\/a><\/p>\n","protected":false},"excerpt":{"rendered":"<p>A Magyar Eg\u00e9szs\u00e9g\u00fcgyi Menedzsment T\u00e1rsas\u00e1g 2021 nyar\u00e1n ind\u00edtotta \u00fatj\u00e1ra digit\u00e1lis eg\u00e9szs\u00e9g\u00fcgyi sz\u0171r\u0151k\u00f6zpontj\u00e1t. Az EG\u00c9SZS\u00c9GPART rendezv\u00e9nysorozat c\u00e9lja, hogy a helyi lakosok \u00e9s a Balaton mellett nyaral\u00f3k sz\u00e1m\u00e1ra eg\u00e9szs\u00e9g\u00fcgyi sz\u0171r\u00e9seket biztos\u00edtson, valamint interakt\u00edv programokkal t\u00e1mogassa az eg\u00e9szs\u00e9gtudatos \u00e9letm\u00f3dot. A magyar lakoss\u00e1g eg\u00e9szs\u00e9gi \u00e1llapota nemzetk\u00f6zi \u00f6sszehasonl\u00edt\u00e1sban is kritikus, ami els\u0151sorban a mozg\u00e1sszeg\u00e9ny \u00e9letm\u00f3dnak, a helytelen t\u00e1pl\u00e1lkoz\u00e1snak \u00e9s a &hellip;<\/p>\n","protected":false},"author":102350,"featured_media":22489,"comment_status":"closed","ping_status":"closed","sticky":false,"template":"","format":"standard","meta":{"_acf_changed":false,"footnotes":""},"categories":[6],"tags":[290,372,370],"class_list":["post-22482","post","type-post","status-publish","format-standard","has-post-thumbnail","hentry","category-hirek","tag-adatvezerelt-egeszsegugy","tag-balaton","tag-egeszsegpart"],"acf":[],"_links":{"self":[{"href":"https:\/\/semmelweis.hu\/emk\/wp-json\/wp\/v2\/posts\/22482","targetHints":{"allow":["GET"]}}],"collection":[{"href":"https:\/\/semmelweis.hu\/emk\/wp-json\/wp\/v2\/posts"}],"about":[{"href":"https:\/\/semmelweis.hu\/emk\/wp-json\/wp\/v2\/types\/post"}],"author":[{"embeddable":true,"href":"https:\/\/semmelweis.hu\/emk\/wp-json\/wp\/v2\/users\/102350"}],"replies":[{"embeddable":true,"href":"https:\/\/semmelweis.hu\/emk\/wp-json\/wp\/v2\/comments?post=22482"}],"version-history":[{"count":4,"href":"https:\/\/semmelweis.hu\/emk\/wp-json\/wp\/v2\/posts\/22482\/revisions"}],"predecessor-version":[{"id":22492,"href":"https:\/\/semmelweis.hu\/emk\/wp-json\/wp\/v2\/posts\/22482\/revisions\/22492"}],"wp:featuredmedia":[{"embeddable":true,"href":"https:\/\/semmelweis.hu\/emk\/wp-json\/wp\/v2\/media\/22489"}],"wp:attachment":[{"href":"https:\/\/semmelweis.hu\/emk\/wp-json\/wp\/v2\/media?parent=22482"}],"wp:term":[{"taxonomy":"category","embeddable":true,"href":"https:\/\/semmelweis.hu\/emk\/wp-json\/wp\/v2\/categories?post=22482"},{"taxonomy":"post_tag","embeddable":true,"href":"https:\/\/semmelweis.hu\/emk\/wp-json\/wp\/v2\/tags?post=22482"}],"curies":[{"name":"wp","href":"https:\/\/api.w.org\/{rel}","templated":true}]}}