{"id":22355,"date":"2024-06-14T12:53:18","date_gmt":"2024-06-14T10:53:18","guid":{"rendered":"https:\/\/semmelweis.hu\/emk\/?p=22355"},"modified":"2024-06-17T11:34:30","modified_gmt":"2024-06-17T09:34:30","slug":"ajanlati-felhivas-a-digi4care-projekthez","status":"publish","type":"post","link":"https:\/\/semmelweis.hu\/emk\/2024\/06\/14\/ajanlati-felhivas-a-digi4care-projekthez\/","title":{"rendered":"Aj\u00e1nlati felh\u00edv\u00e1s a Semmelweis Egyetem Eg\u00e9szs\u00e9g\u00fcgyi K\u00f6zszolg\u00e1lati Kar Eg\u00e9szs\u00e9g\u00fcgyi Menedzserk\u00e9pz\u0151 K\u00f6zpontja, mint a \u201eDIGI4Care \u2013 Digital Medical technologies reshaping the DR Healthcare systems throughout the patient journeys from prevention to rehabilitation\u201d c\u00edm\u0171, DRP0200543 Duna R\u00e9gi\u00f3 Program projekt Vezet\u0151 Partnere sz\u00e1m\u00e1ra folyamatmenedzsment szolg\u00e1ltat\u00e1s c\u00edm\u0171 beszerz\u00e9s t\u00e1rgy\u00e1ban"},"content":{"rendered":"<p><strong>Aj\u00e1nlati felh\u00edv\u00e1s a Semmelweis Egyetem Eg\u00e9szs\u00e9g\u00fcgyi K\u00f6zszolg\u00e1lati Kar Eg\u00e9szs\u00e9g\u00fcgyi Menedzserk\u00e9pz\u0151 K\u00f6zpontja, mint a \u201eDIGI4Care \u2013 Digital Medical technologies reshaping the DR Healthcare systems throughout the patient journeys from prevention to rehabilitation\u201d c\u00edm\u0171, DRP0200543 Duna R\u00e9gi\u00f3 Program projekt Vezet\u0151 Partnere sz\u00e1m\u00e1ra folyamatmenedzsment szolg\u00e1ltat\u00e1s c\u00edm\u0171 beszerz\u00e9s t\u00e1rgy\u00e1ban<\/strong><\/p>\n<p>A projekt beszerz\u00e9s\u00e9hez kapcsol\u00f3d\u00f3 dokumentumok (Kattintson a dokumentum nev\u00e9re a let\u00f6lt\u00e9shez!):<\/p>\n<p><a href=\"https:\/\/semmelweis.hu\/emk\/files\/2024\/06\/DIGI4CARE_ajanlatkeres_folyamatm.pdf\" target=\"_blank\" rel=\"noopener\"><strong>Aj\u00e1nlatk\u00e9r\u00e9s (folyamatmenedzsment)<\/strong><\/a><\/p>\n<p><a href=\"https:\/\/semmelweis.hu\/emk\/files\/2024\/06\/1_sz_mell_Ajanlatbekero_lap_Folyamatmenedzsment.docx\" target=\"_blank\" rel=\"noopener\"><strong>1. sz\u00e1m\u00fa mell\u00e9klet \u2013 Aj\u00e1nlatbek\u00e9r\u0151 lap<\/strong><\/a><\/p>\n<p><a href=\"https:\/\/semmelweis.hu\/emk\/files\/2024\/06\/2_sz_mell_Atlathatosagi-nyilatkozat.doc\" target=\"_blank\" rel=\"noopener\"><strong>2. sz\u00e1m\u00fa mell\u00e9klet \u2013 \u00c1tl\u00e1that\u00f3s\u00e1gi nyilatkozat<\/strong><\/a><\/p>\n<p><a href=\"https:\/\/semmelweis.hu\/emk\/files\/2024\/06\/3_sz_mell_Ajanlattevoi_nyilatkozat.docx\" target=\"_blank\" rel=\"noopener\"><strong>3. sz\u00e1m\u00fa mell\u00e9klet \u2013 Aj\u00e1nlattev\u0151i nyilatkozat<\/strong><\/a><\/p>\n<p><a href=\"https:\/\/semmelweis.hu\/emk\/files\/2024\/06\/4_sz_mell_DIGI4CARE_Folyamatm_feladatspecikacio.pdf\" target=\"_blank\" rel=\"noopener\"><strong>4. sz\u00e1m\u00fa mell\u00e9klet \u2013 Feladatspecifik\u00e1ci\u00f3<\/strong><\/a><\/p>\n","protected":false},"excerpt":{"rendered":"<p>Aj\u00e1nlati felh\u00edv\u00e1s a Semmelweis Egyetem Eg\u00e9szs\u00e9g\u00fcgyi K\u00f6zszolg\u00e1lati Kar Eg\u00e9szs\u00e9g\u00fcgyi Menedzserk\u00e9pz\u0151 K\u00f6zpontja, mint a \u201eDIGI4Care \u2013 Digital Medical technologies reshaping the DR Healthcare systems throughout the patient journeys from prevention to rehabilitation\u201d c\u00edm\u0171, DRP0200543 Duna R\u00e9gi\u00f3 Program projekt Vezet\u0151 Partnere sz\u00e1m\u00e1ra folyamatmenedzsment szolg\u00e1ltat\u00e1s c\u00edm\u0171 beszerz\u00e9s t\u00e1rgy\u00e1ban A projekt beszerz\u00e9s\u00e9hez kapcsol\u00f3d\u00f3 dokumentumok (Kattintson a dokumentum nev\u00e9re a &hellip;<\/p>\n","protected":false},"author":102350,"featured_media":22360,"comment_status":"closed","ping_status":"closed","sticky":false,"template":"","format":"standard","meta":{"_acf_changed":false,"footnotes":""},"categories":[6],"tags":[352],"class_list":["post-22355","post","type-post","status-publish","format-standard","has-post-thumbnail","hentry","category-hirek","tag-digi4care"],"acf":[],"_links":{"self":[{"href":"https:\/\/semmelweis.hu\/emk\/wp-json\/wp\/v2\/posts\/22355","targetHints":{"allow":["GET"]}}],"collection":[{"href":"https:\/\/semmelweis.hu\/emk\/wp-json\/wp\/v2\/posts"}],"about":[{"href":"https:\/\/semmelweis.hu\/emk\/wp-json\/wp\/v2\/types\/post"}],"author":[{"embeddable":true,"href":"https:\/\/semmelweis.hu\/emk\/wp-json\/wp\/v2\/users\/102350"}],"replies":[{"embeddable":true,"href":"https:\/\/semmelweis.hu\/emk\/wp-json\/wp\/v2\/comments?post=22355"}],"version-history":[{"count":6,"href":"https:\/\/semmelweis.hu\/emk\/wp-json\/wp\/v2\/posts\/22355\/revisions"}],"predecessor-version":[{"id":22369,"href":"https:\/\/semmelweis.hu\/emk\/wp-json\/wp\/v2\/posts\/22355\/revisions\/22369"}],"wp:featuredmedia":[{"embeddable":true,"href":"https:\/\/semmelweis.hu\/emk\/wp-json\/wp\/v2\/media\/22360"}],"wp:attachment":[{"href":"https:\/\/semmelweis.hu\/emk\/wp-json\/wp\/v2\/media?parent=22355"}],"wp:term":[{"taxonomy":"category","embeddable":true,"href":"https:\/\/semmelweis.hu\/emk\/wp-json\/wp\/v2\/categories?post=22355"},{"taxonomy":"post_tag","embeddable":true,"href":"https:\/\/semmelweis.hu\/emk\/wp-json\/wp\/v2\/tags?post=22355"}],"curies":[{"name":"wp","href":"https:\/\/api.w.org\/{rel}","templated":true}]}}