{"id":22254,"date":"2024-06-10T10:59:05","date_gmt":"2024-06-10T08:59:05","guid":{"rendered":"https:\/\/semmelweis.hu\/emk\/?p=22254"},"modified":"2024-06-10T10:59:38","modified_gmt":"2024-06-10T08:59:38","slug":"paradigmavaltas-az-egeszsegugyben-es-a-mesterseges-intelligencia-szerepe-a-gyogyitasban","status":"publish","type":"post","link":"https:\/\/semmelweis.hu\/emk\/2024\/06\/10\/paradigmavaltas-az-egeszsegugyben-es-a-mesterseges-intelligencia-szerepe-a-gyogyitasban\/","title":{"rendered":"Paradigmav\u00e1lt\u00e1s az eg\u00e9szs\u00e9g\u00fcgyben \u00e9s a mesters\u00e9ges intelligencia szerepe a gy\u00f3gy\u00edt\u00e1sban"},"content":{"rendered":"<p>2024. m\u00e1jus 28-\u00e1n igazgat\u00f3helyettes\u00fcnk, <strong>dr. Palicz Tam\u00e1s<\/strong> a Vil\u00e1ggazdas\u00e1g \u00e9s a Figyel\u0151 \u00e1ltal k\u00f6z\u00f6sen megrendezett, <strong><a href=\"https:\/\/rendezveny.figyelo.hu\/\" target=\"_blank\" rel=\"noopener\">Csak eg\u00e9szs\u00e9g legyen!<\/a> <\/strong>c\u00edm\u0171 eg\u00e9szs\u00e9g\u00fcgyi konferenci\u00e1n tartott el\u0151ad\u00e1st.<\/p>\n<p>Dr. Palicz Tam\u00e1s arr\u00f3l a paradigmav\u00e1lt\u00e1sr\u00f3l besz\u00e9lt, amelyet a digitaliz\u00e1ci\u00f3 megjelen\u00e9se induk\u00e1lt az eg\u00e9szs\u00e9g\u00fcgyben. Megeml\u00edtette, hogy megjelentek azok a lehet\u0151s\u00e9gek, amelyek rendszereket k\u00e9pesek \u00e1talak\u00edtani, mint p\u00e9ld\u00e1ul a robotika, a szenzorok, a nagy sebess\u00e9g\u0171 h\u00e1l\u00f3zati kommunik\u00e1ci\u00f3 \u00e9s a mesters\u00e9ges intelligencia. Hangs\u00falyozta, hogy digit\u00e1lis transzform\u00e1ci\u00f3 lehet\u0151s\u00e9get teremt arra, hogy bizonyos eg\u00e9szs\u00e9g\u00fcgyi folyamatok, ell\u00e1t\u00e1si form\u00e1k teljesen \u00e1talakuljanak.<\/p>\n<p>Az \u00fajonnan megnevezett ell\u00e1t\u00e1si modellek \u2013 mint a telemedicina \u2013 r\u00e9v\u00e9n az adat k\u00f6zlekedik a rendszerben, \u00faj betegutak, \u00faj ell\u00e1t\u00e1si form\u00e1k alakulnak ki, \u00faj tud\u00e1s keletkezik. A digit\u00e1lis transzform\u00e1ci\u00f3 \u00faj kompetenci\u00e1kat is ig\u00e9nyel, ezeket oktatni kell az eg\u00e9szs\u00e9g\u00fcgyi k\u00e9pz\u00e9sben, de erre m\u00e9g nem vagyunk teljesen felk\u00e9sz\u00fclve \u2013 tette hozz\u00e1.<\/p>\n<p>\u00c1talakulnak a feladatok, m\u00e1st kell v\u00e9geznie az orvosnak, az \u00e1pol\u00f3nak, az adminisztr\u00e1ci\u00f3nak. A digitaliz\u00e1ci\u00f3 egy\u00fctt j\u00e1r a dehumaniz\u00e1ci\u00f3val is, de a c\u00e9l az, hogy ink\u00e1bb \u201erehumaniz\u00e1ci\u00f3\u201d t\u00f6rt\u00e9njen, azaz a technol\u00f3gia v\u00e9gezze el az adatelemz\u0151, adminisztr\u00e1ci\u00f3s feladatokat, az orvos \u00e9s az \u00e1pol\u00f3 pedig foglalkozzon a beteggel.<\/p>\n<p>Besz\u00e9lt az MI <a href=\"https:\/\/97febb0d.sibforms.com\/serve\/MUIFACFhqhGmy5b6Ch0mBP3tLWc10_WMEqcUQv1V0hs7Mp1-Z0er1oRwPe2CsYCuaqd5rbKEOb28MLFnhY2406-KF-HMHf1EEZCLGSwoVOcC2isakYEqpbK2yo14Q8w0se6ImIFZEaLaxBlm_e1V8Ub4RwZhENWKOAFvZNANREnzoXtMIYQ_Iqtzi8foUwopAND8fURb7D9GpTWr\" target=\"_blank\" rel=\"noopener\">(mesters\u00e9ges intelligencia<\/a>) fogalmair\u00f3l, a fel\u00fcgyelt tanul\u00e1sr\u00f3l, amely jellemz\u0151en megjelenik az eg\u00e9szs\u00e9g\u00fcgyben is. Ismertette a <a href=\"https:\/\/semmelweis.hu\/adatvezerelt-egeszseg\/\" target=\"_blank\" rel=\"noopener\">Nemzeti Laborat\u00f3rium<\/a> munk\u00e1j\u00e1t, amely a magyar adatokkal, magyar adattudom\u00e1nyi szakemberekkel n\u00e9peg\u00e9szs\u00e9g\u00fcgyi probl\u00e9m\u00e1kon \u2013 vastagb\u00e9ldaganat \u00e9s eml\u0151r\u00e1ksz\u0171r\u00e9s \u2013 dolgoznak.<\/p>\n<p>Z\u00e1r\u00f3gondolatk\u00e9nt kiemelte annak a sz\u00fcks\u00e9gess\u00e9g\u00e9t, hogy minden innov\u00e1ci\u00f3 \u00e9p\u00fclj\u00f6n be a rendszerbe, jelenjen meg a t\u00e1rsadalomban. Hiszen akkor van \u00e9rt\u00e9ke egy fejleszt\u00e9snek, ha ezek n\u00f6velik az eg\u00e9szs\u00e9gnyeres\u00e9get, az eg\u00e9szs\u00e9gben elt\u00f6lt\u00f6tt id\u0151t.<\/p>\n<p>A besz\u00e1mol\u00f3 \u00e9s a fot\u00f3 forr\u00e1sa: <a href=\"https:\/\/figyelo.hu\/hirek\/az-orvose-a-felelosseg-mert-o-dont-nem-a-mesterseges-intelligencia-221783\/\" target=\"_blank\" rel=\"noopener\">https:\/\/figyelo.hu<\/a><\/p>\n<p><a href=\"https:\/\/semmelweis.hu\/emk\/files\/2024\/06\/Figyelo_konf_PaliczTamas.jpg\"><img loading=\"lazy\" decoding=\"async\" class=\"aligncenter wp-image-22256 size-large\" src=\"https:\/\/semmelweis.hu\/emk\/files\/2024\/06\/Figyelo_konf_PaliczTamas-1024x576.jpg\" alt=\"dr. Palicz Tam\u00e1s - Fot\u00f3: V\u00e9mi Zolt\u00e1n\/Vil\u00e1ggazdas\u00e1g\" width=\"753\" height=\"424\" srcset=\"https:\/\/semmelweis.hu\/emk\/files\/2024\/06\/Figyelo_konf_PaliczTamas-1024x576.jpg 1024w, https:\/\/semmelweis.hu\/emk\/files\/2024\/06\/Figyelo_konf_PaliczTamas-400x225.jpg 400w, https:\/\/semmelweis.hu\/emk\/files\/2024\/06\/Figyelo_konf_PaliczTamas-768x432.jpg 768w, https:\/\/semmelweis.hu\/emk\/files\/2024\/06\/Figyelo_konf_PaliczTamas-753x424.jpg 753w, https:\/\/semmelweis.hu\/emk\/files\/2024\/06\/Figyelo_konf_PaliczTamas.jpg 1200w\" sizes=\"auto, (max-width: 753px) 100vw, 753px\" \/><\/a><\/p>\n<p style=\"text-align: center\">dr. Palicz Tam\u00e1s &#8211; Fot\u00f3: V\u00e9mi Zolt\u00e1n\/Vil\u00e1ggazdas\u00e1g<\/p>\n","protected":false},"excerpt":{"rendered":"<p>2024. m\u00e1jus 28-\u00e1n igazgat\u00f3helyettes\u00fcnk, dr. Palicz Tam\u00e1s a Vil\u00e1ggazdas\u00e1g \u00e9s a Figyel\u0151 \u00e1ltal k\u00f6z\u00f6sen megrendezett, <a href=\"https:\/\/rendezveny.figyelo.hu\/\" target=\"_blank\" rel=\"noopener\">Csak eg\u00e9szs\u00e9g legyen!<\/a> c\u00edm\u0171 eg\u00e9szs\u00e9g\u00fcgyi konferenci\u00e1n tartott el\u0151ad\u00e1st. Dr. Palicz Tam\u00e1s arr\u00f3l a paradigmav\u00e1lt\u00e1sr\u00f3l besz\u00e9lt, amelyet a digitaliz\u00e1ci\u00f3 megjelen\u00e9se induk\u00e1lt az eg\u00e9szs\u00e9g\u00fcgyben. Megeml\u00edtette, hogy megjelentek azok a lehet\u0151s\u00e9gek, amelyek rendszereket k\u00e9pesek \u00e1talak\u00edtani, mint p\u00e9ld\u00e1ul a robotika, a szenzorok, a nagy sebess\u00e9g\u0171 h\u00e1l\u00f3zati kommunik\u00e1ci\u00f3 &hellip;<\/p>\n","protected":false},"author":102350,"featured_media":22256,"comment_status":"closed","ping_status":"closed","sticky":false,"template":"","format":"standard","meta":{"_acf_changed":false,"footnotes":""},"categories":[6],"tags":[348,294],"class_list":["post-22254","post","type-post","status-publish","format-standard","has-post-thumbnail","hentry","category-hirek","tag-digitalis-paradigmavaltas","tag-mesterseges-intelligencia"],"acf":[],"_links":{"self":[{"href":"https:\/\/semmelweis.hu\/emk\/wp-json\/wp\/v2\/posts\/22254","targetHints":{"allow":["GET"]}}],"collection":[{"href":"https:\/\/semmelweis.hu\/emk\/wp-json\/wp\/v2\/posts"}],"about":[{"href":"https:\/\/semmelweis.hu\/emk\/wp-json\/wp\/v2\/types\/post"}],"author":[{"embeddable":true,"href":"https:\/\/semmelweis.hu\/emk\/wp-json\/wp\/v2\/users\/102350"}],"replies":[{"embeddable":true,"href":"https:\/\/semmelweis.hu\/emk\/wp-json\/wp\/v2\/comments?post=22254"}],"version-history":[{"count":5,"href":"https:\/\/semmelweis.hu\/emk\/wp-json\/wp\/v2\/posts\/22254\/revisions"}],"predecessor-version":[{"id":22261,"href":"https:\/\/semmelweis.hu\/emk\/wp-json\/wp\/v2\/posts\/22254\/revisions\/22261"}],"wp:featuredmedia":[{"embeddable":true,"href":"https:\/\/semmelweis.hu\/emk\/wp-json\/wp\/v2\/media\/22256"}],"wp:attachment":[{"href":"https:\/\/semmelweis.hu\/emk\/wp-json\/wp\/v2\/media?parent=22254"}],"wp:term":[{"taxonomy":"category","embeddable":true,"href":"https:\/\/semmelweis.hu\/emk\/wp-json\/wp\/v2\/categories?post=22254"},{"taxonomy":"post_tag","embeddable":true,"href":"https:\/\/semmelweis.hu\/emk\/wp-json\/wp\/v2\/tags?post=22254"}],"curies":[{"name":"wp","href":"https:\/\/api.w.org\/{rel}","templated":true}]}}