{"id":22140,"date":"2024-05-16T15:34:37","date_gmt":"2024-05-16T13:34:37","guid":{"rendered":"https:\/\/semmelweis.hu\/emk\/?p=22140"},"modified":"2025-07-16T16:34:19","modified_gmt":"2025-07-16T14:34:19","slug":"10-eves-idotartamra-visszatekinto-orszagos-lakossagi-vizsgalat-a-cukorbetegseg-es-a-rak-kozotti-osszefuggesek","status":"publish","type":"post","link":"https:\/\/semmelweis.hu\/emk\/2024\/05\/16\/10-eves-idotartamra-visszatekinto-orszagos-lakossagi-vizsgalat-a-cukorbetegseg-es-a-rak-kozotti-osszefuggesek\/","title":{"rendered":"10 \u00e9ves id\u0151tartamra visszatekint\u0151, orsz\u00e1gos lakoss\u00e1gi vizsg\u00e1lat a cukorbetegs\u00e9g \u00e9s a r\u00e1k k\u00f6z\u00f6tti \u00f6sszef\u00fcgg\u00e9sekr\u0151l"},"content":{"rendered":"<p style=\"text-align: justify\">Munkat\u00e1rsainknak, <strong><a href=\"https:\/\/semmelweis.hu\/emk\/oktatas\/munkatarsak-oktatoi-csapat\/dr-safadi-helena\/\" target=\"_blank\" rel=\"noopener\">dr. Safadi Hel\u00e9n\u00e1nak<\/a>, <a href=\"https:\/\/semmelweis.hu\/emk\/oktatas\/munkatarsak-oktatoi-csapat\/dr-lam-judit\/\" target=\"_blank\" rel=\"noopener\">dr. L\u00e1m Juditnak<\/a>, <a href=\"https:\/\/semmelweis.hu\/emk\/oktatas\/munkatarsak-oktatoi-csapat\/belicza-eva-dr\/\" target=\"_blank\" rel=\"noopener\">dr. Belicza \u00c9v\u00e1nak<\/a><\/strong> \u00e9s szerz\u0151t\u00e1rsaiknak a cukorbetegs\u00e9g \u00e9s a r\u00e1k k\u00f6z\u00f6tti \u00f6sszef\u00fcgg\u00e9s\u00e9r\u0151l jelent meg k\u00f6z\u00f6s tanulm\u00e1nya a <strong>Diabetes Research and Clinical Practice<\/strong> m\u00e1jusi sz\u00e1m\u00e1ban.<\/p>\n<p style=\"text-align: justify\">A 10 \u00e9ves id\u0151tartamra visszatekint\u0151, orsz\u00e1gos lakoss\u00e1gi vizsg\u00e1lat c\u00e9lja az volt, hogy a cukorbetegs\u00e9gben szenved\u0151k k\u00f6r\u00e9ben megvizsg\u00e1lja a rosszindulat\u00fa daganatos betegs\u00e9gek kock\u00e1zat\u00e1t a cukorbetegs\u00e9gben nem szenved\u0151 lakoss\u00e1ghoz k\u00e9pest.<\/p>\n<p style=\"text-align: justify\">Az eredm\u00e9nyek alapj\u00e1n a jelenlegi sz\u0171r\u00e9si tev\u00e9kenys\u00e9gek fel\u00fclvizsg\u00e1lata, \u00e9s a cukorbetegs\u00e9gre vonatkoz\u00f3 ir\u00e1nymutat\u00e1sok kieg\u00e9sz\u00edt\u00e9se javasolt a r\u00e1kmegel\u0151z\u00e9sre vonatkoz\u00f3 aj\u00e1nl\u00e1sokkal.<\/p>\n<div class=\"fontos_div w-100\">\n<p style=\"text-align: justify\">A teljes cikk itt olvashat\u00f3: <a href=\"https:\/\/www.diabetesresearchclinicalpractice.com\/article\/S0168-8227(24)00575-8\/fulltext\" target=\"_blank\" rel=\"noopener\"><strong>Associations between diabetes and cancer: A 10-year national population-based retrospective cohort study<\/strong><\/a><\/p>\n<\/div>\n","protected":false},"excerpt":{"rendered":"<p>Munkat\u00e1rsainknak, <a href=\"https:\/\/semmelweis.hu\/emk\/oktatas\/munkatarsak-oktatoi-csapat\/dr-safadi-helena\/\" target=\"_blank\" rel=\"noopener\">dr. Safadi Hel\u00e9n\u00e1nak<\/a> , <a href=\"https:\/\/semmelweis.hu\/emk\/oktatas\/munkatarsak-oktatoi-csapat\/dr-lam-judit\/\" target=\"_blank\" rel=\"noopener\">dr. L\u00e1m Juditnak<\/a> , <a href=\"https:\/\/semmelweis.hu\/emk\/oktatas\/munkatarsak-oktatoi-csapat\/belicza-eva-dr\/\" target=\"_blank\" rel=\"noopener\">dr. Belicza \u00c9v\u00e1nak<\/a> \u00e9s szerz\u0151t\u00e1rsaiknak a cukorbetegs\u00e9g \u00e9s a r\u00e1k k\u00f6z\u00f6tti \u00f6sszef\u00fcgg\u00e9s\u00e9r\u0151l jelent meg k\u00f6z\u00f6s tanulm\u00e1nya a Diabetes Research and Clinical Practice m\u00e1jusi sz\u00e1m\u00e1ban. A 10 \u00e9ves id\u0151tartamra visszatekint\u0151, orsz\u00e1gos lakoss\u00e1gi vizsg\u00e1lat c\u00e9lja az volt, hogy a cukorbetegs\u00e9gben szenved\u0151k k\u00f6r\u00e9ben megvizsg\u00e1lja a rosszindulat\u00fa daganatos betegs\u00e9gek kock\u00e1zat\u00e1t a cukorbetegs\u00e9gben nem szenved\u0151 lakoss\u00e1ghoz k\u00e9pest. Az eredm\u00e9nyek alapj\u00e1n &hellip;<\/p>\n","protected":false},"author":102350,"featured_media":22143,"comment_status":"closed","ping_status":"closed","sticky":false,"template":"","format":"standard","meta":{"_acf_changed":false,"footnotes":""},"categories":[6],"tags":[338,340,113],"class_list":["post-22140","post","type-post","status-publish","format-standard","has-post-thumbnail","hentry","category-hirek","tag-cukorbetegseg","tag-daganatos-betegsegek","tag-kutatas"],"acf":[],"_links":{"self":[{"href":"https:\/\/semmelweis.hu\/emk\/wp-json\/wp\/v2\/posts\/22140","targetHints":{"allow":["GET"]}}],"collection":[{"href":"https:\/\/semmelweis.hu\/emk\/wp-json\/wp\/v2\/posts"}],"about":[{"href":"https:\/\/semmelweis.hu\/emk\/wp-json\/wp\/v2\/types\/post"}],"author":[{"embeddable":true,"href":"https:\/\/semmelweis.hu\/emk\/wp-json\/wp\/v2\/users\/102350"}],"replies":[{"embeddable":true,"href":"https:\/\/semmelweis.hu\/emk\/wp-json\/wp\/v2\/comments?post=22140"}],"version-history":[{"count":5,"href":"https:\/\/semmelweis.hu\/emk\/wp-json\/wp\/v2\/posts\/22140\/revisions"}],"predecessor-version":[{"id":25618,"href":"https:\/\/semmelweis.hu\/emk\/wp-json\/wp\/v2\/posts\/22140\/revisions\/25618"}],"wp:featuredmedia":[{"embeddable":true,"href":"https:\/\/semmelweis.hu\/emk\/wp-json\/wp\/v2\/media\/22143"}],"wp:attachment":[{"href":"https:\/\/semmelweis.hu\/emk\/wp-json\/wp\/v2\/media?parent=22140"}],"wp:term":[{"taxonomy":"category","embeddable":true,"href":"https:\/\/semmelweis.hu\/emk\/wp-json\/wp\/v2\/categories?post=22140"},{"taxonomy":"post_tag","embeddable":true,"href":"https:\/\/semmelweis.hu\/emk\/wp-json\/wp\/v2\/tags?post=22140"}],"curies":[{"name":"wp","href":"https:\/\/api.w.org\/{rel}","templated":true}]}}