{"id":21960,"date":"2024-04-11T16:54:27","date_gmt":"2024-04-11T14:54:27","guid":{"rendered":"https:\/\/semmelweis.hu\/emk\/?p=21960"},"modified":"2024-04-11T16:55:15","modified_gmt":"2024-04-11T14:55:15","slug":"kutatas-asztrocitak-nature","status":"publish","type":"post","link":"https:\/\/semmelweis.hu\/emk\/2024\/04\/11\/kutatas-asztrocitak-nature\/","title":{"rendered":"\u00daj t\u00e1vlatokat ny\u00fajt\u00f3 eredm\u00e9nyek az emberi agysz\u00f6vetekben tal\u00e1lhat\u00f3 asztrocit\u00e1k kimutat\u00e1s\u00e1r\u00f3l"},"content":{"rendered":"<p><span data-sheets-root=\"1\" data-sheets-value=\"{&quot;1&quot;:2,&quot;2&quot;:&quot;Munkat\u00e1rsunknak, Pollner P\u00e9ternek \u00e9s szerz\u0151t\u00e1rsainak, k\u00f6zt\u00fck Adorj\u00e1n Istv\u00e1nnak, Csabai Istv\u00e1nnak a Nature janu\u00e1ri sz\u00e1m\u00e1ban jelent meg k\u00f6z\u00f6s tanulm\u00e1nya, amely az emberi agysz\u00f6vetekben tal\u00e1lhat\u00f3 asztrocit\u00e1k kimutat\u00e1s\u00e1r\u00f3l sz\u00f3l. A csillag alak\u00fa form\u00e1juk alapj\u00e1n asztrocit\u00e1knak nevezett, az agym\u0171k\u00f6d\u00e9sben kritikus szereppel b\u00edr\u00f3 sejtek az agyi gliasejtek - az idegsejteket t\u00e1mogat\u00f3 \u00e9s v\u00e9d\u0151 sejtek - egyik t\u00edpus\u00e1t k\u00e9pezik. Az asztrocit\u00e1k elv\u00e1ltoz\u00e1sai neurol\u00f3giai betegs\u00e9gekkel t\u00e1rsulhatnak. Pontos \u00e9szlel\u00e9s\u00fck \u00e9s m\u00e9r\u00e9s\u00fck val\u00f3di kih\u00edv\u00e1s a kutat\u00f3k sz\u00e1m\u00e1ra. Ezt seg\u00edti el\u0151 a cikkben bemutatott \u00faj adatk\u00e9szlet. Ehhez a kutat\u00f3k digit\u00e1lis k\u00e9peket gy\u0171jt\u00f6ttek \u00f6ssze emberi agysz\u00f6vetekr\u0151l, amelyeket k\u00fcl\u00f6nleges jelz\u0151kkel festettek be. Az \u00edgy megjel\u00f6lt k\u00e9pekb\u0151l k\u00e9sz\u00edtett adatk\u00e9szlet seg\u00edthet az asztrocit\u00e1k \u00e9szlel\u00e9s\u00e9ben \u00e9s megsz\u00e1ml\u00e1l\u00e1s\u00e1ban, tov\u00e1bb\u00e1 \u00faj betegs\u00e9gek agyi mechanizmusainak meg\u00e9rt\u00e9s\u00e9ben.rnrnA kutat\u00e1s \u00faj perspekt\u00edv\u00e1kat nyit az agysejtek \u00f6sszetett viselked\u00e9s\u00e9nek meg\u00e9rt\u00e9s\u00e9ben, seg\u00edtve ezzel a neuropatol\u00f3giai vizsg\u00e1latokat \u00e9s \u00faj diagnosztikai\/ter\u00e1pi\u00e1s strat\u00e9gi\u00e1k kifejleszt\u00e9s\u00e9t neurol\u00f3giai rendelleness\u00e9gek kezel\u00e9s\u00e9ben.rnrnA teljes cikk itt olvashat\u00f3: https:\/\/www.nature.com\/articles\/s41597-024-02908-xrnrn#emk #secured #securedproject #nature&quot;}\" data-sheets-userformat=\"{&quot;2&quot;:3069,&quot;3&quot;:{&quot;1&quot;:0},&quot;5&quot;:{&quot;1&quot;:[{&quot;1&quot;:2,&quot;2&quot;:0,&quot;5&quot;:{&quot;1&quot;:2,&quot;2&quot;:0}},{&quot;1&quot;:0,&quot;2&quot;:0,&quot;3&quot;:3},{&quot;1&quot;:1,&quot;2&quot;:0,&quot;4&quot;:1}]},&quot;6&quot;:{&quot;1&quot;:[{&quot;1&quot;:2,&quot;2&quot;:0,&quot;5&quot;:{&quot;1&quot;:2,&quot;2&quot;:0}},{&quot;1&quot;:0,&quot;2&quot;:0,&quot;3&quot;:3},{&quot;1&quot;:1,&quot;2&quot;:0,&quot;4&quot;:1}]},&quot;7&quot;:{&quot;1&quot;:[{&quot;1&quot;:2,&quot;2&quot;:0,&quot;5&quot;:{&quot;1&quot;:2,&quot;2&quot;:0}},{&quot;1&quot;:0,&quot;2&quot;:0,&quot;3&quot;:3},{&quot;1&quot;:1,&quot;2&quot;:0,&quot;4&quot;:1}]},&quot;8&quot;:{&quot;1&quot;:[{&quot;1&quot;:2,&quot;2&quot;:0,&quot;5&quot;:{&quot;1&quot;:2,&quot;2&quot;:0}},{&quot;1&quot;:0,&quot;2&quot;:0,&quot;3&quot;:3},{&quot;1&quot;:1,&quot;2&quot;:0,&quot;4&quot;:1}]},&quot;9&quot;:1,&quot;10&quot;:1,&quot;11&quot;:4,&quot;12&quot;:0,&quot;14&quot;:{&quot;1&quot;:2,&quot;2&quot;:255}}\">Munkat\u00e1rsunknak, <strong>dr. Pollner P\u00e9ter<\/strong>nek \u00e9s szerz\u0151t\u00e1rsainak, k\u00f6zt\u00fck <strong>dr.<\/strong> <strong>Adorj\u00e1n Istv\u00e1n<\/strong>nak \u00e9s <strong>dr.<\/strong> <\/span><strong style=\"font-size: 1rem\">Csabai Istv\u00e1n<\/strong><span style=\"font-size: 1rem\">nak a <strong>Nature <\/strong>lapcsal\u00e1dhoz tartoz\u00f3<strong> Scientific Data <\/strong>foly\u00f3irat <\/span><span style=\"font-size: 1rem\">janu\u00e1ri sz\u00e1m\u00e1ban jelent meg k\u00f6z\u00f6s tanulm\u00e1nya, amely az emberi agysz\u00f6vetekben tal\u00e1lhat\u00f3 asztrocit\u00e1k kimutat\u00e1s\u00e1r\u00f3l sz\u00f3l. <\/span><\/p>\n<p><span style=\"font-size: 1rem\">A csillag alak\u00fa form\u00e1juk alapj\u00e1n asztrocit\u00e1knak nevezett, az agym\u0171k\u00f6d\u00e9sben kritikus szereppel b\u00edr\u00f3 sejtek az agyi gliasejtek &#8211; az idegsejteket t\u00e1mogat\u00f3 \u00e9s v\u00e9d\u0151 sejtek &#8211; egyik t\u00edpus\u00e1t k\u00e9pezik. Az asztrocit\u00e1k elv\u00e1ltoz\u00e1sai neurol\u00f3giai betegs\u00e9gekkel t\u00e1rsulhatnak. Pontos \u00e9szlel\u00e9s\u00fck \u00e9s m\u00e9r\u00e9s\u00fck val\u00f3di kih\u00edv\u00e1s a kutat\u00f3k sz\u00e1m\u00e1ra. <\/span><\/p>\n<p><span style=\"font-size: 1rem\">Ezt seg\u00edti el\u0151 a cikkben bemutatott \u00faj adatk\u00e9szlet. Ehhez a kutat\u00f3k digit\u00e1lis k\u00e9peket gy\u0171jt\u00f6ttek \u00f6ssze emberi agysz\u00f6vetekr\u0151l, amelyeket k\u00fcl\u00f6nleges jelz\u0151kkel festettek be. Az \u00edgy megjel\u00f6lt k\u00e9pekb\u0151l k\u00e9sz\u00edtett adatk\u00e9szlet seg\u00edthet az asztrocit\u00e1k \u00e9szlel\u00e9s\u00e9ben \u00e9s megsz\u00e1ml\u00e1l\u00e1s\u00e1ban, tov\u00e1bb\u00e1 \u00faj betegs\u00e9gek agyi mechanizmusainak meg\u00e9rt\u00e9s\u00e9ben.<\/span><\/p>\n<p><span data-sheets-root=\"1\" data-sheets-value=\"{&quot;1&quot;:2,&quot;2&quot;:&quot;Munkat\u00e1rsunknak, Pollner P\u00e9ternek \u00e9s szerz\u0151t\u00e1rsainak, k\u00f6zt\u00fck Adorj\u00e1n Istv\u00e1nnak, Csabai Istv\u00e1nnak a Nature janu\u00e1ri sz\u00e1m\u00e1ban jelent meg k\u00f6z\u00f6s tanulm\u00e1nya, amely az emberi agysz\u00f6vetekben tal\u00e1lhat\u00f3 asztrocit\u00e1k kimutat\u00e1s\u00e1r\u00f3l sz\u00f3l. A csillag alak\u00fa form\u00e1juk alapj\u00e1n asztrocit\u00e1knak nevezett, az agym\u0171k\u00f6d\u00e9sben kritikus szereppel b\u00edr\u00f3 sejtek az agyi gliasejtek - az idegsejteket t\u00e1mogat\u00f3 \u00e9s v\u00e9d\u0151 sejtek - egyik t\u00edpus\u00e1t k\u00e9pezik. Az asztrocit\u00e1k elv\u00e1ltoz\u00e1sai neurol\u00f3giai betegs\u00e9gekkel t\u00e1rsulhatnak. Pontos \u00e9szlel\u00e9s\u00fck \u00e9s m\u00e9r\u00e9s\u00fck val\u00f3di kih\u00edv\u00e1s a kutat\u00f3k sz\u00e1m\u00e1ra. Ezt seg\u00edti el\u0151 a cikkben bemutatott \u00faj adatk\u00e9szlet. Ehhez a kutat\u00f3k digit\u00e1lis k\u00e9peket gy\u0171jt\u00f6ttek \u00f6ssze emberi agysz\u00f6vetekr\u0151l, amelyeket k\u00fcl\u00f6nleges jelz\u0151kkel festettek be. Az \u00edgy megjel\u00f6lt k\u00e9pekb\u0151l k\u00e9sz\u00edtett adatk\u00e9szlet seg\u00edthet az asztrocit\u00e1k \u00e9szlel\u00e9s\u00e9ben \u00e9s megsz\u00e1ml\u00e1l\u00e1s\u00e1ban, tov\u00e1bb\u00e1 \u00faj betegs\u00e9gek agyi mechanizmusainak meg\u00e9rt\u00e9s\u00e9ben.rnrnA kutat\u00e1s \u00faj perspekt\u00edv\u00e1kat nyit az agysejtek \u00f6sszetett viselked\u00e9s\u00e9nek meg\u00e9rt\u00e9s\u00e9ben, seg\u00edtve ezzel a neuropatol\u00f3giai vizsg\u00e1latokat \u00e9s \u00faj diagnosztikai\/ter\u00e1pi\u00e1s strat\u00e9gi\u00e1k kifejleszt\u00e9s\u00e9t neurol\u00f3giai rendelleness\u00e9gek kezel\u00e9s\u00e9ben.rnrnA teljes cikk itt olvashat\u00f3: https:\/\/www.nature.com\/articles\/s41597-024-02908-xrnrn#emk #secured #securedproject #nature&quot;}\" data-sheets-userformat=\"{&quot;2&quot;:3069,&quot;3&quot;:{&quot;1&quot;:0},&quot;5&quot;:{&quot;1&quot;:[{&quot;1&quot;:2,&quot;2&quot;:0,&quot;5&quot;:{&quot;1&quot;:2,&quot;2&quot;:0}},{&quot;1&quot;:0,&quot;2&quot;:0,&quot;3&quot;:3},{&quot;1&quot;:1,&quot;2&quot;:0,&quot;4&quot;:1}]},&quot;6&quot;:{&quot;1&quot;:[{&quot;1&quot;:2,&quot;2&quot;:0,&quot;5&quot;:{&quot;1&quot;:2,&quot;2&quot;:0}},{&quot;1&quot;:0,&quot;2&quot;:0,&quot;3&quot;:3},{&quot;1&quot;:1,&quot;2&quot;:0,&quot;4&quot;:1}]},&quot;7&quot;:{&quot;1&quot;:[{&quot;1&quot;:2,&quot;2&quot;:0,&quot;5&quot;:{&quot;1&quot;:2,&quot;2&quot;:0}},{&quot;1&quot;:0,&quot;2&quot;:0,&quot;3&quot;:3},{&quot;1&quot;:1,&quot;2&quot;:0,&quot;4&quot;:1}]},&quot;8&quot;:{&quot;1&quot;:[{&quot;1&quot;:2,&quot;2&quot;:0,&quot;5&quot;:{&quot;1&quot;:2,&quot;2&quot;:0}},{&quot;1&quot;:0,&quot;2&quot;:0,&quot;3&quot;:3},{&quot;1&quot;:1,&quot;2&quot;:0,&quot;4&quot;:1}]},&quot;9&quot;:1,&quot;10&quot;:1,&quot;11&quot;:4,&quot;12&quot;:0,&quot;14&quot;:{&quot;1&quot;:2,&quot;2&quot;:255}}\">A kutat\u00e1s \u00faj perspekt\u00edv\u00e1kat nyit az agysejtek \u00f6sszetett viselked\u00e9s\u00e9nek meg\u00e9rt\u00e9s\u00e9ben, seg\u00edtve ezzel a neuropatol\u00f3giai vizsg\u00e1latokat \u00e9s \u00faj diagnosztikai\/ter\u00e1pi\u00e1s strat\u00e9gi\u00e1k kifejleszt\u00e9s\u00e9t neurol\u00f3giai rendelleness\u00e9gek kezel\u00e9s\u00e9ben. <\/p>\n<p>A teljes cikk<a href=\"https:\/\/www.nature.com\/articles\/s41597-024-02908-x\"> ide kattintva<\/a> olvashat\u00f3.\u00a0<br \/>\n<\/span><\/p>\n","protected":false},"excerpt":{"rendered":"<p>Munkat\u00e1rsunknak, dr. Pollner P\u00e9ternek \u00e9s szerz\u0151t\u00e1rsainak, k\u00f6zt\u00fck dr. Adorj\u00e1n Istv\u00e1nnak \u00e9s dr. Csabai Istv\u00e1nnak a Nature lapcsal\u00e1dhoz tartoz\u00f3 Scientific Data foly\u00f3irat janu\u00e1ri sz\u00e1m\u00e1ban jelent meg k\u00f6z\u00f6s tanulm\u00e1nya, amely az emberi agysz\u00f6vetekben tal\u00e1lhat\u00f3 asztrocit\u00e1k kimutat\u00e1s\u00e1r\u00f3l sz\u00f3l. A csillag alak\u00fa form\u00e1juk alapj\u00e1n asztrocit\u00e1knak nevezett, az agym\u0171k\u00f6d\u00e9sben kritikus szereppel b\u00edr\u00f3 sejtek az agyi gliasejtek &#8211; az idegsejteket t\u00e1mogat\u00f3 &hellip;<\/p>\n","protected":false},"author":102350,"featured_media":21966,"comment_status":"closed","ping_status":"closed","sticky":false,"template":"","format":"standard","meta":{"_acf_changed":false,"footnotes":""},"categories":[6],"tags":[318,320],"class_list":["post-21960","post","type-post","status-publish","format-standard","has-post-thumbnail","hentry","category-hirek","tag-secured","tag-secured-projekt"],"acf":[],"_links":{"self":[{"href":"https:\/\/semmelweis.hu\/emk\/wp-json\/wp\/v2\/posts\/21960","targetHints":{"allow":["GET"]}}],"collection":[{"href":"https:\/\/semmelweis.hu\/emk\/wp-json\/wp\/v2\/posts"}],"about":[{"href":"https:\/\/semmelweis.hu\/emk\/wp-json\/wp\/v2\/types\/post"}],"author":[{"embeddable":true,"href":"https:\/\/semmelweis.hu\/emk\/wp-json\/wp\/v2\/users\/102350"}],"replies":[{"embeddable":true,"href":"https:\/\/semmelweis.hu\/emk\/wp-json\/wp\/v2\/comments?post=21960"}],"version-history":[{"count":4,"href":"https:\/\/semmelweis.hu\/emk\/wp-json\/wp\/v2\/posts\/21960\/revisions"}],"predecessor-version":[{"id":21967,"href":"https:\/\/semmelweis.hu\/emk\/wp-json\/wp\/v2\/posts\/21960\/revisions\/21967"}],"wp:featuredmedia":[{"embeddable":true,"href":"https:\/\/semmelweis.hu\/emk\/wp-json\/wp\/v2\/media\/21966"}],"wp:attachment":[{"href":"https:\/\/semmelweis.hu\/emk\/wp-json\/wp\/v2\/media?parent=21960"}],"wp:term":[{"taxonomy":"category","embeddable":true,"href":"https:\/\/semmelweis.hu\/emk\/wp-json\/wp\/v2\/categories?post=21960"},{"taxonomy":"post_tag","embeddable":true,"href":"https:\/\/semmelweis.hu\/emk\/wp-json\/wp\/v2\/tags?post=21960"}],"curies":[{"name":"wp","href":"https:\/\/api.w.org\/{rel}","templated":true}]}}