{"id":21004,"date":"2023-08-14T11:44:31","date_gmt":"2023-08-14T09:44:31","guid":{"rendered":"https:\/\/semmelweis.hu\/emk\/?p=21004"},"modified":"2023-09-05T11:07:27","modified_gmt":"2023-09-05T09:07:27","slug":"betegbiztonsag-vilagnap-es-ime-infekciokontroll-es-betegbiztonsag-konferencia","status":"publish","type":"post","link":"https:\/\/semmelweis.hu\/emk\/2023\/08\/14\/betegbiztonsag-vilagnap-es-ime-infekciokontroll-es-betegbiztonsag-konferencia\/","title":{"rendered":"BETEGBIZTONS\u00c1G VIL\u00c1GNAP \u00c9S IME INFEKCI\u00d3KONTROLL \u00c9S BETEGBIZTONS\u00c1G KONFERENCIA"},"content":{"rendered":"<div>\n<p><strong>Ebben az \u00e9vben az\u00a0IME Infekci\u00f3kontroll \u00e9s betegbiztons\u00e1g konferenci\u00e1t a WHO Betegbiztons\u00e1g vil\u00e1gnap konferenci\u00e1val \u00f6sszevontan rendezz\u00fck meg<\/strong>, <strong>szeptember 18-\u00e1n \u00e9s 19-\u00e9n a budapesti Radisson Blu B\u00e9ke Hotelben.<\/strong><\/p>\n<p><a href=\"https:\/\/45xf8.r.a.d.sendibm1.com\/mk\/cl\/f\/sh\/6rqJfgq8dINmOJqnJg1QqNyLg5S\/q34HbalT4OzD\" target=\"_blank\" rel=\"noopener\">A konferencia programja \u00e9s regisztr\u00e1ci\u00f3<\/a><\/p>\n<p>A WHO 2023-ban a vil\u00e1gnap k\u00f6zponti t\u00e9m\u00e1jak\u00e9nt a beteg \u00e9s a csal\u00e1d bevon\u00e1sa k\u00e9rd\u00e9sk\u00f6rt jel\u00f6lte meg.<\/p>\n<\/div>\n<div>\u00cdgy t\u00e9m\u00e1ink k\u00f6z\u00e9 tartoznak:<\/div>\n<div>\u2022 a betegoktat\u00e1s gyakorlata \u00e9s tapasztalatai<br \/>\n\u2022 a betegek, hozz\u00e1tartoz\u00f3k bevon\u00e1sa az ell\u00e1t\u00e1sra vonatkoz\u00f3 d\u00f6nt\u00e9sek meghozatal\u00e1ba<br \/>\n\u2022 a betegek, hozz\u00e1tartoz\u00f3k szerepe az ell\u00e1t\u00e1s folyamat\u00e1ban<br \/>\n\u2022 digit\u00e1lis megold\u00e1sok a betegek, hozz\u00e1tartoz\u00f3k bevon\u00e1sa \u00e9rdek\u00e9ben<\/div>\n<div>\u00a0<\/div>\n<div>A WHO t\u00e1mogat\u00e1sa j\u00f3volt\u00e1b\u00f3l az els\u0151 nap programja ingyenes.<\/div>\n<div>\u00a0<\/div>\n<div>A 2. konferencianap programj\u00e1b\u00f3l:<br \/>\n\u2022 infekci\u00f3kontroll j\u00f3gyakorlatok<br \/>\n\u2022 telemedicina megold\u00e1sok<br \/>\n\u2022 mesters\u00e9ges t\u00e1pl\u00e1l\u00e1s<br \/>\n\u2022 gy\u00f3gyszeralkalmaz\u00e1s<br \/>\n\u2022 egy\u00e9b betegbiztons\u00e1gi kock\u00e1zatok kezel\u00e9se<\/div>\n<div>\u00a0<\/div>\n<div><strong>A k\u00e9tnapos rendezv\u00e9ny a NEVES Egyes\u00fclet, a WHO Magyarorsz\u00e1gi Irod\u00e1ja, az Eg\u00e9szs\u00e9g\u00fcgyi Menedzserk\u00e9pz\u0151 K\u00f6zpont, a Magyar Eg\u00e9szs\u00e9g\u00fcgyi Menedzsment T\u00e1rsas\u00e1g \u00e9s az IME k\u00f6z\u00f6s szervez\u00e9s\u00e9ben val\u00f3sul meg.<\/strong><\/div>\n<div>\u00a0<\/div>\n<p><a href=\"https:\/\/semmelweis.hu\/emk\/files\/2023\/09\/IME_2napos_szept_18-19_javitott.png\"><img loading=\"lazy\" decoding=\"async\" class=\"alignnone wp-image-21058 size-full\" src=\"https:\/\/semmelweis.hu\/emk\/files\/2023\/09\/IME_2napos_szept_18-19_javitott.png\" alt=\"\" width=\"1024\" height=\"885\" srcset=\"https:\/\/semmelweis.hu\/emk\/files\/2023\/09\/IME_2napos_szept_18-19_javitott.png 1024w, https:\/\/semmelweis.hu\/emk\/files\/2023\/09\/IME_2napos_szept_18-19_javitott-400x346.png 400w, https:\/\/semmelweis.hu\/emk\/files\/2023\/09\/IME_2napos_szept_18-19_javitott-768x664.png 768w, https:\/\/semmelweis.hu\/emk\/files\/2023\/09\/IME_2napos_szept_18-19_javitott-753x651.png 753w\" sizes=\"auto, (max-width: 1024px) 100vw, 1024px\" \/><\/a><\/p>\n<p>&nbsp;<\/p>\n<div>\u00a0<\/div>\n<div>\u00a0<\/div>\n","protected":false},"excerpt":{"rendered":"<p>Ebben az \u00e9vben az\u00a0IME Infekci\u00f3kontroll \u00e9s betegbiztons\u00e1g konferenci\u00e1t a WHO Betegbiztons\u00e1g vil\u00e1gnap konferenci\u00e1val \u00f6sszevontan rendezz\u00fck meg, szeptember 18-\u00e1n \u00e9s 19-\u00e9n a budapesti Radisson Blu B\u00e9ke Hotelben. <a href=\"https:\/\/45xf8.r.a.d.sendibm1.com\/mk\/cl\/f\/sh\/6rqJfgq8dINmOJqnJg1QqNyLg5S\/q34HbalT4OzD\" target=\"_blank\" rel=\"noopener\">A konferencia programja \u00e9s regisztr\u00e1ci\u00f3<\/a> A WHO 2023-ban a vil\u00e1gnap k\u00f6zponti t\u00e9m\u00e1jak\u00e9nt a beteg \u00e9s a csal\u00e1d bevon\u00e1sa k\u00e9rd\u00e9sk\u00f6rt jel\u00f6lte meg. \u00cdgy t\u00e9m\u00e1ink k\u00f6z\u00e9 tartoznak: \u2022 a betegoktat\u00e1s gyakorlata \u00e9s tapasztalatai \u2022 a betegek, &hellip;<\/p>\n","protected":false},"author":101539,"featured_media":21058,"comment_status":"closed","ping_status":"closed","sticky":false,"template":"","format":"standard","meta":{"_acf_changed":false,"footnotes":""},"categories":[6],"tags":[],"class_list":["post-21004","post","type-post","status-publish","format-standard","has-post-thumbnail","hentry","category-hirek"],"acf":[],"_links":{"self":[{"href":"https:\/\/semmelweis.hu\/emk\/wp-json\/wp\/v2\/posts\/21004","targetHints":{"allow":["GET"]}}],"collection":[{"href":"https:\/\/semmelweis.hu\/emk\/wp-json\/wp\/v2\/posts"}],"about":[{"href":"https:\/\/semmelweis.hu\/emk\/wp-json\/wp\/v2\/types\/post"}],"author":[{"embeddable":true,"href":"https:\/\/semmelweis.hu\/emk\/wp-json\/wp\/v2\/users\/101539"}],"replies":[{"embeddable":true,"href":"https:\/\/semmelweis.hu\/emk\/wp-json\/wp\/v2\/comments?post=21004"}],"version-history":[{"count":10,"href":"https:\/\/semmelweis.hu\/emk\/wp-json\/wp\/v2\/posts\/21004\/revisions"}],"predecessor-version":[{"id":21059,"href":"https:\/\/semmelweis.hu\/emk\/wp-json\/wp\/v2\/posts\/21004\/revisions\/21059"}],"wp:featuredmedia":[{"embeddable":true,"href":"https:\/\/semmelweis.hu\/emk\/wp-json\/wp\/v2\/media\/21058"}],"wp:attachment":[{"href":"https:\/\/semmelweis.hu\/emk\/wp-json\/wp\/v2\/media?parent=21004"}],"wp:term":[{"taxonomy":"category","embeddable":true,"href":"https:\/\/semmelweis.hu\/emk\/wp-json\/wp\/v2\/categories?post=21004"},{"taxonomy":"post_tag","embeddable":true,"href":"https:\/\/semmelweis.hu\/emk\/wp-json\/wp\/v2\/tags?post=21004"}],"curies":[{"name":"wp","href":"https:\/\/api.w.org\/{rel}","templated":true}]}}