{"id":20589,"date":"2023-03-21T09:19:59","date_gmt":"2023-03-21T08:19:59","guid":{"rendered":"https:\/\/semmelweis.hu\/emk\/?p=20589"},"modified":"2023-03-21T09:22:41","modified_gmt":"2023-03-21T08:22:41","slug":"kikazok-uj-podcast-a-szocialis-szakmarol","status":"publish","type":"post","link":"https:\/\/semmelweis.hu\/emk\/2023\/03\/21\/kikazok-uj-podcast-a-szocialis-szakmarol\/","title":{"rendered":"KIKAZOK \u2013 \u00faj podcast a szoci\u00e1lis szakm\u00e1r\u00f3l"},"content":{"rendered":"<p>Az \u00faj podcast c\u00edme a sokszor hallott mondat kezdet\u00e9b\u0151l \u00e1llt \u00f6ssze: \u201eKik azok a szoci\u00e1lisok?\u201d<\/p>\n<p>A besz\u00e9lget\u0151m\u0171sor c\u00e9lja a szoci\u00e1lis szakma, gondolkod\u00e1s, a szoci\u00e1lis innov\u00e1ci\u00f3 \u00e9s v\u00e1ltoz\u00e1s szemsz\u00f6g\u00e9b\u0151l r\u00e1tekinteni dolgainkra, haz\u00e1nk \u00e9s a vil\u00e1g t\u00f6rt\u00e9n\u00e9seire, folyamataira. Ehhez ismert \u00e9s kev\u00e9sb\u00e9 ismert szakemberekkel, t\u00e1mogat\u00f3kkal \u00e9s nem szakmabeli \u00e9rdekl\u0151d\u0151kkel besz\u00e9lget\u00fcnk saj\u00e1t p\u00e1ly\u00e1juk \u00e9s adott aktualit\u00e1sok kapcs\u00e1n.<\/p>\n<p>Az els\u0151 k\u00e9t ad\u00e1s vend\u00e9gei voltak:<\/p>\n<ul>\n<li>Szab\u00f3n\u00e9 Varga Val\u00e9ria, a Szoci\u00e1lis Szakmai K\u00f6z\u00f6ss\u00e9g Egyes\u00fclet eln\u00f6ke<\/li>\n<li>Kothencz J\u00e1nos, a Szent \u00c1gota Gyermekv\u00e9delmi Szolg\u00e1ltat\u00f3 f\u0151igazgat\u00f3ja<\/li>\n<\/ul>\n<p>A podcast a Szoci\u00e1lis Szakmai K\u00f6z\u00f6ss\u00e9g Egyes\u00fclet \u00e9s a Semmelweis Egyetem Szoci\u00e1lis Vezet\u0151k\u00e9pz\u0151 Tud\u00e1sk\u00f6zpont egy\u00fcttm\u0171k\u00f6d\u00e9s\u00e9vel j\u00f6tt l\u00e9tre.<\/p>\n<p>Felel\u0151s szerkeszt\u0151 \u00e9s legt\u00f6bbsz\u00f6r m\u0171sorvezet\u0151: dr. Nyitrai Imre.<\/p>\n<p>A podcast el\u00e9rhet\u0151 a legn\u00e9pszer\u0171bb platformokon (YouTube, iTunes, Google Podcast, Spotify, Player FM, Amazon, Deezer stb.), valamint a SZOSZAK honlapj\u00e1n: <a href=\"https:\/\/www.szoszak.eu\/?fbclid=IwAR3nTKiH974Jz2jNXzk-V_5NZG28TIZSBUjNVAz4Y9LBO7ek51loPdVLsuo\">http:\/\/www.szoszak.eu\/<\/a>.<\/p>\n","protected":false},"excerpt":{"rendered":"<p>Az \u00faj podcast c\u00edme a sokszor hallott mondat kezdet\u00e9b\u0151l \u00e1llt \u00f6ssze: \u201eKik azok a szoci\u00e1lisok?\u201d A besz\u00e9lget\u0151m\u0171sor c\u00e9lja a szoci\u00e1lis szakma, gondolkod\u00e1s, a szoci\u00e1lis innov\u00e1ci\u00f3 \u00e9s v\u00e1ltoz\u00e1s szemsz\u00f6g\u00e9b\u0151l r\u00e1tekinteni dolgainkra, haz\u00e1nk \u00e9s a vil\u00e1g t\u00f6rt\u00e9n\u00e9seire, folyamataira. Ehhez ismert \u00e9s kev\u00e9sb\u00e9 ismert szakemberekkel, t\u00e1mogat\u00f3kkal \u00e9s nem szakmabeli \u00e9rdekl\u0151d\u0151kkel besz\u00e9lget\u00fcnk saj\u00e1t p\u00e1ly\u00e1juk \u00e9s adott aktualit\u00e1sok kapcs\u00e1n. Az &hellip;<\/p>\n","protected":false},"author":101539,"featured_media":20594,"comment_status":"closed","ping_status":"closed","sticky":false,"template":"","format":"standard","meta":{"_acf_changed":false,"footnotes":""},"categories":[6],"tags":[],"class_list":["post-20589","post","type-post","status-publish","format-standard","has-post-thumbnail","hentry","category-hirek"],"acf":[],"_links":{"self":[{"href":"https:\/\/semmelweis.hu\/emk\/wp-json\/wp\/v2\/posts\/20589","targetHints":{"allow":["GET"]}}],"collection":[{"href":"https:\/\/semmelweis.hu\/emk\/wp-json\/wp\/v2\/posts"}],"about":[{"href":"https:\/\/semmelweis.hu\/emk\/wp-json\/wp\/v2\/types\/post"}],"author":[{"embeddable":true,"href":"https:\/\/semmelweis.hu\/emk\/wp-json\/wp\/v2\/users\/101539"}],"replies":[{"embeddable":true,"href":"https:\/\/semmelweis.hu\/emk\/wp-json\/wp\/v2\/comments?post=20589"}],"version-history":[{"count":2,"href":"https:\/\/semmelweis.hu\/emk\/wp-json\/wp\/v2\/posts\/20589\/revisions"}],"predecessor-version":[{"id":20593,"href":"https:\/\/semmelweis.hu\/emk\/wp-json\/wp\/v2\/posts\/20589\/revisions\/20593"}],"wp:featuredmedia":[{"embeddable":true,"href":"https:\/\/semmelweis.hu\/emk\/wp-json\/wp\/v2\/media\/20594"}],"wp:attachment":[{"href":"https:\/\/semmelweis.hu\/emk\/wp-json\/wp\/v2\/media?parent=20589"}],"wp:term":[{"taxonomy":"category","embeddable":true,"href":"https:\/\/semmelweis.hu\/emk\/wp-json\/wp\/v2\/categories?post=20589"},{"taxonomy":"post_tag","embeddable":true,"href":"https:\/\/semmelweis.hu\/emk\/wp-json\/wp\/v2\/tags?post=20589"}],"curies":[{"name":"wp","href":"https:\/\/api.w.org\/{rel}","templated":true}]}}