{"id":20308,"date":"2023-01-20T16:17:25","date_gmt":"2023-01-20T15:17:25","guid":{"rendered":"https:\/\/semmelweis.hu\/emk\/?p=20308"},"modified":"2023-01-20T16:18:11","modified_gmt":"2023-01-20T15:18:11","slug":"mar-elerheto-a-jadecare-projekt-harmadik-hirlevele","status":"publish","type":"post","link":"https:\/\/semmelweis.hu\/emk\/2023\/01\/20\/mar-elerheto-a-jadecare-projekt-harmadik-hirlevele\/","title":{"rendered":"M\u00e1r el\u00e9rhet\u0151 a JADECARE projekt harmadik h\u00edrlevele"},"content":{"rendered":"<p>Az Eg\u00e9szs\u00e9g\u00fcgyi Menedzserk\u00e9pz\u0151 K\u00f6zpont akt\u00edv k\u00f6zrem\u0171k\u00f6d\u00e9s\u00e9vel zajl\u00f3\u00a0<a href=\"https:\/\/www.jadecare.eu\/\">JADECARE<\/a>\u00a0projekt a tapasztalatok \u00e9s j\u00f3gyakorlatok megoszt\u00e1s\u00e1val t\u00e1mogatja az eur\u00f3pai orsz\u00e1gokat eg\u00e9szs\u00e9g\u00fcgyi rendszereik meg\u00faj\u00edt\u00e1s\u00e1ban, hogy azok innovat\u00edvabbak, hat\u00e9konyabbak \u00e9s fenntarthat\u00f3bbak legyenek.<\/p>\n<p>A projektben 16 orsz\u00e1gb\u00f3l \u00f6sszesen 45 szervezet vesz r\u00e9szt. Az egy\u00fcttes fell\u00e9p\u00e9s c\u00e9lja, hogy az EU Bizotts\u00e1g \u00e9s a tag\u00e1llamok \u00e1ltal k\u00f6z\u00f6sen kiv\u00e1lasztott \u2013 a digitaliz\u00e1l\u00e1ssal lehet\u0151v\u00e9 v\u00e1l\u00f3 integr\u00e1lt szem\u00e9lyk\u00f6zpont\u00fa ell\u00e1t\u00e1s megval\u00f3s\u00edt\u00e1s\u00e1r\u00f3l sz\u00f3l\u00f3 \u2013 4 j\u00f3gyakorlat tapasztalatait \u00e9s megold\u00e1sait r\u00e9szben, vagy eg\u00e9szben \u00e1tvegy\u00e9k a tag\u00e1llamok az al\u00e1bbi ter\u00fcleteken megval\u00f3sul\u00f3 fejleszt\u00e9seken kereszt\u00fcl:<\/p>\n<ul>\n<li>A megl\u00e9v\u0151 ell\u00e1t\u00e1si form\u00e1k \u00e1tszervez\u00e9se, v\u00e1ltoz\u00e1skezel\u00e9s;<\/li>\n<li>A digit\u00e1lis technol\u00f3gi\u00e1k \u00e9s eszk\u00f6z\u00f6k be\u00e9p\u00edt\u00e9se az ell\u00e1t\u00e1si szolg\u00e1ltat\u00e1sokba;<\/li>\n<li>A betegutak \u00fajraszervez\u00e9se;<\/li>\n<li>Az eg\u00e9szs\u00e9g\u00fcgyi munkaer\u0151 szerep\u00e9nek \u00e9s sz\u00fcks\u00e9ges k\u00e9szs\u00e9geinek \u00fajragondol\u00e1sa a digit\u00e1lis technol\u00f3gi\u00e1k \u00e9s adatok t\u00fckr\u00e9ben;<\/li>\n<li>Kapacit\u00e1steremt\u00e9s az ell\u00e1t\u00e1si folyamatban val\u00f3 egy\u00e9ni \u00e9s k\u00f6z\u00f6ss\u00e9gi szint\u0171 fokozott r\u00e9szv\u00e9tel \u00e9rdek\u00e9ben;<\/li>\n<li>A lakoss\u00e1g \u00e9rz\u00e9keny\u00edt\u00e9se;<\/li>\n<li>A beteg \u00e1ltal jelentett adatok felhaszn\u00e1l\u00e1sa;<\/li>\n<li>\u00daj finansz\u00edroz\u00e1si, fizet\u00e9si m\u00f3dok;<\/li>\n<li>Az \u00faj ell\u00e1t\u00e1si modellek teljes\u00edtm\u00e9ny\u00e9rt\u00e9kel\u00e9se.<\/li>\n<\/ul>\n<p>Mindezek el\u00e9r\u00e9s\u00e9hez a tag\u00e1llamok 1-1 nemzeti pilotot is megval\u00f3s\u00edtanak a nemzetk\u00f6zi legjobb gyakorlatok (egyes elemeinek) \u00e1tv\u00e9tel\u00e9vel, majd f\u0151 eredm\u00e9nyterm\u00e9kk\u00e9nt \u2013 a nemzeti saj\u00e1toss\u00e1gok \u00e9s a pilotok tapasztatainak figyelembe v\u00e9tele mellett \u2013 k\u00f6z\u00f6s, uni\u00f3s szint\u0171 szakpolitikai aj\u00e1nl\u00e1st fogalmaznak meg a kiterjeszt\u00e9sre.<\/p>\n<p>A projekt tev\u00e9kenys\u00e9g\u00e9t, aktu\u00e1lis eredm\u00e9nyeit minden \u00e9rdekl\u0151d\u0151 nyomon k\u00f6vetheti a program angol nyelv\u0171 h\u00edrlevel\u00e9ben, aminek m\u00e1r a <a href=\"https:\/\/4o8k5.r.a.d.sendibm1.com\/mk\/mr\/Q9zoVwI48UphlAQvKzJGuq8G_qoZMMAy9uWLf3yfv3ad1uyTqIj4-42g45PkK39h2IxsnOXGnYlr1ZPindQ_6qxmxCY67J6PulkVW4VItFnv2EtrAcnV2oGJ9Re-j66VaD-pGsI\">harmadik\u00a0sz\u00e1ma<\/a> is el\u00e9rhet\u0151.<\/p>\n<p><a href=\"https:\/\/lnkd.in\/dyTWCvdg\">FELIRATKOZ\u00c1S A H\u00cdRLEV\u00c9LRE<\/a><\/p>\n<p>B\u0151vebb inform\u00e1ci\u00f3 a programr\u00f3l a\u00a0<a href=\"https:\/\/www.jadecare.eu\/\">projekt honlapj\u00e1n<\/a>\u00a0olvashat\u00f3.<\/p>\n<p><a href=\"https:\/\/semmelweis.hu\/emk\/files\/2022\/08\/jadecare_logo.jpg\"><img loading=\"lazy\" decoding=\"async\" class=\"alignnone wp-image-19989 size-large\" src=\"https:\/\/semmelweis.hu\/emk\/files\/2022\/08\/jadecare_logo-1024x307.jpg\" alt=\"\" width=\"753\" height=\"226\" srcset=\"https:\/\/semmelweis.hu\/emk\/files\/2022\/08\/jadecare_logo-1024x307.jpg 1024w, https:\/\/semmelweis.hu\/emk\/files\/2022\/08\/jadecare_logo-400x120.jpg 400w, https:\/\/semmelweis.hu\/emk\/files\/2022\/08\/jadecare_logo-768x230.jpg 768w, https:\/\/semmelweis.hu\/emk\/files\/2022\/08\/jadecare_logo-1536x461.jpg 1536w, https:\/\/semmelweis.hu\/emk\/files\/2022\/08\/jadecare_logo-753x226.jpg 753w, https:\/\/semmelweis.hu\/emk\/files\/2022\/08\/jadecare_logo.jpg 2000w\" sizes=\"auto, (max-width: 753px) 100vw, 753px\" \/><\/a><\/p>\n","protected":false},"excerpt":{"rendered":"<p>Az Eg\u00e9szs\u00e9g\u00fcgyi Menedzserk\u00e9pz\u0151 K\u00f6zpont akt\u00edv k\u00f6zrem\u0171k\u00f6d\u00e9s\u00e9vel zajl\u00f3\u00a0 <a href=\"https:\/\/www.jadecare.eu\/\">JADECARE<\/a> \u00a0projekt a tapasztalatok \u00e9s j\u00f3gyakorlatok megoszt\u00e1s\u00e1val t\u00e1mogatja az eur\u00f3pai orsz\u00e1gokat eg\u00e9szs\u00e9g\u00fcgyi rendszereik meg\u00faj\u00edt\u00e1s\u00e1ban, hogy azok innovat\u00edvabbak, hat\u00e9konyabbak \u00e9s fenntarthat\u00f3bbak legyenek. A projektben 16 orsz\u00e1gb\u00f3l \u00f6sszesen 45 szervezet vesz r\u00e9szt. Az egy\u00fcttes fell\u00e9p\u00e9s c\u00e9lja, hogy az EU Bizotts\u00e1g \u00e9s a tag\u00e1llamok \u00e1ltal k\u00f6z\u00f6sen kiv\u00e1lasztott \u2013 a digitaliz\u00e1l\u00e1ssal lehet\u0151v\u00e9 v\u00e1l\u00f3 &hellip;<\/p>\n","protected":false},"author":101539,"featured_media":19989,"comment_status":"closed","ping_status":"closed","sticky":false,"template":"","format":"standard","meta":{"_acf_changed":false,"footnotes":""},"categories":[6],"tags":[],"class_list":["post-20308","post","type-post","status-publish","format-standard","has-post-thumbnail","hentry","category-hirek"],"acf":[],"_links":{"self":[{"href":"https:\/\/semmelweis.hu\/emk\/wp-json\/wp\/v2\/posts\/20308","targetHints":{"allow":["GET"]}}],"collection":[{"href":"https:\/\/semmelweis.hu\/emk\/wp-json\/wp\/v2\/posts"}],"about":[{"href":"https:\/\/semmelweis.hu\/emk\/wp-json\/wp\/v2\/types\/post"}],"author":[{"embeddable":true,"href":"https:\/\/semmelweis.hu\/emk\/wp-json\/wp\/v2\/users\/101539"}],"replies":[{"embeddable":true,"href":"https:\/\/semmelweis.hu\/emk\/wp-json\/wp\/v2\/comments?post=20308"}],"version-history":[{"count":2,"href":"https:\/\/semmelweis.hu\/emk\/wp-json\/wp\/v2\/posts\/20308\/revisions"}],"predecessor-version":[{"id":20310,"href":"https:\/\/semmelweis.hu\/emk\/wp-json\/wp\/v2\/posts\/20308\/revisions\/20310"}],"wp:featuredmedia":[{"embeddable":true,"href":"https:\/\/semmelweis.hu\/emk\/wp-json\/wp\/v2\/media\/19989"}],"wp:attachment":[{"href":"https:\/\/semmelweis.hu\/emk\/wp-json\/wp\/v2\/media?parent=20308"}],"wp:term":[{"taxonomy":"category","embeddable":true,"href":"https:\/\/semmelweis.hu\/emk\/wp-json\/wp\/v2\/categories?post=20308"},{"taxonomy":"post_tag","embeddable":true,"href":"https:\/\/semmelweis.hu\/emk\/wp-json\/wp\/v2\/tags?post=20308"}],"curies":[{"name":"wp","href":"https:\/\/api.w.org\/{rel}","templated":true}]}}